{"id":174835,"date":"2024-10-29T12:59:29","date_gmt":"2024-10-29T16:59:29","guid":{"rendered":"https:\/\/sportseco.com\/?p=174835"},"modified":"2024-10-29T12:59:32","modified_gmt":"2024-10-29T16:59:32","slug":"con-sabor-a-deja-vu-le-tour-2025","status":"publish","type":"post","link":"https:\/\/sportseco.com\/?p=174835","title":{"rendered":"CON SABOR A D\u00c9J\u00c0 VU. Le Tour 2025"},"content":{"rendered":"\n<ul class=\"wp-block-list\">\n<li><strong>El recorrido del Tour de Francia 2025<\/strong>, cuyos detalles ha desvelado hoy Christian Prudhomme en el Palais des Congr\u00e8s de Par\u00eds, incluye prestigiosas cumbres, como Luchon-Superbagn\u00e8res, el Mont Ventoux y el Col de la Loze, en esta ocasi\u00f3n desde el lado de Courchevel. Antes de v\u00e9rselas con estos colosos, los aspirantes al maillot amarillo tendr\u00e1n la oportunidad de marcar la diferencia en las dos contrarrelojes de la carrera, la primera en llano en Caen y la segunda desafiando la gravedad en Peyragudes.<\/li>\n\n\n\n<li>Esta 112\u00aa edici\u00f3n, cuyo itinerario discurrir\u00e1 \u00edntegramente por territorio franc\u00e9s tras el Grand D\u00e9part en Lille, rinde tambi\u00e9n homenaje a las grandes leyendas del ciclismo franc\u00e9s, desde Jean Robic hasta Laurent Fignon, pasando por Louison Bobet, Jacques Anquetil y Bernard Hinault.<\/li>\n\n\n\n<li>El Tour 2025 marcar\u00e1 adem\u00e1s el 50\u00ba aniversario del maillot de lunares, la clasificaci\u00f3n del mejor joven y la primera llegada a los Campos El\u00edseos de Par\u00eds.<\/li>\n<\/ul>\n\n\n\n<figure class=\"wp-block-image\"><a href=\"https:\/\/geo2.dailymotion.com\/player\/xbbut.html?video=k4S72codedHiQMBL1sg&amp;autoplay=1\" target=\"_blank\" rel=\"noreferrer noopener\"><img decoding=\"async\" src=\"https:\/\/img.aso.fr\/core_app\/img-cycling-tdf-jpg\/video\/61495\/0:0,1920:1080-1200-0-70\/7aee2\" alt=\"\"\/><\/a><figcaption class=\"wp-element-caption\">Parcours du Tour de France 2025<\/figcaption><\/figure>\n\n\n\n<p>\u00a1La cuesti\u00f3n era no salirse ni un mil\u00edmetro del Hex\u00e1gono! El anuncio del Grand D\u00e9part en el norte de Francia se produce tras tres ediciones lanzadas en Dinamarca, Espa\u00f1a y, m\u00e1s recientemente, Italia. La 112\u00aa edici\u00f3n de la ronda nos deleitar\u00e1 con 3.320 kil\u00f3metros en territorio franc\u00e9s desde el pistoletazo de salida el pr\u00f3ximo 5 de julio en la Esplanade du Champs de Mars en Lille hasta la meta final del 27 de julio en un escenario que sabe a d\u00e9j\u00e0 vu pues ser\u00e1 la 50\u00aa ocasi\u00f3n que el pelot\u00f3n culmine su gesta en la avenida de los Campos El\u00edseos en Par\u00eds. Este aniversario no es exclusivo de la meta, pues 1975 marc\u00f3 tambi\u00e9n la irrupci\u00f3n del maillot de lunares en el Tour y la clasificaci\u00f3n del mejor joven, con su caracter\u00edstico maillot blanco. Estos aniversarios aspiran a su vez a rendir tributo a las grandes leyendas del ciclismo franc\u00e9s, a quienes el recorrido har\u00e1 numerosos gui\u00f1os, ofreciendo a los corredores &nbsp;oportunidades para despuntar. Tras un primer acto en el norte pensado para el lucimiento de los puncheurs en Boulogne-sur-Mer (et. 2), la carrera se adentrar\u00e1 con un ritmo igualmente trepidante en Normand\u00eda, donde los corredores pelear\u00e1n por coronarse en Rouen, tierra del m\u00edtico Jacques Anquetil (et. 4). El cap\u00edtulo siguiente llevar\u00e1 al pelot\u00f3n a escalar la Suiza normanda hasta Vire, y despejar\u00e1 toda duda, si es que a\u00fan la hab\u00eda, de la capacidad de la regi\u00f3n para acoger un etapa, con 3.500 m de desnivel positivo acumulado (et. 6).<\/p>\n\n\n\n<p>En Breta\u00f1a, el paso por Yffiniac nos recordar\u00e1 los 40 a\u00f1os transcurridos desde la \u00faltima victoria de Bernard Hinault, aunque el homenaje dar\u00e1 enseguida paso a la acci\u00f3n con la doble ascensi\u00f3n al Muro de Breta\u00f1a al final del d\u00eda (et. 7). El d\u00eda siguiente, en Saint-M\u00e9en-le-Grand, viviremos un genuino viaje al pasado, concretamente a la tercera victoria consecutiva conquistada hace 70 a\u00f1os por el h\u00e9roe local Louison Bobet. La primera semana tocar\u00e1 a su fin el 14 de julio con fuegos artificiales en la cadena de los Puys, con un r\u00e9cord de siete ascensiones de segunda categor\u00eda antes de la llegada a la estaci\u00f3n del Mont-Dore, a los pies del Puy de Sancy (et. 10). Acto seguido, el Macizo Central servir\u00e1 de calentamiento al triplete pirenaico, que arrancar\u00e1 con una etapa en direcci\u00f3n a Hautacam (et.12), seguida de una lucha contra el reloj (y la gravedad) en la ascensi\u00f3n a Peyragudes (et. 13) y, la guinda del pastel, el regreso a Luchon-Superbagn\u00e8res (et. 14), en un recorrido que reproduce al mil\u00edmetro aquel en el que Blaireau vivi\u00f3 en 1986 una primera derrota en su duelo frente a Greg LeMond.<\/p>\n\n\n\n<p>Los corredores se enfrentar\u00e1n a un segundo festival rompepiernas en la Provenza, donde los escaladores querr\u00e1n brillar en lo alto del imponente Mont Ventoux (et. 16), doce a\u00f1os despu\u00e9s de la primera meta final a los pies del observatorio. La conquista del maillot amarillo quedar\u00e1 a\u00fan lejos, pues los corredores deber\u00e1n lidiar antes con los Alpes. Les aguardar\u00e1n en total 5.500 metros de desnivel positivo en la ruta hacia el Col de la Loze, en esta ocasi\u00f3n pasando por la estaci\u00f3n de Courchevel (et. 18). Y, si la carrera sigue abierta, los correderos tendr\u00e1n a\u00fan la etapa de La Plagne (et. 19) para dar un giro de guion, al t\u00e9rmino de una ascensi\u00f3n que consagr\u00f3 en dos ocasiones a Laurent Fignon, en 1984 y en 1987. Los relieves del Jura en la carretera al Pontarlier (et. 20) no deber\u00edan hacer tambalear el podio final, ni la vuelta de la meta a los Campos El\u00edseos, donde cabe pensar que seremos testigos de una reedici\u00f3n (y revancha) de los sprints de Dunkerque (et. 3), Laval (et. 8), Ch\u00e2teauroux (et. 9), Toulouse (et. 11) o Valence (et. 17).<\/p>\n\n\n\n<p><\/p>\n\n\n\n<p>letour.fr<\/p>\n","protected":false},"excerpt":{"rendered":"<p>\u00a1La cuesti\u00f3n era no salirse ni un mil\u00edmetro del Hex\u00e1gono! El anuncio del Grand D\u00e9part en el norte de Francia se produce tras tres ediciones lanzadas en Dinamarca, Espa\u00f1a y, m\u00e1s recientemente, Italia. La 112\u00aa edici\u00f3n de la ronda nos deleitar\u00e1 con 3.320 kil\u00f3metros en territorio franc\u00e9s desde el pistoletazo de salida el pr\u00f3ximo 5 [&hellip;]<\/p>\n","protected":false},"author":1,"featured_media":174836,"comment_status":"closed","ping_status":"closed","sticky":false,"template":"","format":"standard","meta":{"_acf_changed":false,"_jetpack_memberships_contains_paid_content":false,"footnotes":"","jetpack_publicize_message":"","jetpack_publicize_feature_enabled":true,"jetpack_social_post_already_shared":true,"jetpack_social_options":{"image_generator_settings":{"template":"highway","default_image_id":0,"font":"","enabled":false},"version":2}},"categories":[1],"tags":[],"class_list":["post-174835","post","type-post","status-publish","format-standard","has-post-thumbnail","hentry","category-uncategorized"],"acf":[],"jetpack_publicize_connections":[],"jetpack_featured_media_url":"https:\/\/i0.wp.com\/sportseco.com\/wp-content\/uploads\/2024\/10\/7aee2.jpeg?fit=1200%2C675&ssl=1","jetpack_sharing_enabled":true,"_links":{"self":[{"href":"https:\/\/sportseco.com\/index.php?rest_route=\/wp\/v2\/posts\/174835","targetHints":{"allow":["GET"]}}],"collection":[{"href":"https:\/\/sportseco.com\/index.php?rest_route=\/wp\/v2\/posts"}],"about":[{"href":"https:\/\/sportseco.com\/index.php?rest_route=\/wp\/v2\/types\/post"}],"author":[{"embeddable":true,"href":"https:\/\/sportseco.com\/index.php?rest_route=\/wp\/v2\/users\/1"}],"replies":[{"embeddable":true,"href":"https:\/\/sportseco.com\/index.php?rest_route=%2Fwp%2Fv2%2Fcomments&post=174835"}],"version-history":[{"count":1,"href":"https:\/\/sportseco.com\/index.php?rest_route=\/wp\/v2\/posts\/174835\/revisions"}],"predecessor-version":[{"id":174837,"href":"https:\/\/sportseco.com\/index.php?rest_route=\/wp\/v2\/posts\/174835\/revisions\/174837"}],"wp:featuredmedia":[{"embeddable":true,"href":"https:\/\/sportseco.com\/index.php?rest_route=\/wp\/v2\/media\/174836"}],"wp:attachment":[{"href":"https:\/\/sportseco.com\/index.php?rest_route=%2Fwp%2Fv2%2Fmedia&parent=174835"}],"wp:term":[{"taxonomy":"category","embeddable":true,"href":"https:\/\/sportseco.com\/index.php?rest_route=%2Fwp%2Fv2%2Fcategories&post=174835"},{"taxonomy":"post_tag","embeddable":true,"href":"https:\/\/sportseco.com\/index.php?rest_route=%2Fwp%2Fv2%2Ftags&post=174835"}],"curies":[{"name":"wp","href":"https:\/\/api.w.org\/{rel}","templated":true}]}}