{"id":174850,"date":"2024-10-29T16:54:48","date_gmt":"2024-10-29T20:54:48","guid":{"rendered":"https:\/\/sportseco.com\/?p=174850"},"modified":"2024-10-29T16:54:55","modified_gmt":"2024-10-29T20:54:55","slug":"gran-caminata-en-el-parque-nacional-natural-farallones-de-cali-en-el-marco-de-la-cop16","status":"publish","type":"post","link":"https:\/\/sportseco.com\/?p=174850","title":{"rendered":"Gran Caminata en el Parque Nacional Natural Farallones de Cali en el marco de la COP16"},"content":{"rendered":"\n<p>En el marco de la COP16, este domingo 27 de octubre, Parques Nacionales Naturales de Colombia, la Alcald\u00eda de Cali y la Embajada de Suecia organizaron la iniciativa Caminando por los Parques, que reuni\u00f3 a delegados suecos y colombianos de alto nivel en un evento para reforzar la cooperaci\u00f3n en biodiversidad y cambio clim\u00e1tico.<\/p>\n\n\n\n<p>\u2022 Este Parque Nacional Natural de Colombia, estrella h\u00eddrica de la regi\u00f3n que suministra servicios ecosist\u00e9micos para m\u00e1s de tres millones de personas, conecta la inmensidad del Pac\u00edfico con las cumbres de las cordilleras andinas y es fundamental para la conservaci\u00f3n de la biodiversidad, ya que alberga una gran diversidad de especies end\u00e9micas, muchas de ellas en peligro de extinci\u00f3n.<\/p>\n\n\n\n<p>\u2022 En esta, su tercera edici\u00f3n, el evento busc\u00f3 generar conciencia internacional sobre la importancia de implementar estrategias conjuntas de conservaci\u00f3n entre gobiernos, organizaciones y comunidades locales para asegurar la protecci\u00f3n de los ecosistemas a largo plazo.<\/p>\n\n\n\n<p>\u2022 Durante la Caminata, la Agencia Sueca de Cooperaci\u00f3n para el Desarrollo Internacional (Asdi) present\u00f3 el acuerdo vinculaci\u00f3n a la iniciativa del BID Lab, NaturaTech LAC, que busca promover soluciones basadas en la naturaleza (SbN), innovaci\u00f3n bioecon\u00f3mica y el uso de tecnolog\u00edas emergentes, como la inteligencia artificial, para monitorear la biodiversidad y apoyar la regeneraci\u00f3n de ecosistemas cr\u00edticos en la regi\u00f3n.<\/p>\n\n\n\n<figure class=\"wp-block-image size-full\"><img data-recalc-dims=\"1\" loading=\"lazy\" decoding=\"async\" width=\"640\" height=\"360\" src=\"https:\/\/i0.wp.com\/sportseco.com\/wp-content\/uploads\/2024\/10\/DSC02049-1024x576-1.jpg?resize=640%2C360&#038;ssl=1\" alt=\"\" class=\"wp-image-174852\" srcset=\"https:\/\/i0.wp.com\/sportseco.com\/wp-content\/uploads\/2024\/10\/DSC02049-1024x576-1.jpg?w=1024&amp;ssl=1 1024w, https:\/\/i0.wp.com\/sportseco.com\/wp-content\/uploads\/2024\/10\/DSC02049-1024x576-1.jpg?resize=300%2C169&amp;ssl=1 300w, https:\/\/i0.wp.com\/sportseco.com\/wp-content\/uploads\/2024\/10\/DSC02049-1024x576-1.jpg?resize=768%2C432&amp;ssl=1 768w\" sizes=\"auto, (max-width: 640px) 100vw, 640px\" \/><\/figure>\n\n\n\n<figure class=\"wp-block-image size-full\"><img data-recalc-dims=\"1\" loading=\"lazy\" decoding=\"async\" width=\"640\" height=\"360\" src=\"https:\/\/i0.wp.com\/sportseco.com\/wp-content\/uploads\/2024\/10\/DSC02041-1024x576-1.jpg?resize=640%2C360&#038;ssl=1\" alt=\"\" class=\"wp-image-174853\" srcset=\"https:\/\/i0.wp.com\/sportseco.com\/wp-content\/uploads\/2024\/10\/DSC02041-1024x576-1.jpg?w=1024&amp;ssl=1 1024w, https:\/\/i0.wp.com\/sportseco.com\/wp-content\/uploads\/2024\/10\/DSC02041-1024x576-1.jpg?resize=300%2C169&amp;ssl=1 300w, https:\/\/i0.wp.com\/sportseco.com\/wp-content\/uploads\/2024\/10\/DSC02041-1024x576-1.jpg?resize=768%2C432&amp;ssl=1 768w\" sizes=\"auto, (max-width: 640px) 100vw, 640px\" \/><\/figure>\n\n\n\n<p><a href=\"https:\/\/www.parquesnacionales.gov.co\/wp-content\/uploads\/2024\/10\/DSC01991-1024x576.jpg\"><\/a><\/p>\n\n\n\n<p><a href=\"https:\/\/www.parquesnacionales.gov.co\/wp-content\/uploads\/2024\/10\/DSC01998-1024x576.jpg\"><\/a><\/p>\n\n\n\n<p><a href=\"https:\/\/www.parquesnacionales.gov.co\/wp-content\/uploads\/2024\/10\/DSC01999-1024x576.jpg\"><\/a><\/p>\n\n\n\n<p><a href=\"https:\/\/www.parquesnacionales.gov.co\/wp-content\/uploads\/2024\/10\/DSC02000-1024x576.jpg\"><\/a><\/p>\n\n\n\n<p><a href=\"https:\/\/www.parquesnacionales.gov.co\/wp-content\/uploads\/2024\/10\/DSC02049-1024x576.jpg\"><\/a><\/p>\n\n\n\n<p><a href=\"https:\/\/www.parquesnacionales.gov.co\/wp-content\/uploads\/2024\/10\/DSC02041-1024x576.jpg\"><\/a><\/p>\n\n\n\n<p><a href=\"https:\/\/www.parquesnacionales.gov.co\/wp-content\/uploads\/2024\/10\/DSC02018-1024x576.jpg\"><\/a><\/p>\n\n\n\n<p><a href=\"https:\/\/www.parquesnacionales.gov.co\/wp-content\/uploads\/2024\/10\/DSC02004-1024x576.jpg\"><\/a><\/p>\n\n\n\n<p>Como parte de la COP16 y en el marco de los 150 a\u00f1os de relaciones diplom\u00e1ticas entre Suecia y Colombia, la caminata en el Parque Nacional Natural Farallones de Cali, bajo la iniciativa Caminando por los Parques, reuni\u00f3 a representantes de Colombia y Suecia para subrayar el rol esencial de las \u00e1reas protegidas en la protecci\u00f3n de la biodiversidad, el suministro de servicios ecosist\u00e9micos y la construcci\u00f3n de una paz duradera con la naturaleza.<\/p>\n\n\n\n<p>La actividad cont\u00f3 con la participaci\u00f3n de Luisz Olmedo Mart\u00ednez Zamora, director de Parques Nacionales Naturales de Colombia; Helena Storm, Embajadora de Suecia en Colombia; Jakob Granit, Director de la Agencia Sueca de Cooperaci\u00f3n para el Desarrollo Internacional (Asdi); y Mabel Lara, Secretaria de Turismo de Cali. En el recorrido por el sendero Topacio, rodeados de paisajes exuberantes y especies \u00fanicas, los l\u00edderes reafirmaron el compromiso de Colombia y Suecia de trabajar conjuntamente para preservar y fortalecer las \u00e1reas protegidas como esenciales para el bienestar del planeta y de las comunidades locales.<\/p>\n\n\n\n<p><strong>Un tesoro h\u00eddrico y de biodiversidad al servicio de la regi\u00f3n<\/strong><\/p>\n\n\n\n<p>El Parque Nacional Natural Farallones de Cali, parte fundamental del Choc\u00f3 sectores productivos del suroccidente colombiano. Este parque es uno de los ecosistemas m\u00e1s ricos en biodiversidad del mundo, con selvas h\u00famedas, bosques andinos y p\u00e1ramos que albergan cientos de especies end\u00e9micas, muchas de ellas en peligro de extinci\u00f3n. Durante el evento, Luisz Olmedo Mart\u00ednez Zamora, director de Parques Nacionales Naturales de Colombia, destac\u00f3: \u201cLos Farallones de Cali son un baluarte de vida y un s\u00edmbolo de resiliencia en el coraz\u00f3n de Colombia. Conservar biodiversidad es un compromiso no solo con la regi\u00f3n, sino con el planeta, en una apuesta por la paz con la naturaleza que gu\u00eda todas nuestras acciones\u201d.<\/p>\n\n\n\n<p><strong>Asociaciones para la conservaci\u00f3n y el desarrollo sostenible<\/strong><\/p>\n\n\n\n<p>Durante la jornada, Asdi anunci\u00f3 su incorporaci\u00f3n a NaturaTech LAC, una iniciativa del BID Lab para impulsar soluciones basadas en la naturaleza, innovaci\u00f3n bioeconom\u00eda y tecnolog\u00edas avanzadas, como la inteligencia artificial, en el monitoreo y regeneraci\u00f3n de ecosistemas. Este acuerdo, que representa una inversi\u00f3n de 30 millones de coronas suecas, permitir\u00e1 integrar conocimientos locales y soluciones tecnol\u00f3gicas para restaurar \u00e1reas cr\u00edticas y apoyar los medios de vida de comunidades que dependen de estos ecosistemas.<br \/>\u201cLa biodiversidad no solo sostiene la vida en nuestro planeta, sino que es esencial para enfrentar los desaf\u00edos clim\u00e1ticos. Suecia se enorgullece de asociarse con Colombia en esta misi\u00f3n, subrayando que la conservaci\u00f3n es tambi\u00e9n una v\u00eda hacia la resiliencia de nuestras sociedades,\u201d afirm\u00f3 Jakob Granit, director<br \/>ejecutivo de Asdi.<\/p>\n\n\n\n<p><strong>Caminando hacia una paz con la naturaleza<\/strong><br \/>Caminar por los Parques se ha convertido en una plataforma para concienciar sobre el valor de las \u00e1reas protegidas y los beneficios de la cooperaci\u00f3n internacional en su preservaci\u00f3n. Esta tercera edici\u00f3n simboliza el compromiso de Colombia y Suecia con la protecci\u00f3n de los ecosistemas y el fortalecimiento de la paz con la naturaleza, y establece un modelo de conservaci\u00f3n que impulsa la participaci\u00f3n activa de todos los sectores de la sociedad.<\/p>\n\n\n\n<p><\/p>\n\n\n\n<p>parquesnacionales.gov.co<\/p>\n","protected":false},"excerpt":{"rendered":"<p>En el marco de la COP16, este domingo 27 de octubre, Parques Nacionales Naturales de Colombia, la Alcald\u00eda de Cali y la Embajada de Suecia organizaron la iniciativa Caminando por los Parques, que reuni\u00f3 a delegados suecos y colombianos de alto nivel en un evento para reforzar la cooperaci\u00f3n en biodiversidad y cambio clim\u00e1tico. \u2022 [&hellip;]<\/p>\n","protected":false},"author":1,"featured_media":174851,"comment_status":"closed","ping_status":"closed","sticky":false,"template":"","format":"standard","meta":{"_acf_changed":false,"_jetpack_memberships_contains_paid_content":false,"footnotes":"","jetpack_publicize_message":"","jetpack_publicize_feature_enabled":true,"jetpack_social_post_already_shared":true,"jetpack_social_options":{"image_generator_settings":{"template":"highway","default_image_id":0,"font":"","enabled":false},"version":2}},"categories":[6],"tags":[],"class_list":["post-174850","post","type-post","status-publish","format-standard","has-post-thumbnail","hentry","category-ecologia"],"acf":[],"jetpack_publicize_connections":[],"jetpack_featured_media_url":"https:\/\/i0.wp.com\/sportseco.com\/wp-content\/uploads\/2024\/10\/banner_web.jpg?fit=1400%2C600&ssl=1","jetpack_sharing_enabled":true,"_links":{"self":[{"href":"https:\/\/sportseco.com\/index.php?rest_route=\/wp\/v2\/posts\/174850","targetHints":{"allow":["GET"]}}],"collection":[{"href":"https:\/\/sportseco.com\/index.php?rest_route=\/wp\/v2\/posts"}],"about":[{"href":"https:\/\/sportseco.com\/index.php?rest_route=\/wp\/v2\/types\/post"}],"author":[{"embeddable":true,"href":"https:\/\/sportseco.com\/index.php?rest_route=\/wp\/v2\/users\/1"}],"replies":[{"embeddable":true,"href":"https:\/\/sportseco.com\/index.php?rest_route=%2Fwp%2Fv2%2Fcomments&post=174850"}],"version-history":[{"count":1,"href":"https:\/\/sportseco.com\/index.php?rest_route=\/wp\/v2\/posts\/174850\/revisions"}],"predecessor-version":[{"id":174854,"href":"https:\/\/sportseco.com\/index.php?rest_route=\/wp\/v2\/posts\/174850\/revisions\/174854"}],"wp:featuredmedia":[{"embeddable":true,"href":"https:\/\/sportseco.com\/index.php?rest_route=\/wp\/v2\/media\/174851"}],"wp:attachment":[{"href":"https:\/\/sportseco.com\/index.php?rest_route=%2Fwp%2Fv2%2Fmedia&parent=174850"}],"wp:term":[{"taxonomy":"category","embeddable":true,"href":"https:\/\/sportseco.com\/index.php?rest_route=%2Fwp%2Fv2%2Fcategories&post=174850"},{"taxonomy":"post_tag","embeddable":true,"href":"https:\/\/sportseco.com\/index.php?rest_route=%2Fwp%2Fv2%2Ftags&post=174850"}],"curies":[{"name":"wp","href":"https:\/\/api.w.org\/{rel}","templated":true}]}}