{"id":174890,"date":"2024-10-30T17:19:53","date_gmt":"2024-10-30T21:19:53","guid":{"rendered":"https:\/\/sportseco.com\/?p=174890"},"modified":"2024-10-30T17:19:59","modified_gmt":"2024-10-30T21:19:59","slug":"al-menos-95-muertos-tras-las-intensas-lluvias-casi-todas-en-valencia","status":"publish","type":"post","link":"https:\/\/sportseco.com\/?p=174890","title":{"rendered":"Al menos 95 muertos tras las intensas lluvias, casi todas en Valencia"},"content":{"rendered":"\n<h1 class=\"wp-block-heading\">Gobierno anuncia la declaraci\u00f3n de zona catastr\u00f3fica en las zonas arrasadas por la DANA y declara tres d\u00edas de luto oficial<\/h1>\n\n\n\n<p>Las inundaciones y crecidas de los r\u00edos en el levante espa\u00f1ol y otras regiones de Espa\u00f1a a causa de una DANA, que han dejado&nbsp;<a href=\"https:\/\/cadenaser.com\/nacional\/2024\/10\/29\/consecuencias-de-la-dana-en-espana-en-directo-ultima-hora-de-las-inundaciones-desaparecidos-y-problemas-en-los-trenes-ave-cadena-ser\/\" target=\"_blank\" rel=\"noreferrer noopener\">al menos 62 muertos<\/a>&nbsp;solo en la provincia de Valencia y dos en Castilla-La Mancha, ha desatado una ola de preocupaci\u00f3n y solidaridad entre los representantes de las instituciones y la clase pol\u00edtica espa\u00f1ola. \u00abSigo de cerca y con preocupaci\u00f3n las informaciones sobre las personas desaparecidas y los da\u00f1os causados por la DANA en las \u00faltimas horas\u00bb, dijo este martes el presidente del Gobierno, Pedro S\u00e1nchez, quien regresa de su viaje oficial a la India. \u00abTodos los servicios de emergencia, Protecci\u00f3n Civil, UME, Polic\u00eda y Guardia Civil est\u00e1n desplegados ante el temporal. Sigamos sus indicaciones. Mucha precauci\u00f3n y evitemos desplazamientos innecesarios\u00bb.<\/p>\n\n\n\n<p><img data-recalc-dims=\"1\" decoding=\"async\" src=\"https:\/\/i0.wp.com\/sdmedia.playser.cadenaser.com\/playser\/image\/202410\/30\/1730291284_still.jpg?w=640&#038;ssl=1\" alt=\"Ver v\u00eddeo \/ S\u00e1nchez promete &quot;todos los medios necesarios&quot;: &quot;Espa\u00f1a llora con vosotros&quot;\"\/><\/p>\n\n\n\n<p>A mediod\u00eda, el jefe del Ejecutivo ha convocado el comit\u00e9 de crisis en la Moncloa para el seguimiento de los efectos de la DANA. A la reuni\u00f3n asistir\u00e1n la vicepresidenta primera y ministra de Hacienda, Mar\u00eda Jes\u00fas Montero; la vicepresidenta segunda y ministra de Trabajo y Econom\u00eda Social, Yolanda D\u00edaz; la vicepresidenta tercera y ministra para la Transformaci\u00f3n Ecol\u00f3gica y el Reto Demogr\u00e1fico, Teresa Ribera; el ministro de la Presidencia, Justicia y Relaciones con las Cortes, F\u00e9lix Bola\u00f1os; el ministro del Interior, Fernando Grande-Marlaska; el ministro de Transportes y Movilidad Sostenible, \u00d3scar Puente; y el ministro de Pol\u00edtica Territorial y Memoria Democr\u00e1tica, \u00c1ngel V\u00edctor Torres.<\/p>\n\n\n\n<p>M\u00e1s informaci\u00f3n<\/p>\n\n\n\n<ul class=\"wp-block-list\">\n<li><a href=\"https:\/\/cadenaser.com\/nacional\/2024\/10\/30\/carlos-manzon-pide-a-la-poblacion-que-evite-los-desplazamientos-no-por-haber-dejado-de-llover-ha-pasado-el-riesgo-cadena-ser\/\">Carlos Maz\u00f3n pide a la poblaci\u00f3n que evite los desplazamientos: \u00abNo por haber dejado de llover ha pasado el riesgo\u00bb<\/a><\/li>\n<\/ul>\n\n\n\n<h3 class=\"wp-block-heading\">Zona catastr\u00f3fica y tres d\u00edas de luto<\/h3>\n\n\n\n<p>Angel V\u00edctor Torres ha anunciado la declaraci\u00f3n de zona catastr\u00f3fica en todas las zonas arrasadas por la Dana y tres d\u00edas de luto oficial. El ministro lo ha anunciado en una rueda de prensa posterior al Comit\u00e9 de Crisis activado en Moncloa. \u00abDeclararemos la zona altamente afectada por condiciones meteorol\u00f3gicas\u00bb, ha se\u00f1alado Torres, especificando que los d\u00edas 31 de octubre, 1 y 2 de noviembre ser\u00e1n d\u00edas de luto.<\/p>\n\n\n\n<p>Adem\u00e1s, ha instado a los ciudadanos que residen en las zonas hacia donde avanza el temporal a no salir de sus casas y no utilizar las carreteras, muchas de las cuales est\u00e1n cortadas y anegadas. Torres ha informado de que ya est\u00e1n trabajando en las zonas afectadas m\u00e1s de 1.116 efectivos de la Unidad Militar de Emergencias (UME), con 344 veh\u00edculos, helic\u00f3pteros y aviones, as\u00ed como 200 efectivos del Ej\u00e9rcito de Tierra, 750 efectivos de Guardia Civil trabajando en el lugar y unos 100 agentes de la Polic\u00eda Nacional. A estos efectivos puestos en marcha por el Gobierno se les suma adem\u00e1s los agentes de polic\u00edas municipales y auton\u00f3micos, adem\u00e1s de Protecci\u00f3n Civil, voluntarios y dem\u00e1s medios que est\u00e1n trabajando en esta situaci\u00f3n.<\/p>\n\n\n\n<p>Por otro lado, ha evitado responder al l\u00edder del PP, Alberto N\u00fa\u00f1ez Feij\u00f3o, sobre la gesti\u00f3n del Gobierno que ha criticado, y ha indicado que \u00abhabr\u00e1 momentos para responder al l\u00edder de la oposici\u00f3n, ahora le pedimos que se coloque en el lado de la soluci\u00f3n\u00bb.<\/p>\n\n\n\n<h2 class=\"wp-block-heading\">La Generalitat valenciana confirma el fallecimiento de 92 personas por la DANA. Una mujer de 88 a\u00f1os ha muerto en Mira (Cuenca) y otra en Letur (Albacete). El presidente de Andaluc\u00eda confirma un muerto en la provincia de M\u00e1laga<\/h2>\n\n\n\n<h4 class=\"wp-block-heading\">Minuto a minuto de las consecuencias de la DANA en Espa\u00f1a, en directo:<\/h4>\n\n\n\n<p><a href=\"https:\/\/cadenaser.com\/nacional\/2024\/10\/29\/consecuencias-de-la-dana-en-espana-en-directo-ultima-hora-de-las-inundaciones-desaparecidos-y-problemas-en-los-trenes-ave-cadena-ser\/#\"><\/a><\/p>\n\n\n\n<p>\ud83d\udd34Ascienden a 92 los muertos en la Comunidad Valenciana<\/p>\n\n\n\n<p>La Generalitat Valenciana acaba de actualizar los datos de muertos tras el paso de la DANA que asciende a 92 en la comunidad.<\/p>\n\n\n\n<p>Hasta el momento, son 95 los fallecidos en total contando los dos de Castilla-La Mancha y uno de Andaluc\u00eda.<\/p>\n\n\n\n<p>\u00abLe rescat\u00f3 cuando le llegaba el agua a la altura del pecho\u00bb<\/p>\n\n\n\n<p>22:09<\/p>\n\n\n\n<p>Garc\u00eda-Page remarca que siguen siendo cinco desaparecidos en la comunidad, cuyo pron\u00f3stico es \u00abmuy preocupante\u00bb<\/p>\n\n\n\n<p>El presidente de Castilla-La Mancha, Emiliano Garc\u00eda-Page, ha confirmado que todav\u00eda siguen buscando a cinco personas, cuyo pron\u00f3stico es&nbsp;\u00abmuy preocupante\u00bb. De hecho, han encontrado algunos coches, pero no a las personas.<\/p>\n\n\n\n<p>En una entrevista en RTVE, Garc\u00eda-Page ha remarcado que, a pesar de las previsiones meteorol\u00f3gicas y la movilizaci\u00f3n previa, no se ha tratado de una lluvia normal, sino que podr\u00eda asimilarla una situaci\u00f3n similar a la de la rotura de una presa, de hecho, cayeron 240 litros por metro cuadrado, ha recordado.&nbsp;<\/p>\n\n\n\n<p>\u00abNo hab\u00eda capacidad posible ninguna de asumirlo. Se han vivido momentos muy tr\u00e1gicos\u00bb, ha a\u00f1adido. En cuanto al da\u00f1o material, ha afirmado que va a ser \u00abtremendo\u00bb, pero ha recordado que para eso se acabar\u00e1 encontrando soluci\u00f3n y que lo importante ahora es el \u00abdrama humano\u00bb.<\/p>\n\n\n\n<p>El ministro de Transportes muestras las im\u00e1genes de uno de los puntos m\u00e1s afectados de la A7<\/p>\n\n\n\n<figure class=\"wp-block-image\"><a href=\"https:\/\/cadenaser.com\/nacional\/2024\/10\/30\/ricardo-gabaldon-alcalde-de-utiel-es-una-imagen-belica-la-ciudad-va-a-tardar-mucho-en-recuperarse-de-esto-necesitamos-ayuda-externa-cadena-ser\/\" target=\"_blank\" rel=\"noreferrer noopener\"><img data-recalc-dims=\"1\" decoding=\"async\" src=\"https:\/\/i0.wp.com\/cadenaser.com\/resizer\/v2\/WRCR6ITPINEBZCOKN4FTBNDOPI.jpeg?w=640&#038;ssl=1\" alt=\"Ricardo Gabald\u00f3n, alcalde de Utiel: &quot;Es una imagen b\u00e9lica. La ciudad va a tardar mucho en recuperarse de esto. Necesitamos ayuda externa&quot;\"\/><\/a><\/figure>\n\n\n\n<p><a href=\"https:\/\/cadenaser.com\/nacional\/2024\/10\/29\/consecuencias-de-la-dana-en-espana-en-directo-ultima-hora-de-las-inundaciones-desaparecidos-y-problemas-en-los-trenes-ave-cadena-ser\/\" target=\"_blank\" rel=\"noreferrer noopener\"><\/a>Un 9% de la poblaci\u00f3n en la provincia de Valencia sigue sin luz<\/p>\n\n\n\n<p>El president de la Generalitad Valenciana, Carlos Maz\u00f3n, ha afirmado en la rueda de prensa de balance de situaci\u00f3n que actualmente hay un 9% de la poblaci\u00f3n en la provincia de Valencia sin luz y est\u00e1n a la espera de que Iberdrola pueda entrar a operar en estas zonas lo antes posible.<\/p>\n\n\n\n<p>En cuanto al agua, el president no ha podido ofrecer datos de cu\u00e1ntas personas siguen sin suministro porque, sostiene, la situaci\u00f3n es desigual dependiendo del municipio. Espera&nbsp;que esto se pueda retomar tambi\u00e9n cu\u00e1nto antes.&nbsp;<\/p>\n\n\n\n<p>21:35<\/p>\n\n\n\n<p>Maz\u00f3n sostiene que ya han acabado los rescates desde el aire a personas atrapadas en tejados y azoteas y pide a los ciudadanos que no salgan a la carretera<\/p>\n\n\n\n<p>El president de la Generalitat Valenciana, Carlos Maz\u00f3n, ha afirmado en la \u00faltima rueda de prensa de balance de la situaci\u00f3n que, aparentemente, parece que ya se han rescatado&nbsp;a todas las personas, \u00absalvo alguna sorpresa\u00bb, que estaban en tejados y azoteas y era visiblemente rescatables.<\/p>\n\n\n\n<p>Ha insistido en que las carreteras de momento siguen cerradas y solo disponibles para los equipos de emergencias, que no se salga bajo ning\u00fan concepto. \u00abEsta necesidad permanece\u00bb, ha remarcado Maz\u00f3n. En este sentido, ha asegurado que ya no quedan n\u00facleos urbanos en los que no se haya podido acceder de una u otra manera.<\/p>\n\n\n\n<p>\u00abNo es un fen\u00f3meno de inundaciones, sino de torrente\u00bb, ha incidido Maz\u00f3n, algo que, seg\u00fan ha explicado, tiene relevancia porque al estar el agua en movimiento no ha habido gran acumulaci\u00f3n de agua y esto favorece a que haya menos problemas de salubridad.<\/p>\n\n\n\n<p>Ha confirmado que, seg\u00fan los \u00faltimos datos de la Guardia Civil, siguen siendo 92 las v\u00edctimas mortales en la comunidad. \u00abHa habido 70 evacuaciones a\u00e9reas y 200 rescates terrestres\u00bb, ha a\u00f1adido, a la par que ha agradecido la labor de la UME y de las ayudas de otras autonom\u00edas. \u00abHa sido un d\u00eda muy intenso, de mucha actividad\u00bb, ha remarcado.<\/p>\n\n\n\n<p>Antes de terminar, Maz\u00f3n ha querido hacer un llamamiento a las personas que han contactado con&nbsp;el tel\u00e9fono habilitado para los desaparecidos (el 900 365 112)&nbsp;y que posteriormente han podido localizar a sus seres queridos. En este sentido, ha remarcado la importancia de que se vuelva a llamar a este tel\u00e9fono para comunicar que ya est\u00e1 localizado y as\u00ed poder cotejar los datos e ir actualiz\u00e1ndolos.<\/p>\n\n\n\n<p>En la misma rueda de prensa, la delegada del Gobierno en la Comunidad Valenciana, Pilar Bernab\u00e9, ha mostrado su apoyo&nbsp;a todos los afectados y ha insistido en que el Gobierno de Espa\u00f1a no va a dejar a las v\u00edctimas solas.<\/p>\n\n\n\n<p>21:25<\/p>\n\n\n\n<p>Pablo Cea, portavoz de la Guardia Civil en Valencia, en Hora 25: \u00abEstamos en un momento cr\u00edtico y hay que seguir buscando a las personas\u00bb<\/p>\n\n\n\n<p>El portavoz de la Guardia Civil en Valencia, Pablo Cea, ha confirmado en Hora 25 que han realizado m\u00e1s de 3.400 rescates. \u00abEstamos volcados en recuperarnos, en ayudar a las personas que todav\u00eda necesitan ayuda porque quedan lugares a los que no podemos acceder y estamos atendiendo todav\u00eda lo urgente\u00bb, ha contado.<\/p>\n\n\n\n<p>\u00abEstamos en un momento cr\u00edtico y hay que seguir achicando agua. Todav\u00eda hay que seguir buscando a las personas que no est\u00e1n donde esper\u00e1bamos. Todav\u00eda queda mucho trabajo por hacer\u00bb, ha se\u00f1alado.<\/p>\n\n\n\n<p>Sobre los trabajos de los equipos de rescate subacu\u00e1ticos ha afirmado que son labores \u00abtremendamente dif\u00edciles\u00bb pues las aguas tienen mucha densidad y es muy turbia, \u00aby transportan rocas y materiales que dificulta el trabajo\u00bb.<\/p>\n\n\n\n<p><\/p>\n\n\n\n<p>cadenaser.com<\/p>\n","protected":false},"excerpt":{"rendered":"<p>Gobierno anuncia la declaraci\u00f3n de zona catastr\u00f3fica en las zonas arrasadas por la DANA y declara tres d\u00edas de luto oficial Las inundaciones y crecidas de los r\u00edos en el levante espa\u00f1ol y otras regiones de Espa\u00f1a a causa de una DANA, que han dejado&nbsp;al menos 62 muertos&nbsp;solo en la provincia de Valencia y dos [&hellip;]<\/p>\n","protected":false},"author":1,"featured_media":174891,"comment_status":"closed","ping_status":"closed","sticky":false,"template":"","format":"standard","meta":{"_acf_changed":false,"_jetpack_memberships_contains_paid_content":false,"footnotes":"","jetpack_publicize_message":"","jetpack_publicize_feature_enabled":true,"jetpack_social_post_already_shared":true,"jetpack_social_options":{"image_generator_settings":{"template":"highway","default_image_id":0,"font":"","enabled":false},"version":2}},"categories":[6],"tags":[],"class_list":["post-174890","post","type-post","status-publish","format-standard","has-post-thumbnail","hentry","category-ecologia"],"acf":[],"jetpack_publicize_connections":[],"jetpack_featured_media_url":"https:\/\/sportseco.com\/wp-content\/uploads\/2024\/10\/WRCR6ITPINEBZCOKN4FTBNDOPI.avif","jetpack_sharing_enabled":true,"_links":{"self":[{"href":"https:\/\/sportseco.com\/index.php?rest_route=\/wp\/v2\/posts\/174890","targetHints":{"allow":["GET"]}}],"collection":[{"href":"https:\/\/sportseco.com\/index.php?rest_route=\/wp\/v2\/posts"}],"about":[{"href":"https:\/\/sportseco.com\/index.php?rest_route=\/wp\/v2\/types\/post"}],"author":[{"embeddable":true,"href":"https:\/\/sportseco.com\/index.php?rest_route=\/wp\/v2\/users\/1"}],"replies":[{"embeddable":true,"href":"https:\/\/sportseco.com\/index.php?rest_route=%2Fwp%2Fv2%2Fcomments&post=174890"}],"version-history":[{"count":1,"href":"https:\/\/sportseco.com\/index.php?rest_route=\/wp\/v2\/posts\/174890\/revisions"}],"predecessor-version":[{"id":174892,"href":"https:\/\/sportseco.com\/index.php?rest_route=\/wp\/v2\/posts\/174890\/revisions\/174892"}],"wp:featuredmedia":[{"embeddable":true,"href":"https:\/\/sportseco.com\/index.php?rest_route=\/wp\/v2\/media\/174891"}],"wp:attachment":[{"href":"https:\/\/sportseco.com\/index.php?rest_route=%2Fwp%2Fv2%2Fmedia&parent=174890"}],"wp:term":[{"taxonomy":"category","embeddable":true,"href":"https:\/\/sportseco.com\/index.php?rest_route=%2Fwp%2Fv2%2Fcategories&post=174890"},{"taxonomy":"post_tag","embeddable":true,"href":"https:\/\/sportseco.com\/index.php?rest_route=%2Fwp%2Fv2%2Ftags&post=174890"}],"curies":[{"name":"wp","href":"https:\/\/api.w.org\/{rel}","templated":true}]}}