{"id":174899,"date":"2024-10-30T21:50:48","date_gmt":"2024-10-31T01:50:48","guid":{"rendered":"https:\/\/sportseco.com\/?p=174899"},"modified":"2024-10-30T21:50:54","modified_gmt":"2024-10-31T01:50:54","slug":"cop16-uniendo-esfuerzos-globales-para-la-paz-con-la-naturaleza-y-la-conservacion-del-futuro-de-la-biodiversidad","status":"publish","type":"post","link":"https:\/\/sportseco.com\/?p=174899","title":{"rendered":"COP16: Uniendo esfuerzos globales para la paz con la naturaleza y la conservaci\u00f3n del futuro de la biodiversidad"},"content":{"rendered":"\n<h3 class=\"wp-block-heading\"><strong>CMAR impulsa la diplomacia ambiental y cient\u00edfica para la protecci\u00f3n biocultural transfronteriza del Pac\u00edfico en la COP16<\/strong><\/h3>\n\n\n\n<p>En la Zona Azul de la COP16 se llev\u00f3 a cabo un evento d\u00f3nde se dialog\u00f3 sobre el&nbsp;<a href=\"https:\/\/www.cmarpacifico.org\/\" target=\"_blank\" rel=\"noreferrer noopener\">Corredor Marino del Pac\u00edfico Este Tropical (CMAR)<\/a>, que contin\u00faa avanzando como un modelo de conservaci\u00f3n de la bi\u00f3sfera, integrando esfuerzos entre Ecuador, Colombia, Costa Rica y Panam\u00e1 para proteger ecosistemas marinos compartidos y sus especies.<\/p>\n\n\n\n<p>Lidia Brito, Directora de la Oficina Regional de Ciencia para Am\u00e9rica Latina y el Caribe de&nbsp;<a href=\"https:\/\/www.unesco.org\/en\" target=\"_blank\" rel=\"noreferrer noopener\">UNESCO<\/a>, destac\u00f3 la necesidad de una protecci\u00f3n integrada de los sistemas naturales, afirmando que&nbsp;<em>\u201clas especies necesitan de sus corredores protegidos, y sin acuerdos transfronterizos, est\u00e1n en peligro. Es fundamental armonizar las pol\u00edticas p\u00fablicas, compartir buenas pr\u00e1cticas y asegurar la visibilidad de esta agenda de conservaci\u00f3n, que tambi\u00e9n es una agenda de desarrollo sostenible\u201d.<\/em><\/p>\n\n\n\n<p><strong>La visi\u00f3n del CMAR no solo se enfoca en la biodiversidad, sino tambi\u00e9n en el fortalecimiento de los corredores bioculturales,<\/strong>&nbsp;<a href=\"https:\/\/www.cop16colombia.com\/es\/cop16-sinergias-para-la-proteccion-marina\/\">reconociendo la relaci\u00f3n entre la conservaci\u00f3n ambiental y las comunidades locales<\/a>.&nbsp;<em>\u201cLa gente crea corredores culturales de conocimiento, al igual que las especies crean corredores naturales\u201d<\/em>, a\u00f1adi\u00f3 Brito, enfatizando la importancia de la diplomacia ambiental y cient\u00edfica impulsan el trabajo conjunto de las comunidades para lograr una paz biocultural sostenible.<\/p>\n\n\n\n<p>Por su parte, Jos\u00e9 Julio Casas, Secretario Pro T\u00e9mpore de CMAR, resalt\u00f3 la relevancia de involucrar a las personas en la gesti\u00f3n del corredor marino.&nbsp;<em>\u201cUno de nuestros mayores logros ha sido integrar a los usuarios del mar en nuestras estrategias de conservaci\u00f3n\u201d, indic\u00f3 Casas. \u201cNo podemos proteger el mar sin trabajar de la mano con quienes lo habitan y lo utilizan para su subsistencia, como pescadores artesanales y trabajadores del mar. Establecer una comunicaci\u00f3n efectiva y acuerdos beneficiosos para todos es el mayor desaf\u00edo y nuestra prioridad\u201d.<\/em><\/p>\n\n\n\n<p>La cooperaci\u00f3n cient\u00edfica tambi\u00e9n juega un papel clave en CMAR, facilitando la investigaci\u00f3n colaborativa y la educaci\u00f3n ambiental, pilares esenciales para aceptar la diversidad, tanto ambiental como cultural.<\/p>\n\n\n\n<p>Los cuatro pa\u00edses est\u00e1n uniendo esfuerzos para lograr el CMAR sea reconocido como Reserva de Bi\u00f3sfera de la UNESCO.<\/p>\n\n\n\n<p><strong>El expresidente de Colombia Ernesto Samper, estuvo presente en el evento,<\/strong>&nbsp;con el inter\u00e9s de conocer m\u00e1s a fondo sobre esta novedosa iniciativa que ha sido presentada en el marco de la COP16 Colombia Paz con Naturaleza.&nbsp;<\/p>\n\n\n\n<h3 class=\"wp-block-heading\"><\/h3>\n\n\n\n<h3 class=\"wp-block-heading\"><strong>Ministras de Ambiente de Alemania y Egipto destacan en la COP16 el papel de las soluciones basadas en la naturaleza para el desarrollo sostenible<\/strong><\/h3>\n\n\n\n<p>El evento paralelo del Fondo de Biodiversidad de Kunming-Montreal en la COP16 reuni\u00f3 a l\u00edderes globales para discutir la cooperaci\u00f3n en la investigaci\u00f3n, conservaci\u00f3n y financiamiento de la biodiversidad.<\/p>\n\n\n\n<p>Durante el encuentro, Yasmine Fouad, Ministra de Ambiente de Egipto, destac\u00f3 la importancia de la&nbsp;<a href=\"https:\/\/www.cop16colombia.com\/es\/cop16-cooperacion-global-casos-exito\/\">cooperaci\u00f3n cient\u00edfica entre pa\u00edses fronterizos<\/a>&nbsp;y la necesidad de un fondo de naturaleza que integre recursos de entidades locales y del sector privado.&nbsp;<em>\u201cLa investigaci\u00f3n y la educaci\u00f3n son colaborativas. Es una base de cooperaci\u00f3n, de aceptar la diversidad, ya sea ambiental o cultural\u201d<\/em>, afirm\u00f3 Fouad.&nbsp;<\/p>\n\n\n\n<p>Por su parte, Steffi Lemke, Ministra de Ambiente de Alemania, subray\u00f3 la integraci\u00f3n de la biodiversidad en las estrategias clim\u00e1ticas a nivel nacional y regional.&nbsp;<em>\u201cEstamos combinando la acci\u00f3n clim\u00e1tica y la conservaci\u00f3n de la biodiversidad en un proceso t\u00e9cnico y regional. Las soluciones basadas en la naturaleza juegan un papel clave\u201d<\/em>, indic\u00f3 Lemke, enfatizando la participaci\u00f3n de la poblaci\u00f3n local en estos esfuerzos.<\/p>\n\n\n\n<p><strong>Ambas ministras destacaron el papel de las soluciones basadas en la naturaleza<\/strong>&nbsp;como enfoque central para el desarrollo sostenible y la acci\u00f3n clim\u00e1tica global, mencionando la necesidad de un compromiso conjunto para asegurar la paz con la naturaleza y la supervivencia del planeta.<\/p>\n\n\n\n<h3 class=\"wp-block-heading\"><\/h3>\n\n\n\n<h3 class=\"wp-block-heading\"><strong>Indicador de tenencia y uso de la tierra para la biodiversidad: hacia un indicador clave del T22 del Marco Global de Biodiversidad de la CDB<\/strong><\/h3>\n\n\n\n<p>En el marco de la COP16 se realiz\u00f3 el evento paralelo \u2018Uso de la tierra y tenencia de la tierra para la biodiversidad: Hacia un indicador principal para el T22 del Marco Mundial de la Diversidad Biol\u00f3gica del CDB\u2019.<\/p>\n\n\n\n<p>La Organizaci\u00f3n de las&nbsp;<a href=\"https:\/\/www.fao.org\/about\/about-fao\/es\/\" target=\"_blank\" rel=\"noreferrer noopener\">Naciones Unidas para la agricultura y la alimentaci\u00f3n (FAO)<\/a>, junto con socios como la Coalici\u00f3n Internacional para la Tierra (ILC), Forest People\u2019s Programme (FPP), World Resources Institute (WRI) y LandMark, lidera el desarrollo de un indicador de tierra que incluye componentes de uso y tenencia de la tierra, como se solicit\u00f3 en la 12\u00aa Reuni\u00f3n del Grupo de Trabajo sobre el Art\u00edculo 8(j) en Ginebra.<\/p>\n\n\n\n<p>&nbsp;Este indicador, recomendado es propuesto para la<a href=\"https:\/\/www.cop16colombia.com\/es\/wp-content\/uploads\/2024\/08\/Cua%CC%81les-son-las-23-Metas-Kumming.pdf\">&nbsp;Meta 22 del Marco Global de Biodiversidad Kunming-Montreal<\/a>&nbsp;(KMGBF, por sus siglas en ingl\u00e9s)&nbsp;<a href=\"https:\/\/www.cbd.int\/conferences\/2024\" target=\"_blank\" rel=\"noreferrer noopener\">de la CDB.&nbsp;<\/a><\/p>\n\n\n\n<p>La protecci\u00f3n de derechos de tenencia leg\u00edtimos es esencial para la conservaci\u00f3n de la biodiversidad, especialmente los de pueblos ind\u00edgenas y comunidades locales, quienes poseen y gestionan el 50% de las tierras del mundo.&nbsp;<\/p>\n\n\n\n<p>Garantizar estos derechos permite&nbsp;<a href=\"https:\/\/cop16colombia.com\/es\/cop16-innovacion-conservacion-forestal\/\">reducir la deforestaci\u00f3n, proteger los ecosistemas y disminuir emisiones de carbono.&nbsp;<\/a><\/p>\n\n\n\n<p>Este evento paralelo<strong>&nbsp;en la COP16 destac\u00f3 la relevancia de la tenencia de la tierra para la implementaci\u00f3n de los objetivos ambientales globales<\/strong>, promoviendo su inclusi\u00f3n como indicador central del KMGBF, con el potencial de catalizar transformaciones sostenibles.<\/p>\n\n\n\n<p><\/p>\n\n\n\n<p>cop16colombia.com<\/p>\n","protected":false},"excerpt":{"rendered":"<p>CMAR impulsa la diplomacia ambiental y cient\u00edfica para la protecci\u00f3n biocultural transfronteriza del Pac\u00edfico en la COP16 En la Zona Azul de la COP16 se llev\u00f3 a cabo un evento d\u00f3nde se dialog\u00f3 sobre el&nbsp;Corredor Marino del Pac\u00edfico Este Tropical (CMAR), que contin\u00faa avanzando como un modelo de conservaci\u00f3n de la bi\u00f3sfera, integrando esfuerzos entre [&hellip;]<\/p>\n","protected":false},"author":1,"featured_media":174900,"comment_status":"closed","ping_status":"closed","sticky":false,"template":"","format":"standard","meta":{"_acf_changed":false,"_jetpack_memberships_contains_paid_content":false,"footnotes":"","jetpack_publicize_message":"","jetpack_publicize_feature_enabled":true,"jetpack_social_post_already_shared":true,"jetpack_social_options":{"image_generator_settings":{"template":"highway","default_image_id":0,"font":"","enabled":false},"version":2}},"categories":[6],"tags":[],"class_list":["post-174899","post","type-post","status-publish","format-standard","has-post-thumbnail","hentry","category-ecologia"],"acf":[],"jetpack_publicize_connections":[],"jetpack_featured_media_url":"https:\/\/i0.wp.com\/sportseco.com\/wp-content\/uploads\/2024\/10\/COP16-Cmar-2022x1011-1.jpg?fit=2022%2C1011&ssl=1","jetpack_sharing_enabled":true,"_links":{"self":[{"href":"https:\/\/sportseco.com\/index.php?rest_route=\/wp\/v2\/posts\/174899","targetHints":{"allow":["GET"]}}],"collection":[{"href":"https:\/\/sportseco.com\/index.php?rest_route=\/wp\/v2\/posts"}],"about":[{"href":"https:\/\/sportseco.com\/index.php?rest_route=\/wp\/v2\/types\/post"}],"author":[{"embeddable":true,"href":"https:\/\/sportseco.com\/index.php?rest_route=\/wp\/v2\/users\/1"}],"replies":[{"embeddable":true,"href":"https:\/\/sportseco.com\/index.php?rest_route=%2Fwp%2Fv2%2Fcomments&post=174899"}],"version-history":[{"count":1,"href":"https:\/\/sportseco.com\/index.php?rest_route=\/wp\/v2\/posts\/174899\/revisions"}],"predecessor-version":[{"id":174901,"href":"https:\/\/sportseco.com\/index.php?rest_route=\/wp\/v2\/posts\/174899\/revisions\/174901"}],"wp:featuredmedia":[{"embeddable":true,"href":"https:\/\/sportseco.com\/index.php?rest_route=\/wp\/v2\/media\/174900"}],"wp:attachment":[{"href":"https:\/\/sportseco.com\/index.php?rest_route=%2Fwp%2Fv2%2Fmedia&parent=174899"}],"wp:term":[{"taxonomy":"category","embeddable":true,"href":"https:\/\/sportseco.com\/index.php?rest_route=%2Fwp%2Fv2%2Fcategories&post=174899"},{"taxonomy":"post_tag","embeddable":true,"href":"https:\/\/sportseco.com\/index.php?rest_route=%2Fwp%2Fv2%2Ftags&post=174899"}],"curies":[{"name":"wp","href":"https:\/\/api.w.org\/{rel}","templated":true}]}}