{"id":174908,"date":"2024-10-31T08:36:33","date_gmt":"2024-10-31T12:36:33","guid":{"rendered":"https:\/\/sportseco.com\/?p=174908"},"modified":"2024-10-31T08:36:38","modified_gmt":"2024-10-31T12:36:38","slug":"dia-mundial-de-las-ciudades-31-de-octubre-11","status":"publish","type":"post","link":"https:\/\/sportseco.com\/?p=174908","title":{"rendered":"D\u00eda Mundial de las Ciudades, 31 de octubre"},"content":{"rendered":"\n<h2 class=\"wp-block-heading\"><\/h2>\n\n\n\n<p><img data-recalc-dims=\"1\" decoding=\"async\" src=\"https:\/\/i0.wp.com\/www.un.org\/sites\/un2.un.org\/files\/styles\/banner-image-style-27-10\/public\/2021\/10\/cities-day.jpg?w=640&#038;ssl=1\" alt=\"Una ilustraci\u00f3n de c\u00f3mo los j\u00f3venes pueden liderar la acci\u00f3n clim\u00e1tica y local en favor de las ciudades.\"\/><\/p>\n\n\n\n<p><strong>Foto:<\/strong>Ilustraci\u00f3n de Sadek Ahmed realizada con Inteligencia Artificial.<\/p>\n\n\n\n<p><a href=\"http:\/\/undocs.org\/a\/res\/68\/239\">El D\u00eda Mundial de las Ciudades<\/a>&nbsp;se estableci\u00f3 con el objetivo de promover el inter\u00e9s en la urbanizaci\u00f3n y fomentar la cooperaci\u00f3n entre los pa\u00edses para aprovechar las oportunidades y afrontar los desaf\u00edos que plantea el urbanismo, as\u00ed como para contribuir al desarrollo urbano sostenible en todo el mundo.<\/p>\n\n\n\n<h2 class=\"wp-block-heading\">La juventud lidera la acci\u00f3n clim\u00e1tica y local para las ciudades<\/h2>\n\n\n\n<p>Se prev\u00e9 que las ciudades alberguen al 70% de la poblaci\u00f3n mundial en 2050, con retos sin precedentes en el contexto del cambio clim\u00e1tico. Se calcula que en 2030 el 60% de la poblaci\u00f3n vivir\u00e1 en zonas urbanas, y que hasta el 60% de los habitantes urbanos tendr\u00e1 menos de 18 a\u00f1os. A pesar de los avances en la consecuci\u00f3n de los Objetivos de Desarrollo Sostenible, las ciudades, especialmente en el Sur Global, siguen luchando contra la pobreza, la desigualdad y la degradaci\u00f3n del medio ambiente, lo que requiere actuar con urgencia.<\/p>\n\n\n\n<p>Los expertos subrayan la importancia de implicar a la juventud en la toma de decisiones en el \u00e1mbito urbano para explotar su creatividad e impulsar el desarrollo sostenible. El D\u00eda Mundial de las Ciudades 2024, cuyo lema es \u00abJ\u00f3venes agentes del cambio clim\u00e1tico: Catalizar la acci\u00f3n local para la sostenibilidad urbana\u00bb, tiene como objetivo mostrar el papel crucial de los gobiernos locales y los j\u00f3venes para hacer frente a los desaf\u00edos clim\u00e1ticos urbanos. El acto destacar\u00e1 las ideas innovadoras propuestas por los j\u00f3venes y explorar\u00e1 formas de transformarlas en acciones concretas.<\/p>\n\n\n\n<p>Iniciativas internacionales como el Pacto por el Futuro y la Declaraci\u00f3n sobre las Generaciones Futuras pretenden dar prioridad a la opini\u00f3n de los j\u00f3venes a la hora de configurar entornos urbanos sostenibles. La Cumbre del Futuro ha representado una oportunidad para integrar las perspectivas de los j\u00f3venes en la pol\u00edtica mundial y garantizar que el sistema multilateral responda a las necesidades de las generaciones m\u00e1s j\u00f3venes.<\/p>\n\n\n\n<p>Entre las medidas propuestas figuran la creaci\u00f3n de consejos de la juventud, la integraci\u00f3n de representantes juveniles en los gobiernos municipales y el mantenimiento de un di\u00e1logo permanente entre los j\u00f3venes y los responsables pol\u00edticos. Estos esfuerzos pretenden crear ciudades que no sean solo sostenibles y resilientes, sino que tambi\u00e9n reflejen las diversas voces y necesidades de todos sus habitantes, tanto presentes como futuros.<\/p>\n\n\n\n<p><a href=\"https:\/\/urbanoctober.unhabitat.org\/sites\/default\/files\/2024-07\/wcd_concept_note_2024.pdf\">M\u00e1s informaci\u00f3n en la nota conceptual en ingl\u00e9s<\/a>.<\/p>\n\n\n\n<figure class=\"wp-block-image\"><a href=\"https:\/\/urbanoctober.unhabitat.org\/index.php\/\"><img data-recalc-dims=\"1\" decoding=\"async\" src=\"https:\/\/i0.wp.com\/www.un.org\/sites\/un2.un.org\/files\/2020\/09\/habitat-day-event.png?w=640&#038;ssl=1\" alt=\"logo Urban October\"\/><\/a><\/figure>\n\n\n\n<h3 class=\"wp-block-heading\">Campa\u00f1a&nbsp;<em>Octubre urbano<\/em><\/h3>\n\n\n\n<p>Desde ONU H\u00e1bitat se anima a los gobiernos nacionales, las autoridades locales, el sector privado y otros profesionales del sector urbano a que celebren este d\u00eda organizando actos mediante talleres o seminarios web, mesas redondas y entrevistas.<\/p>\n\n\n\n<p><a href=\"https:\/\/urbanoctober.unhabitat.org\/wcd\">Eventos 2024<\/a><\/p>\n\n\n\n<h2 class=\"wp-block-heading\">\u00bfPor qu\u00e9 un D\u00eda Mundial de las Ciudades?<\/h2>\n\n\n\n<p>La urbanizaci\u00f3n ofrece la posibilidad de nuevas formas de inclusi\u00f3n social, entre ellas una mayor igualdad, el acceso a los servicios y a las nuevas oportunidades, as\u00ed como el compromiso y la movilizaci\u00f3n que refleja la diversidad de las ciudades, los pa\u00edses y el mundo. Sin embargo, con demasiada frecuencia esta no es la forma de desarrollo urbano. La desigualdad y la exclusi\u00f3n abundan, a menudo en tasas superiores a la media nacional, a expensas del desarrollo sostenible que sirve para todos.<\/p>\n\n\n\n<p>En este contexto se enmarca la resoluci\u00f3n&nbsp;<a href=\"https:\/\/undocs.org\/es\/A\/RES\/68\/239\">A\/RES\/68\/239<\/a>&nbsp;de la Asamblea General, por la que en 2014 se estableci\u00f3 el 31 de octubre, como el D\u00eda Mundial de las Ciudades.<\/p>\n\n\n\n<p>En 2014,&nbsp;<a href=\"https:\/\/es.unhabitat.org\/\">ONU H\u00e1bitat<\/a>&nbsp;lanz\u00f3 una iniciativa,&nbsp;<a href=\"http:\/\/www.urbanoctober.org\/\">Octubre Urbano<\/a>, para poner de relieve los desaf\u00edos urbanos mundiales e involucrar a la comunidad internacional en el desarrollo de la&nbsp;<a href=\"http:\/\/www.un.org\/sustainabledevelopment\/es\/habitat3\/\">Nueva Agenda Urbana<\/a>, aprobada en octubre de 2016 en la ciudad de Quito durante la Conferencia de H\u00e1bitat III. Esta Nueva Agenda Urbana es la br\u00fajula para hacer frente a los desaf\u00edos de las ciudades en las pr\u00f3xima dos d\u00e9cadas y ha de ser vista como una extensi\u00f3n del Objetivo de Desarrollo Sostenible&nbsp;<a href=\"http:\/\/www.un.org\/sustainabledevelopment\/es\/cities\/\">n\u00famero 11<\/a>&nbsp;de la&nbsp;<a href=\"https:\/\/undocs.org\/es\/A\/RES\/70\/1\">Agenda 2030<\/a>.<\/p>\n\n\n\n<p><\/p>\n\n\n\n<p>un.org<\/p>\n","protected":false},"excerpt":{"rendered":"<p>Foto:Ilustraci\u00f3n de Sadek Ahmed realizada con Inteligencia Artificial. El D\u00eda Mundial de las Ciudades&nbsp;se estableci\u00f3 con el objetivo de promover el inter\u00e9s en la urbanizaci\u00f3n y fomentar la cooperaci\u00f3n entre los pa\u00edses para aprovechar las oportunidades y afrontar los desaf\u00edos que plantea el urbanismo, as\u00ed como para contribuir al desarrollo urbano sostenible en todo el [&hellip;]<\/p>\n","protected":false},"author":1,"featured_media":174909,"comment_status":"closed","ping_status":"closed","sticky":false,"template":"","format":"standard","meta":{"_acf_changed":false,"_jetpack_memberships_contains_paid_content":false,"footnotes":"","jetpack_publicize_message":"","jetpack_publicize_feature_enabled":true,"jetpack_social_post_already_shared":true,"jetpack_social_options":{"image_generator_settings":{"template":"highway","default_image_id":0,"font":"","enabled":false},"version":2}},"categories":[6],"tags":[],"class_list":["post-174908","post","type-post","status-publish","format-standard","has-post-thumbnail","hentry","category-ecologia"],"acf":[],"jetpack_publicize_connections":[],"jetpack_featured_media_url":"https:\/\/i0.wp.com\/sportseco.com\/wp-content\/uploads\/2024\/10\/cities-day.jpg?fit=1350%2C500&ssl=1","jetpack_sharing_enabled":true,"_links":{"self":[{"href":"https:\/\/sportseco.com\/index.php?rest_route=\/wp\/v2\/posts\/174908","targetHints":{"allow":["GET"]}}],"collection":[{"href":"https:\/\/sportseco.com\/index.php?rest_route=\/wp\/v2\/posts"}],"about":[{"href":"https:\/\/sportseco.com\/index.php?rest_route=\/wp\/v2\/types\/post"}],"author":[{"embeddable":true,"href":"https:\/\/sportseco.com\/index.php?rest_route=\/wp\/v2\/users\/1"}],"replies":[{"embeddable":true,"href":"https:\/\/sportseco.com\/index.php?rest_route=%2Fwp%2Fv2%2Fcomments&post=174908"}],"version-history":[{"count":1,"href":"https:\/\/sportseco.com\/index.php?rest_route=\/wp\/v2\/posts\/174908\/revisions"}],"predecessor-version":[{"id":174910,"href":"https:\/\/sportseco.com\/index.php?rest_route=\/wp\/v2\/posts\/174908\/revisions\/174910"}],"wp:featuredmedia":[{"embeddable":true,"href":"https:\/\/sportseco.com\/index.php?rest_route=\/wp\/v2\/media\/174909"}],"wp:attachment":[{"href":"https:\/\/sportseco.com\/index.php?rest_route=%2Fwp%2Fv2%2Fmedia&parent=174908"}],"wp:term":[{"taxonomy":"category","embeddable":true,"href":"https:\/\/sportseco.com\/index.php?rest_route=%2Fwp%2Fv2%2Fcategories&post=174908"},{"taxonomy":"post_tag","embeddable":true,"href":"https:\/\/sportseco.com\/index.php?rest_route=%2Fwp%2Fv2%2Ftags&post=174908"}],"curies":[{"name":"wp","href":"https:\/\/api.w.org\/{rel}","templated":true}]}}