{"id":174935,"date":"2024-10-31T14:22:41","date_gmt":"2024-10-31T18:22:41","guid":{"rendered":"https:\/\/sportseco.com\/?p=174935"},"modified":"2024-10-31T14:22:44","modified_gmt":"2024-10-31T18:22:44","slug":"aplazado-el-partido-valencia-real-madrid","status":"publish","type":"post","link":"https:\/\/sportseco.com\/?p=174935","title":{"rendered":"Aplazado el partido Valencia-Real Madrid"},"content":{"rendered":"\n<p>El encuentro de la 12\u00aa jornada de Liga deb\u00eda disputarse este s\u00e1bado a las 21:00 h.<\/p>\n\n\n\n<figure class=\"wp-block-image\"><img data-recalc-dims=\"1\" decoding=\"async\" src=\"https:\/\/i0.wp.com\/publish-p47754-e237306.adobeaemcloud.com\/adobe\/dynamicmedia\/deliver\/dm-aid--8b275ecb-a628-49ec-9c0e-b27bc8b90072\/ND_MESTALLA_20230627recursosestadio09_ExtraGrande.app.webp?w=640&#038;ssl=1\" alt=\"Aplazado el partido Valencia-Real Madrid \"\/><\/figure>\n\n\n\n<p>NOTICIA.31\/10\/2024<\/p>\n\n\n\n<p>La Real Federaci\u00f3n Espa\u00f1ola de F\u00fatbol ha comunicado oficialmente que el partido de la 12\u00aa jornada del campeonato que ten\u00edan que disputar el Valencia y el&nbsp;<strong>Real Madrid<\/strong>&nbsp;este s\u00e1bado, 2 de noviembre, a las 21:00 h en Mestalla ha sido aplazado.<\/p>\n\n\n\n<p>\u00abPor causa de la cat\u00e1strofe natural acaecida en la Comunidad Valenciana a consecuencia de una DANA, habi\u00e9ndose decretado tres d\u00edas de luto oficial con suspensi\u00f3n de celebraci\u00f3n de competiciones deportivas en la citada Comunidad Aut\u00f3noma, se ha recibido petici\u00f3n de aplazamiento por parte de la LNFP, tras haber hablado con todos los clubes implicados. Dada la concurrencia de una causa de fuerza mayor derivada de los hechos referidos, resulta pertinente acordar el aplazamiento de los encuentros que se encontraban programados\u201d, asegur\u00f3 en la resoluci\u00f3n el Juez \u00danico de Competiciones Profesionales\u00bb.<\/p>\n\n\n\n<p>Adem\u00e1s del Valencia-<strong>Real Madrid<\/strong>, tambi\u00e9n han sido aplazados los otros partidos de Primera y Segunda Divisi\u00f3n que se iban a disputar este fin de semana en la Comunidad Valenciana: Villarreal-Rayo Vallecano, Castell\u00f3n-Racing de Ferrol, Eldense-Huesca y Levante-M\u00e1laga.<\/p>\n\n\n\n<p><\/p>\n\n\n\n<p>realmadrid.com<\/p>\n\n\n\n<ul class=\"wp-block-list\">\n<li><\/li>\n<\/ul>\n","protected":false},"excerpt":{"rendered":"<p>El encuentro de la 12\u00aa jornada de Liga deb\u00eda disputarse este s\u00e1bado a las 21:00 h. NOTICIA.31\/10\/2024 La Real Federaci\u00f3n Espa\u00f1ola de F\u00fatbol ha comunicado oficialmente que el partido de la 12\u00aa jornada del campeonato que ten\u00edan que disputar el Valencia y el&nbsp;Real Madrid&nbsp;este s\u00e1bado, 2 de noviembre, a las 21:00 h en Mestalla ha [&hellip;]<\/p>\n","protected":false},"author":1,"featured_media":174936,"comment_status":"closed","ping_status":"closed","sticky":false,"template":"","format":"standard","meta":{"_acf_changed":false,"_jetpack_memberships_contains_paid_content":false,"footnotes":"","jetpack_publicize_message":"","jetpack_publicize_feature_enabled":true,"jetpack_social_post_already_shared":true,"jetpack_social_options":{"image_generator_settings":{"template":"highway","default_image_id":0,"font":"","enabled":false},"version":2}},"categories":[1],"tags":[],"class_list":["post-174935","post","type-post","status-publish","format-standard","has-post-thumbnail","hentry","category-uncategorized"],"acf":[],"jetpack_publicize_connections":[],"jetpack_featured_media_url":"https:\/\/i0.wp.com\/sportseco.com\/wp-content\/uploads\/2024\/10\/ND_MESTALLA_20230627recursosestadio09_ExtraGrande.webp?fit=1440%2C810&ssl=1","jetpack_sharing_enabled":true,"_links":{"self":[{"href":"https:\/\/sportseco.com\/index.php?rest_route=\/wp\/v2\/posts\/174935","targetHints":{"allow":["GET"]}}],"collection":[{"href":"https:\/\/sportseco.com\/index.php?rest_route=\/wp\/v2\/posts"}],"about":[{"href":"https:\/\/sportseco.com\/index.php?rest_route=\/wp\/v2\/types\/post"}],"author":[{"embeddable":true,"href":"https:\/\/sportseco.com\/index.php?rest_route=\/wp\/v2\/users\/1"}],"replies":[{"embeddable":true,"href":"https:\/\/sportseco.com\/index.php?rest_route=%2Fwp%2Fv2%2Fcomments&post=174935"}],"version-history":[{"count":1,"href":"https:\/\/sportseco.com\/index.php?rest_route=\/wp\/v2\/posts\/174935\/revisions"}],"predecessor-version":[{"id":174937,"href":"https:\/\/sportseco.com\/index.php?rest_route=\/wp\/v2\/posts\/174935\/revisions\/174937"}],"wp:featuredmedia":[{"embeddable":true,"href":"https:\/\/sportseco.com\/index.php?rest_route=\/wp\/v2\/media\/174936"}],"wp:attachment":[{"href":"https:\/\/sportseco.com\/index.php?rest_route=%2Fwp%2Fv2%2Fmedia&parent=174935"}],"wp:term":[{"taxonomy":"category","embeddable":true,"href":"https:\/\/sportseco.com\/index.php?rest_route=%2Fwp%2Fv2%2Fcategories&post=174935"},{"taxonomy":"post_tag","embeddable":true,"href":"https:\/\/sportseco.com\/index.php?rest_route=%2Fwp%2Fv2%2Ftags&post=174935"}],"curies":[{"name":"wp","href":"https:\/\/api.w.org\/{rel}","templated":true}]}}