{"id":174941,"date":"2024-10-31T16:13:02","date_gmt":"2024-10-31T20:13:02","guid":{"rendered":"https:\/\/sportseco.com\/?p=174941"},"modified":"2024-10-31T16:13:07","modified_gmt":"2024-10-31T20:13:07","slug":"despues-de-ocho-anos-de-negociacion-se-aprueba-la-proteccion-de-areas-marinas-clave-para-la-biodiversidad-en-la-cop16","status":"publish","type":"post","link":"https:\/\/sportseco.com\/?p=174941","title":{"rendered":"Despu\u00e9s de ocho a\u00f1os de negociaci\u00f3n, se aprueba la protecci\u00f3n de \u00e1reas marinas clave para la biodiversidad en la COP16"},"content":{"rendered":"\n<p><strong>Cali, 31 de octubre de 2024&nbsp;<\/strong>\u2013 Con gran ovaci\u00f3n los asistentes a la plenaria de la COP16 celebraron la aprobaci\u00f3n del acuerdo global para identificar y conservar&nbsp;<a href=\"https:\/\/www.cop16colombia.com\/es\/conectividad-pacifico-oriental\/\">\u00e1reas marinas de alta importancia ecol\u00f3gica en aguas internacionales<\/a>&nbsp;luego de ocho a\u00f1os de arduo trabajo en las negociaciones.<\/p>\n\n\n\n<p>Este consenso marca un avance significativo en la implementaci\u00f3n del&nbsp;<a href=\"https:\/\/www.cop16colombia.com\/es\/wp-content\/uploads\/2024\/08\/Cua%CC%81les-son-las-23-Metas-Kumming.pdf\">Marco Global de Biodiversidad Kunming Montreal<\/a>&nbsp;y<a href=\"https:\/\/www.cop16colombia.com\/es\/cop16-sinergias-para-la-proteccion-marina\/\">&nbsp;fortalece la gobernanza global de los oc\u00e9anos.<\/a>&nbsp;Esta decisi\u00f3n busca facilitar la conservaci\u00f3n de la biodiversidad marina mientras se respetan los derechos y jurisdicciones de los Estados, seg\u00fan la Convenci\u00f3n de las Naciones Unidas sobre el Derecho del Mar.<\/p>\n\n\n\n<blockquote class=\"wp-block-quote is-layout-flow wp-block-quote-is-layout-flow\">\n<p>Se establece un grupo compuesto por expertos de diversas regiones del mundo, que se encargar\u00e1 de identificar y describir las \u00c1reas Marinas de Importancia Ecol\u00f3gica (EBSAs) bas\u00e1ndose en criterios cient\u00edficos.<\/p>\n<\/blockquote>\n\n\n\n<p>Durante el anuncio,<strong>&nbsp;la presidenta de la COP16, Susana Muhamad, celebr\u00f3 el acuerdo como un primer gran paso en los objetivos de la conferencia<\/strong>:&nbsp;<em>\u201cEl compromiso que hoy hemos asumido representa el esp\u00edritu de cooperaci\u00f3n y responsabilidad que impulsa la COP16. Este acuerdo nos permitir\u00e1 proteger \u00e1reas clave para el planeta, asegurando que los oc\u00e9anos, nuestros grandes reguladores clim\u00e1ticos y fuente de vida, tengan una defensa s\u00f3lida y global\u201d.<\/em><\/p>\n\n\n\n<p>Este acuerdo, respaldado por delegados de diversas regiones del mundo, establece un innovador proceso cient\u00edfico y t\u00e9cnico para identificar<a href=\"https:\/\/www.cbd.int\/ebsa\/\" target=\"_blank\" rel=\"noreferrer noopener\">&nbsp;\u00c1reas Marinas de Importancia Ecol\u00f3gica y Biol\u00f3gica (EBSAs, por sus siglas en ingl\u00e9s).<\/a>&nbsp;As\u00ed, se promueve la protecci\u00f3n de especies y ecosistemas esenciales en aguas internacionales, fuera de la jurisdicci\u00f3n de cualquier pa\u00eds.<\/p>\n\n\n\n<p>En los d\u00edas siguientes,<strong>&nbsp;el Grupo Asesor establecer\u00e1 directrices cient\u00edficas de revisi\u00f3n voluntaria<\/strong>&nbsp;para garantizar transparencia en la identificaci\u00f3n de \u00e1reas de inter\u00e9s ecol\u00f3gico.<\/p>\n\n\n\n<p><img data-recalc-dims=\"1\" loading=\"lazy\" decoding=\"async\" src=\"https:\/\/i0.wp.com\/www.cop16colombia.com\/es\/wp-content\/uploads\/2024\/10\/COP16-Presidenta-Susana-Muhamad-Proteccion-1024x685.jpeg?resize=640%2C428&#038;ssl=1\" alt=\"Una mujer est\u00e1 sentada en el escenario frente a una mesa, con un micr\u00f3fono de base en frente. Es Susana Muhamad, Presidenta de la COP16 y ministra de Ambiente, quien se encuentra en el momento de cierre del evento. Con su mano izquierda sostiene un mazo en alto, mostrando decisi\u00f3n en su rostro mientras dirige su mirada hacia el p\u00fablico. A sus lados, se pueden distinguir parcialmente a dos personas que salen del encuadre. Detr\u00e1s de ellos, una gran pantalla proyecta un fondo azul que a\u00f1ade una atm\u00f3sfera de solemnidad al escenario. Durante la plenaria en la que se aprob\u00f3 la protecci\u00f3n de \u00e1reas marinas clave.\" width=\"640\" height=\"428\" srcset=\"https:\/\/www.cop16colombia.com\/es\/wp-content\/uploads\/2024\/10\/COP16-Presidenta-Susana-Muhamad-Proteccion-1024x685.jpeg 1024w, https:\/\/www.cop16colombia.com\/es\/wp-content\/uploads\/2024\/10\/COP16-Presidenta-Susana-Muhamad-Proteccion-300x201.jpeg 300w, https:\/\/www.cop16colombia.com\/es\/wp-content\/uploads\/2024\/10\/COP16-Presidenta-Susana-Muhamad-Proteccion-768x514.jpeg 768w, https:\/\/www.cop16colombia.com\/es\/wp-content\/uploads\/2024\/10\/COP16-Presidenta-Susana-Muhamad-Proteccion-1536x1027.jpeg 1536w, https:\/\/www.cop16colombia.com\/es\/wp-content\/uploads\/2024\/10\/COP16-Presidenta-Susana-Muhamad-Proteccion-18x12.jpeg 18w, https:\/\/www.cop16colombia.com\/es\/wp-content\/uploads\/2024\/10\/COP16-Presidenta-Susana-Muhamad-Proteccion.jpeg 1600w\"\/><\/p>\n\n\n\n<p id=\"caption-attachment-64540\">Tras una marat\u00f3nica jornada de negociaciones que finaliz\u00f3 entrada la madrugada de este 31 de octubre, la presidenta de la COP16, Susana Muhamad, dio el martillazo con el que se aprob\u00f3 de manera oficial el acuerdo sobre la protecci\u00f3n de \u00e1reas marinas clave para la conservaci\u00f3n ecol\u00f3gica y la protecci\u00f3n de la biodiversidad, considerado por muchos como un avance significativo y un logro de esta COP.<\/p>\n\n\n\n<blockquote class=\"wp-block-quote is-layout-flow wp-block-quote-is-layout-flow\">\n<p>Este es el primer gran acuerdo que se alcanza en la COP16 entre los pa\u00edses, que busca identificar y conservar \u00e1reas marinas de alta importancia ecol\u00f3gica en aguas internacionales, fortaleciendo la gobernanza global sobre los oc\u00e9anos.<\/p>\n<\/blockquote>\n\n\n\n<h3 class=\"wp-block-heading\"><strong>Puntos destacados del acuerdo sobre \u00e1reas marinas<\/strong><\/h3>\n\n\n\n<ul class=\"wp-block-list\">\n<li><strong>Creaci\u00f3n de un Grupo Asesor Internacional:<\/strong>\u00a0El grupo, compuesto por expertos globales, tendr\u00e1 la misi\u00f3n de supervisar la identificaci\u00f3n y actualizaci\u00f3n de las EBSAs, coordinando esfuerzos de conservaci\u00f3n en zonas internacionales.<\/li>\n\n\n\n<li><strong>Reconocimiento del car\u00e1cter t\u00e9cnico del proceso:<\/strong>\u00a0La descripci\u00f3n de estas \u00e1reas se realizar\u00e1 exclusivamente bajo criterios cient\u00edficos y t\u00e9cnicos, sin implicaciones sobre soberan\u00eda territorial, manteniendo la neutralidad y respeto entre las naciones.<\/li>\n\n\n\n<li><strong>Participaci\u00f3n inclusiva:\u00a0<\/strong>Se promover\u00e1 la participaci\u00f3n activa de pueblos ind\u00edgenas, comunidades locales, mujeres y j\u00f3venes en los an\u00e1lisis y la toma de decisiones, integrando conocimientos tradicionales fundamentales.<\/li>\n\n\n\n<li><strong>Financiamiento internacional:<\/strong>\u00a0Gracias al apoyo de pa\u00edses como Alemania, B\u00e9lgica, Canad\u00e1, Noruega y Suecia, se realizar\u00e1n talleres cient\u00edficos y t\u00e9cnicos que reunir\u00e1 a cient\u00edficos y representantes comunitarios para ajustar las descripciones de las EBSAs.<\/li>\n\n\n\n<li><strong>Pr\u00f3rroga del mandato del Grupo Asesor:\u00a0<\/strong>Se ha decidido extender el mandato de este grupo, garantizando un enfoque adecuado en la conservaci\u00f3n marina.<\/li>\n\n\n\n<li><strong>Compromiso con el marco legal internacional:\u00a0<\/strong>Se reafirma el papel de la Asamblea General de la ONU en la conservaci\u00f3n y uso sostenible de la biodiversidad marina fuera de la jurisdicci\u00f3n nacional, promoviendo un futuro m\u00e1s sostenible y colaborativo.<\/li>\n<\/ul>\n\n\n\n<blockquote class=\"wp-block-quote is-layout-flow wp-block-quote-is-layout-flow\">\n<p>El acuerdo promueve la participaci\u00f3n activa de pueblos ind\u00edgenas, comunidades locales y otros grupos en el proceso de conservaci\u00f3n, respaldado por financiamiento de pa\u00edses como Alemania, Canad\u00e1 y Suecia para realizar talleres cient\u00edficos y t\u00e9cnicos.<\/p>\n<\/blockquote>\n\n\n\n<p>cop16colombia.com<\/p>\n","protected":false},"excerpt":{"rendered":"<p>Cali, 31 de octubre de 2024&nbsp;\u2013 Con gran ovaci\u00f3n los asistentes a la plenaria de la COP16 celebraron la aprobaci\u00f3n del acuerdo global para identificar y conservar&nbsp;\u00e1reas marinas de alta importancia ecol\u00f3gica en aguas internacionales&nbsp;luego de ocho a\u00f1os de arduo trabajo en las negociaciones. Este consenso marca un avance significativo en la implementaci\u00f3n del&nbsp;Marco Global [&hellip;]<\/p>\n","protected":false},"author":1,"featured_media":174942,"comment_status":"closed","ping_status":"closed","sticky":false,"template":"","format":"standard","meta":{"_acf_changed":false,"_jetpack_memberships_contains_paid_content":false,"footnotes":"","jetpack_publicize_message":"","jetpack_publicize_feature_enabled":true,"jetpack_social_post_already_shared":true,"jetpack_social_options":{"image_generator_settings":{"template":"highway","default_image_id":0,"font":"","enabled":false},"version":2}},"categories":[6],"tags":[],"class_list":["post-174941","post","type-post","status-publish","format-standard","has-post-thumbnail","hentry","category-ecologia"],"acf":[],"jetpack_publicize_connections":[],"jetpack_featured_media_url":"https:\/\/i0.wp.com\/sportseco.com\/wp-content\/uploads\/2024\/10\/images-2.jpeg?fit=299%2C168&ssl=1","jetpack_sharing_enabled":true,"_links":{"self":[{"href":"https:\/\/sportseco.com\/index.php?rest_route=\/wp\/v2\/posts\/174941","targetHints":{"allow":["GET"]}}],"collection":[{"href":"https:\/\/sportseco.com\/index.php?rest_route=\/wp\/v2\/posts"}],"about":[{"href":"https:\/\/sportseco.com\/index.php?rest_route=\/wp\/v2\/types\/post"}],"author":[{"embeddable":true,"href":"https:\/\/sportseco.com\/index.php?rest_route=\/wp\/v2\/users\/1"}],"replies":[{"embeddable":true,"href":"https:\/\/sportseco.com\/index.php?rest_route=%2Fwp%2Fv2%2Fcomments&post=174941"}],"version-history":[{"count":1,"href":"https:\/\/sportseco.com\/index.php?rest_route=\/wp\/v2\/posts\/174941\/revisions"}],"predecessor-version":[{"id":174943,"href":"https:\/\/sportseco.com\/index.php?rest_route=\/wp\/v2\/posts\/174941\/revisions\/174943"}],"wp:featuredmedia":[{"embeddable":true,"href":"https:\/\/sportseco.com\/index.php?rest_route=\/wp\/v2\/media\/174942"}],"wp:attachment":[{"href":"https:\/\/sportseco.com\/index.php?rest_route=%2Fwp%2Fv2%2Fmedia&parent=174941"}],"wp:term":[{"taxonomy":"category","embeddable":true,"href":"https:\/\/sportseco.com\/index.php?rest_route=%2Fwp%2Fv2%2Fcategories&post=174941"},{"taxonomy":"post_tag","embeddable":true,"href":"https:\/\/sportseco.com\/index.php?rest_route=%2Fwp%2Fv2%2Ftags&post=174941"}],"curies":[{"name":"wp","href":"https:\/\/api.w.org\/{rel}","templated":true}]}}