{"id":174975,"date":"2024-11-01T09:18:01","date_gmt":"2024-11-01T13:18:01","guid":{"rendered":"https:\/\/sportseco.com\/?p=174975"},"modified":"2024-11-01T09:18:05","modified_gmt":"2024-11-01T13:18:05","slug":"amorim-se-une-a-manchester-united","status":"publish","type":"post","link":"https:\/\/sportseco.com\/?p=174975","title":{"rendered":"Amorim se une a Manchester United"},"content":{"rendered":"\n<p>Manchester United se complace en anunciar el nombramiento del portugu\u00e9s de 39 a\u00f1os como entrenador del plantel de primera divisi\u00f3n. El mismo se encuentra sujeto a requisitos de visa de trabajo.<\/p>\n\n\n\n<p>Una vez que haya cumplido con sus obligaciones en su club actual, Amorin firmar\u00e1 hasta junio de 2027 con opci\u00f3n de un a\u00f1o adicional de extensi\u00f3n, incorpor\u00e1ndose al cuerpo t\u00e9cnico el lunes 11 de noviembre.<\/p>\n\n\n\n<p>R\u00faben es uno de los entrenadores j\u00f3venes m\u00e1s interesantes y mejor valorados del f\u00fatbol europeo, ya que sali\u00f3 campe\u00f3n de la Primeira Liga con Sporting de Lisboa, cortando con una sequ\u00eda de 19 a\u00f1os sin t\u00edtulos.<\/p>\n\n\n\n<p>Mientras el nuevo entrenador se prepara para asumir su cargo, Ruud van Nistelrooy seguir\u00e1 al frente del equipo como t\u00e9cnico interino. De esta manera, el neerland\u00e9s dirigir\u00e1 a los Red Devils ante Chelsea, PAOK y Leicester City.<\/p>\n\n\n\n<p><\/p>\n\n\n\n<p>manutd.com<\/p>\n","protected":false},"excerpt":{"rendered":"<p>Manchester United se complace en anunciar el nombramiento del portugu\u00e9s de 39 a\u00f1os como entrenador del plantel de primera divisi\u00f3n. El mismo se encuentra sujeto a requisitos de visa de trabajo. Una vez que haya cumplido con sus obligaciones en su club actual, Amorin firmar\u00e1 hasta junio de 2027 con opci\u00f3n de un a\u00f1o adicional [&hellip;]<\/p>\n","protected":false},"author":1,"featured_media":174976,"comment_status":"closed","ping_status":"closed","sticky":false,"template":"","format":"standard","meta":{"_acf_changed":false,"_jetpack_memberships_contains_paid_content":false,"footnotes":"","jetpack_publicize_message":"","jetpack_publicize_feature_enabled":true,"jetpack_social_post_already_shared":true,"jetpack_social_options":{"image_generator_settings":{"template":"highway","default_image_id":0,"font":"","enabled":false},"version":2}},"categories":[5],"tags":[],"class_list":["post-174975","post","type-post","status-publish","format-standard","has-post-thumbnail","hentry","category-futbol"],"acf":[],"jetpack_publicize_connections":[],"jetpack_featured_media_url":"https:\/\/i0.wp.com\/sportseco.com\/wp-content\/uploads\/2024\/11\/Article__Spanish_1730397466136_xlarge.webp?fit=1295%2C551&ssl=1","jetpack_sharing_enabled":true,"_links":{"self":[{"href":"https:\/\/sportseco.com\/index.php?rest_route=\/wp\/v2\/posts\/174975","targetHints":{"allow":["GET"]}}],"collection":[{"href":"https:\/\/sportseco.com\/index.php?rest_route=\/wp\/v2\/posts"}],"about":[{"href":"https:\/\/sportseco.com\/index.php?rest_route=\/wp\/v2\/types\/post"}],"author":[{"embeddable":true,"href":"https:\/\/sportseco.com\/index.php?rest_route=\/wp\/v2\/users\/1"}],"replies":[{"embeddable":true,"href":"https:\/\/sportseco.com\/index.php?rest_route=%2Fwp%2Fv2%2Fcomments&post=174975"}],"version-history":[{"count":1,"href":"https:\/\/sportseco.com\/index.php?rest_route=\/wp\/v2\/posts\/174975\/revisions"}],"predecessor-version":[{"id":174977,"href":"https:\/\/sportseco.com\/index.php?rest_route=\/wp\/v2\/posts\/174975\/revisions\/174977"}],"wp:featuredmedia":[{"embeddable":true,"href":"https:\/\/sportseco.com\/index.php?rest_route=\/wp\/v2\/media\/174976"}],"wp:attachment":[{"href":"https:\/\/sportseco.com\/index.php?rest_route=%2Fwp%2Fv2%2Fmedia&parent=174975"}],"wp:term":[{"taxonomy":"category","embeddable":true,"href":"https:\/\/sportseco.com\/index.php?rest_route=%2Fwp%2Fv2%2Fcategories&post=174975"},{"taxonomy":"post_tag","embeddable":true,"href":"https:\/\/sportseco.com\/index.php?rest_route=%2Fwp%2Fv2%2Ftags&post=174975"}],"curies":[{"name":"wp","href":"https:\/\/api.w.org\/{rel}","templated":true}]}}