{"id":174980,"date":"2024-11-01T18:35:18","date_gmt":"2024-11-01T22:35:18","guid":{"rendered":"https:\/\/sportseco.com\/?p=174980"},"modified":"2024-11-01T18:35:23","modified_gmt":"2024-11-01T22:35:23","slug":"en-tan-solo-doce-dias-mas-de-900-000-personas-visitaron-la-zona-verde-de-la-cop-16","status":"publish","type":"post","link":"https:\/\/sportseco.com\/?p=174980","title":{"rendered":"En tan solo doce d\u00edas, m\u00e1s de 900.000 personas visitaron la Zona Verde de la COP 16"},"content":{"rendered":"\n<p><strong>Cali, 1 de noviembre de 2024<\/strong><strong>\u2013&nbsp;<\/strong>En tan solo doce d\u00edas, los&nbsp;&nbsp;350.000 m2&nbsp;de la&nbsp;Zona Verde&nbsp;de la&nbsp;COP16, fue visitada por m\u00e1s de&nbsp;900.000&nbsp; personas&nbsp;de distintas regiones del mundo, superando m\u00e1s del doble de la&nbsp; expectativa inicial y generando&nbsp;<strong>m\u00e1s de tres mil&nbsp;<\/strong><strong>empleos directos e indirectos para su operaci\u00f3n.&nbsp;<\/strong><\/p>\n\n\n\n<p><em>\u201cLa zona verde fue un \u00e9xito total,&nbsp;<a href=\"https:\/\/www.cop16colombia.com\/es\/record-de-asistencia-zona-verde\/\">se ten\u00eda previsto un ingreso de aproximadamente&nbsp;<\/a><\/em><em><a href=\"https:\/\/www.cop16colombia.com\/es\/record-de-asistencia-zona-verde\/\">150 mil personas<\/a>,&nbsp;<\/em><em>en este momento el registro est\u00e1 en&nbsp;<\/em><strong><em>m\u00e1s 900 mil personas<\/em><\/strong><strong><em>, y se lograron ventas por m\u00e1s de&nbsp;<\/em><\/strong><strong><em>trescientos millones de pesos<\/em><\/strong><em>, por parte de los Negocios Verdes y las econom\u00edas de la biodiversidad<\/em>\u201d, afirm\u00f3&nbsp;<strong>Mauricio Cabrera, viceministro de Pol\u00edticas y Normalizaci\u00f3n de MinAmbiente.&nbsp;<\/strong><\/p>\n\n\n\n<p>La&nbsp;COP16, convierte a Cali en la capital mundial de la biodiversidad que logr\u00f3 movilizarse y activar su econom\u00eda local y nacional, con propuestas que le apuestan&nbsp; a la conservaci\u00f3n de los recursos naturales y a una movilizaci\u00f3n mundial,&nbsp;<em>\u201cEste&nbsp; encuentro marc\u00f3 una concurrencia desde lo global y devolvi\u00f3 el orgullo que Cali&nbsp; hab\u00eda perdido hist\u00f3ricamente y que se reactiva gracias a una actividad que puso en&nbsp; el centro de la biodiversidad del mundo la ciudad de Cali\u201d,&nbsp;<\/em>sostuvo&nbsp;<strong>Jos\u00e9 Perea, Jefe de la Oficina de Negocios Verdes de MinAmbiente.&nbsp;<\/strong><\/p>\n\n\n\n<h3 class=\"wp-block-heading\"><img data-recalc-dims=\"1\" loading=\"lazy\" decoding=\"async\" src=\"https:\/\/i0.wp.com\/www.cop16colombia.com\/es\/wp-content\/uploads\/2024\/10\/COP16-Pueblos-indigenas-amazonicos-inauguracion-1024x683.jpeg?resize=640%2C427&#038;ssl=1\" alt=\"Cinco personas pertenecientes a los pueblos amaz\u00f3nicos, de pie, detr\u00e1s de letras tridimensionales que deletrea OPIAC; en el marco de la COP16 en la ciudad de Cali.\" width=\"640\" height=\"427\" srcset=\"https:\/\/www.cop16colombia.com\/es\/wp-content\/uploads\/2024\/10\/COP16-Pueblos-indigenas-amazonicos-inauguracion-1024x683.jpeg 1024w, https:\/\/www.cop16colombia.com\/es\/wp-content\/uploads\/2024\/10\/COP16-Pueblos-indigenas-amazonicos-inauguracion-300x200.jpeg 300w, https:\/\/www.cop16colombia.com\/es\/wp-content\/uploads\/2024\/10\/COP16-Pueblos-indigenas-amazonicos-inauguracion-768x512.jpeg 768w, https:\/\/www.cop16colombia.com\/es\/wp-content\/uploads\/2024\/10\/COP16-Pueblos-indigenas-amazonicos-inauguracion-1536x1024.jpeg 1536w, https:\/\/www.cop16colombia.com\/es\/wp-content\/uploads\/2024\/10\/COP16-Pueblos-indigenas-amazonicos-inauguracion-2048x1365.jpeg 2048w, https:\/\/www.cop16colombia.com\/es\/wp-content\/uploads\/2024\/10\/COP16-Pueblos-indigenas-amazonicos-inauguracion-18x12.jpeg 18w\"\/>Econom\u00edas campesinas y negocios verdes en la Zona Verde de la COP16<\/h3>\n\n\n\n<p>Las ventas de las cerca de tres mil econom\u00edas populares, campesinas, afros y&nbsp;<a href=\"https:\/\/www.minambiente.gov.co\/negocios-verdes\/\" target=\"_blank\" rel=\"noreferrer noopener\">Negocios Verdes<\/a>&nbsp;de todo el pa\u00eds, lograron que emprendimientos como Cuaro Viche&nbsp; de R\u00edo, alcanzaran ventas significativas,&nbsp;<em>\u201cPara nosotros fue realmente muy especial&nbsp; ser parte de este momento hist\u00f3rico en Colombia, trajimos a la COP16, quince cajas&nbsp; de viche y tuvimos ganancias en alrededor 7 millones de pesos. Entonces de aqu\u00ed,&nbsp; nos vamos completamente recargados y felices\u201d&nbsp;<\/em>finaliz\u00f3&nbsp;Gilmaren Aragon, directora de&nbsp;Cuaro Viche de R\u00edo.&nbsp;&nbsp;<\/p>\n\n\n\n<p>En la historia de las COP,&nbsp;<a href=\"https:\/\/www.cop16colombia.com\/es\/agenda-oficial-cop16\/agenda-zona-verde\/\">es la primera vez que se establece una Zona Verde con la participaci\u00f3n de la gente. Por<\/a>&nbsp;ello, esta Cumbre de Biodiversidad marc\u00f3 un cambio en la forma en que la humanidad se relaciona con el Convenio de Diversidad&nbsp;Biol\u00f3gica y se moviliza, logrando que todo el pa\u00eds se articule en sus territorios con&nbsp; un mismo objetivo: alcanzar la&nbsp;<strong>Paz con la Naturaleza.<\/strong><\/p>\n\n\n\n<p><\/p>\n\n\n\n<p>cop16colombia.com<\/p>\n","protected":false},"excerpt":{"rendered":"<p>Cali, 1 de noviembre de 2024\u2013&nbsp;En tan solo doce d\u00edas, los&nbsp;&nbsp;350.000 m2&nbsp;de la&nbsp;Zona Verde&nbsp;de la&nbsp;COP16, fue visitada por m\u00e1s de&nbsp;900.000&nbsp; personas&nbsp;de distintas regiones del mundo, superando m\u00e1s del doble de la&nbsp; expectativa inicial y generando&nbsp;m\u00e1s de tres mil&nbsp;empleos directos e indirectos para su operaci\u00f3n.&nbsp; \u201cLa zona verde fue un \u00e9xito total,&nbsp;se ten\u00eda previsto un ingreso [&hellip;]<\/p>\n","protected":false},"author":1,"featured_media":174981,"comment_status":"closed","ping_status":"closed","sticky":false,"template":"","format":"standard","meta":{"_acf_changed":false,"_jetpack_memberships_contains_paid_content":false,"footnotes":"","jetpack_publicize_message":"","jetpack_publicize_feature_enabled":true,"jetpack_social_post_already_shared":true,"jetpack_social_options":{"image_generator_settings":{"template":"highway","default_image_id":0,"font":"","enabled":false},"version":2}},"categories":[6],"tags":[],"class_list":["post-174980","post","type-post","status-publish","format-standard","has-post-thumbnail","hentry","category-ecologia"],"acf":[],"jetpack_publicize_connections":[],"jetpack_featured_media_url":"https:\/\/i0.wp.com\/sportseco.com\/wp-content\/uploads\/2024\/11\/COP-16-Asistencia-Zona-Verde-2-1280x640-1.jpg?fit=1280%2C640&ssl=1","jetpack_sharing_enabled":true,"_links":{"self":[{"href":"https:\/\/sportseco.com\/index.php?rest_route=\/wp\/v2\/posts\/174980","targetHints":{"allow":["GET"]}}],"collection":[{"href":"https:\/\/sportseco.com\/index.php?rest_route=\/wp\/v2\/posts"}],"about":[{"href":"https:\/\/sportseco.com\/index.php?rest_route=\/wp\/v2\/types\/post"}],"author":[{"embeddable":true,"href":"https:\/\/sportseco.com\/index.php?rest_route=\/wp\/v2\/users\/1"}],"replies":[{"embeddable":true,"href":"https:\/\/sportseco.com\/index.php?rest_route=%2Fwp%2Fv2%2Fcomments&post=174980"}],"version-history":[{"count":1,"href":"https:\/\/sportseco.com\/index.php?rest_route=\/wp\/v2\/posts\/174980\/revisions"}],"predecessor-version":[{"id":174982,"href":"https:\/\/sportseco.com\/index.php?rest_route=\/wp\/v2\/posts\/174980\/revisions\/174982"}],"wp:featuredmedia":[{"embeddable":true,"href":"https:\/\/sportseco.com\/index.php?rest_route=\/wp\/v2\/media\/174981"}],"wp:attachment":[{"href":"https:\/\/sportseco.com\/index.php?rest_route=%2Fwp%2Fv2%2Fmedia&parent=174980"}],"wp:term":[{"taxonomy":"category","embeddable":true,"href":"https:\/\/sportseco.com\/index.php?rest_route=%2Fwp%2Fv2%2Fcategories&post=174980"},{"taxonomy":"post_tag","embeddable":true,"href":"https:\/\/sportseco.com\/index.php?rest_route=%2Fwp%2Fv2%2Ftags&post=174980"}],"curies":[{"name":"wp","href":"https:\/\/api.w.org\/{rel}","templated":true}]}}