{"id":174998,"date":"2024-11-01T19:16:25","date_gmt":"2024-11-01T23:16:25","guid":{"rendered":"https:\/\/sportseco.com\/?p=174998"},"modified":"2024-11-01T19:16:31","modified_gmt":"2024-11-01T23:16:31","slug":"la-omm-destaca-la-importancia-de-la-iniciativa-alerta-temprana-para-todos-tras-las-devastadoras-lluvias-en-espana","status":"publish","type":"post","link":"https:\/\/sportseco.com\/?p=174998","title":{"rendered":"La OMM destaca la importancia de la iniciativa Alerta Temprana para Todos tras las devastadoras lluvias en Espa\u00f1a"},"content":{"rendered":"\n<p>En todo el mundo se han registrado m\u00e1s fen\u00f3menos meteorol\u00f3gicos extremos vinculados con el cambio clim\u00e1tico provocado por el hombre.<\/p>\n\n\n\n<p>Se prev\u00e9 que el cambio clim\u00e1tico haga que los fen\u00f3menos como la DANA sean m\u00e1s intensos debido al calentamiento de las aguas del mar y al aumento de la humedad en la atm\u00f3sfera, advierte la agencia de meteorolog\u00eda.<\/p>\n\n\n\n<p>Unas lluvias e inundaciones repentinas sin precedentes han asolado Espa\u00f1a, causando decenas de v\u00edctimas y p\u00e9rdidas econ\u00f3micas. Se trata de la \u00faltima de una serie de cat\u00e1strofes por inundaciones que han afectado a comunidades de todo el mundo,&nbsp;<a href=\"https:\/\/wmo.int\/media\/news\/devastating-rainfall-hits-spain-yet-another-flood-related-disaster\" target=\"_blank\" rel=\"noreferrer noopener\">se\u00f1al\u00f3<\/a>&nbsp;la&nbsp;<a href=\"https:\/\/public.wmo.int\/es\" target=\"_blank\" rel=\"noreferrer noopener\">Organizaci\u00f3n Meteorol\u00f3gica Mundial<\/a>&nbsp;(<a href=\"https:\/\/public.wmo.int\/es\" target=\"_blank\" rel=\"noreferrer noopener\">OMM<\/a>) este jueves.<\/p>\n\n\n\n<p>Seg\u00fan la agencia, el suceso \u00abpone de relieve por qu\u00e9 la m\u00e1xima prioridad de la comunidad de la OMM es salvar vidas a medida que el cambio clim\u00e1tico potencia las condiciones meteorol\u00f3gicas extremas\u201d.<\/p>\n\n\n\n<p>La Comunidad Valenciana ha sido la m\u00e1s afectada, con muchos lugares que recibieron m\u00e1s de 300 l\/m\u00b2. Los d\u00edas 29 y 30 de octubre, una estaci\u00f3n meteorol\u00f3gica de Chiva recibi\u00f3 491 l\/m\u00b2 en s\u00f3lo ocho horas, el equivalente a un a\u00f1o de precipitaciones, seg\u00fan la Agencia Estatal de Meteorolog\u00eda (AEMET).<\/p>\n\n\n\n<p>El n\u00famero de v\u00edctimas mortales supera ya las 150. Las im\u00e1genes del suceso muestran a personas arrastradas por el agua en coches y furiosos torrentes de agua mortal. Decenas de miles de valencianos se han quedado sin electricidad y el transporte qued\u00f3 interrumpido. El gobierno espa\u00f1ol declar\u00f3 tres d\u00edas de luto nacional.<\/p>\n\n\n\n<p>La AEMET, que es la fuente oficial de alertas autorizadas en Espa\u00f1a, emiti\u00f3 numerosas alertas en virtud del&nbsp;<a href=\"https:\/\/severeweather.wmo.int\/index.html\" target=\"_blank\" rel=\"noreferrer noopener\"><em>Protocolo de Alerta Com\u00fan<\/em><\/a>. Entre ellos, alertas \u00e1mbar y roja de m\u00e1ximo nivel por lluvias torrenciales continuadas en el este y el suroeste de Espa\u00f1a. El aeropuerto de Jerez, en el suroeste de Espa\u00f1a, recibi\u00f3 el 30 de octubre la cifra r\u00e9cord de 114,8 mm de lluvia en 24 horas.<\/p>\n\n\n\n<h2 class=\"wp-block-heading\">Fortalecer la iniciativa Alerta Temprana para Todos<\/h2>\n\n\n\n<p>La OMM colabora con sus miembros, los Servicios Meteorol\u00f3gicos e Hidrol\u00f3gicos Nacionales, para&nbsp;<strong>garantizar que las previsiones exactas y oportunas lleguen a tiempo a la poblaci\u00f3n y permitan actuar con prontitud<\/strong>. \u201cNuestra misi\u00f3n principal es salvar vidas y medios de subsistencia, y esto es lo que impulsa la iniciativa internacional&nbsp;<a href=\"https:\/\/news.un.org\/es\/story\/2022\/11\/1516702\"><em>Alerta Temprana para Todos<\/em><\/a>\u201d, se\u00f1al\u00f3 el organismo.<\/p>\n\n\n\n<p>Otras partes de Europa tambi\u00e9n se han visto gravemente afectadas por las inundaciones este a\u00f1o. A mediados de septiembre de 2024, una regi\u00f3n muy extensa de Europa Central experiment\u00f3 lluvias muy intensas, batiendo r\u00e9cords de precipitaciones locales y nacionales.<\/p>\n\n\n\n<p>El Instituto Meteorol\u00f3gico Noruego alert\u00f3 de un fen\u00f3meno del tipo \u201cr\u00edo atmosf\u00e9rico\u201d que afectar\u00e1 a los pa\u00edses n\u00f3rdicos el 31 de octubre y el 1 de noviembre.<\/p>\n\n\n\n<h2 class=\"wp-block-heading\">El papel del cambio clim\u00e1tico<\/h2>\n\n\n\n<p>Seg\u00fan el Grupo Intergubernamental de&nbsp;<a href=\"https:\/\/archive.ipcc.ch\/home_languages_main_spanish.shtml\" target=\"_blank\" rel=\"noreferrer noopener\">Expertos sobre el Cambio Clim\u00e1tico<\/a>, los fen\u00f3menos meteorol\u00f3gicos extremos que provocan inundaciones y sequ\u00edas de gran impacto son cada vez m\u00e1s probables y graves debido al cambio clim\u00e1tico antropog\u00e9nico. Y as\u00ed lo confirman los sucesos.<\/p>\n\n\n\n<p>\u201cComo consecuencia del aumento de las temperaturas, el ciclo hidrol\u00f3gico se ha acelerado. Tambi\u00e9n se ha vuelto m\u00e1s err\u00e1tico e impredecible, y nos enfrentamos a problemas crecientes de exceso o escasez de agua.&nbsp;<strong>Una atm\u00f3sfera m\u00e1s c\u00e1lida retiene m\u00e1s humedad, lo que favorece las lluvias torrenciales<\/strong>\u201d, declar\u00f3 la secretaria general de la OMM, Celeste Saulo.<\/p>\n\n\n\n<p>El fen\u00f3meno que afect\u00f3 a Espa\u00f1a -conocido como Depresi\u00f3n Aislada en Niveles Altos (DANA)- suele producirse durante la estaci\u00f3n oto\u00f1al porque el calor superficial que queda del verano se encuentra con una repentina invasi\u00f3n fr\u00eda en el aire procedente de las regiones polares. Esto da lugar a lo que los meteor\u00f3logos sol\u00edan llamar \u00bb&#8217;un sistema de corte\u00bb&#8217; con valores de bajas presiones que persisten durante unos d\u00edas y que rotan sobre la regi\u00f3n afectada. Tambi\u00e9n afect\u00f3 al sur de Francia.<\/p>\n\n\n\n<p>\u201cLa presencia de aire c\u00e1lido cerca de la superficie alimentado por el exceso de humedad del mar Mediterr\u00e1neo, a\u00fan caliente, y la inestabilidad generada por el conflicto con el aire fr\u00edo de la atm\u00f3sfera superior dan lugar a grandes nubes convectivas con fuertes aguaceros y repentinas inundaciones repentinas\u201d, explica el responsable de Vigilancia del Clima de la OMM.<\/p>\n\n\n\n<p>\u201c<strong>Se prev\u00e9 que el cambio clim\u00e1tico haga que estos sistemas sean m\u00e1s intensos<\/strong>&nbsp;debido al calentamiento de las aguas del mar y al aumento de la humedad en la atm\u00f3sfera\u201d, a\u00f1adi\u00f3 Omar Baddour.<\/p>\n\n\n\n<p>Por cada 1\u00b0C de calentamiento, el aire saturado contiene entre un 7 y un 9% m\u00e1s de vapor de agua por t\u00e9rmino medio. Este aumento de la humedad atmosf\u00e9rica incrementa el riesgo de precipitaciones extremas.<\/p>\n\n\n\n<p><\/p>\n\n\n\n<p>news.un.org<\/p>\n","protected":false},"excerpt":{"rendered":"<p>En todo el mundo se han registrado m\u00e1s fen\u00f3menos meteorol\u00f3gicos extremos vinculados con el cambio clim\u00e1tico provocado por el hombre. Se prev\u00e9 que el cambio clim\u00e1tico haga que los fen\u00f3menos como la DANA sean m\u00e1s intensos debido al calentamiento de las aguas del mar y al aumento de la humedad en la atm\u00f3sfera, advierte la [&hellip;]<\/p>\n","protected":false},"author":1,"featured_media":174999,"comment_status":"closed","ping_status":"closed","sticky":false,"template":"","format":"standard","meta":{"_acf_changed":false,"_jetpack_memberships_contains_paid_content":false,"footnotes":"","jetpack_publicize_message":"","jetpack_publicize_feature_enabled":true,"jetpack_social_post_already_shared":true,"jetpack_social_options":{"image_generator_settings":{"template":"highway","default_image_id":0,"font":"","enabled":false},"version":2}},"categories":[6],"tags":[],"class_list":["post-174998","post","type-post","status-publish","format-standard","has-post-thumbnail","hentry","category-ecologia"],"acf":[],"jetpack_publicize_connections":[],"jetpack_featured_media_url":"https:\/\/i0.wp.com\/sportseco.com\/wp-content\/uploads\/2024\/11\/image1170x530cropped.jpg?fit=1170%2C530&ssl=1","jetpack_sharing_enabled":true,"_links":{"self":[{"href":"https:\/\/sportseco.com\/index.php?rest_route=\/wp\/v2\/posts\/174998","targetHints":{"allow":["GET"]}}],"collection":[{"href":"https:\/\/sportseco.com\/index.php?rest_route=\/wp\/v2\/posts"}],"about":[{"href":"https:\/\/sportseco.com\/index.php?rest_route=\/wp\/v2\/types\/post"}],"author":[{"embeddable":true,"href":"https:\/\/sportseco.com\/index.php?rest_route=\/wp\/v2\/users\/1"}],"replies":[{"embeddable":true,"href":"https:\/\/sportseco.com\/index.php?rest_route=%2Fwp%2Fv2%2Fcomments&post=174998"}],"version-history":[{"count":1,"href":"https:\/\/sportseco.com\/index.php?rest_route=\/wp\/v2\/posts\/174998\/revisions"}],"predecessor-version":[{"id":175000,"href":"https:\/\/sportseco.com\/index.php?rest_route=\/wp\/v2\/posts\/174998\/revisions\/175000"}],"wp:featuredmedia":[{"embeddable":true,"href":"https:\/\/sportseco.com\/index.php?rest_route=\/wp\/v2\/media\/174999"}],"wp:attachment":[{"href":"https:\/\/sportseco.com\/index.php?rest_route=%2Fwp%2Fv2%2Fmedia&parent=174998"}],"wp:term":[{"taxonomy":"category","embeddable":true,"href":"https:\/\/sportseco.com\/index.php?rest_route=%2Fwp%2Fv2%2Fcategories&post=174998"},{"taxonomy":"post_tag","embeddable":true,"href":"https:\/\/sportseco.com\/index.php?rest_route=%2Fwp%2Fv2%2Ftags&post=174998"}],"curies":[{"name":"wp","href":"https:\/\/api.w.org\/{rel}","templated":true}]}}