{"id":175010,"date":"2024-11-02T09:51:05","date_gmt":"2024-11-02T13:51:05","guid":{"rendered":"https:\/\/sportseco.com\/?p=175010"},"modified":"2024-11-02T09:51:10","modified_gmt":"2024-11-02T13:51:10","slug":"dia-internacional-para-poner-fin-a-la-impunidad-de-los-crimenes-contra-periodistas-2-de-noviembre-8","status":"publish","type":"post","link":"https:\/\/sportseco.com\/?p=175010","title":{"rendered":"D\u00eda Internacional para Poner Fin a la Impunidad de los Cr\u00edmenes contra Periodistas, 2 de noviembre"},"content":{"rendered":"\n<p>Acabar con la impunidad de los cr\u00edmenes contra periodistas es uno de los desaf\u00edos m\u00e1s grandes y complejos de los \u00faltimos tiempos. Es esencial para garantizar la libertad de expresi\u00f3n y el acceso a la informaci\u00f3n de todos los ciudadanos.<\/p>\n\n\n\n<p>Ante el auge de los conflictos y otras crisis, la conmemoraci\u00f3n de 2024 pone sobre la mesa un debate m\u00e1s amplio sobre la seguridad de los periodistas que trabajan en estos contextos, con el objetivo de tratar cuestiones de prevenci\u00f3n, de protecci\u00f3n y de&nbsp;enjuiciamiento de los periodistas afectados.<\/p>\n\n\n\n<p>Muchos periodistas, profesionales de los medios de comunicaci\u00f3n y personal asociado ejercen sus funciones en contextos altamente peligrosos. Demasiados son los que pagan un precio inaceptablemente alto por producir informaci\u00f3n independiente, fiable y verificable. Muchos llegan a pagar con su propia vida o&nbsp;sufren desapariciones forzadas, torturas, detenciones ilegales y secuestros.<\/p>\n\n\n\n<p>Los periodistas que cubren informaci\u00f3n desde zonas de conflictos y crisis se enfrentan a graves amenazas en el desempe\u00f1o de su vital labor. A pesar de que desde 2017 la&nbsp;<a href=\"https:\/\/www.unesco.org\/es\/articles\/2023-aumento-alarmante-del-numero-de-periodistas-asesinados-en-las-zonas-de-conflicto\">UNESCO ha registrado<\/a>&nbsp;una disminuci\u00f3n gradual de los asesinatos entre los trabajadores de los medios de comunicaci\u00f3n en \u00e1reas de conflicto, la tendencia se ha invertido recientemente. En 2023, m\u00e1s del 50 % de los cr\u00edmenes contra periodistas se produjeron en zonas de crisis y conflicto, con cifras que no dejan de aumentar en el primer semestre de 2024.<\/p>\n\n\n\n<p>Las infraestructuras de los medios sufren a menudo considerables da\u00f1os o incluso son destruidas, y los periodistas se enfrentan a agresiones f\u00edsicas, detenciones, confiscaci\u00f3n de materiales y la denegaci\u00f3n de acceso a lugares de cobertura. Muchos se ven obligados a huir o a optan por dejar de ejercer su labor, con el consecuente riesgo de convertir los territorios de conflicto en \u00abzonas silenciadas\u00bb.<\/p>\n\n\n\n<p>M\u00e1s informaci\u00f3n en la&nbsp;<a href=\"https:\/\/unesdoc.unesco.org\/ark:\/48223\/pf0000390976_spa\">Nota conceptual<\/a>.<\/p>\n\n\n\n<h3 class=\"wp-block-heading\">La impunidad de las agresiones a periodistas tiene un efecto escalofriante en la sociedad<\/h3>\n\n\n\n<p>Am\u00e9rica Latina y el Caribe es la regi\u00f3n con el mayor n\u00famero de ataques mortales contra periodistas, seg\u00fan el&nbsp;<a href=\"https:\/\/www.unesco.org\/reports\/safety-journalists\/2022\/en\">Informe 2022 del Director General de la UNESCO sobre la seguridad de periodistas y el peligro de la impunidad<\/a>.<\/p>\n\n\n\n<p>Desde 1993, m\u00e1s de&nbsp;<a href=\"https:\/\/en.unesco.org\/themes\/safety-journalists\/observatory\">1700 periodistas fueron asesinados&nbsp;<\/a>por cumplir con su labor de informar al p\u00fablico. En nueve de cada diez casos los asesinos salen impunes, seg\u00fan el seg\u00fan el observatorio de periodistas asesinados de la UNESCO. La impunidad trae consigo m\u00e1s asesinatos y, a menudo, es s\u00edntoma de un recrudecimiento del conflicto y del quebrantamiento de la ley y del desmoronamiento del sistema judicial.&nbsp;<\/p>\n\n\n\n<p>Si bien los asesinatos son la forma m\u00e1s extrema de censura de los medios, los periodistas adem\u00e1s est\u00e1n sujetos a otras muchas amenazas, que van desde el secuestro, la tortura y otros ataques f\u00edsicos hasta el acoso en la esfera digital. Las amenazas de violencia y los ataques contra periodistas, en particular, crean un clima de miedo entre los profesionales de este medio, lo cual impide la libre circulaci\u00f3n de informaci\u00f3n, opini\u00f3n e ideas entre los ciudadanos.<\/p>\n\n\n\n<p>Las mujeres periodistas se ven particularmente afectadas por las amenazas y los ataques, en especial, cuando se realizan en l\u00ednea. Seg\u00fan el reciente documento de trabajo de la UNESCO, \u00ab<em><a href=\"https:\/\/unesdoc.unesco.org\/ark:\/48223\/pf0000377223\">The Chilling: Tendencias mundiales de la violencia en l\u00ednea contra mujeres periodistas<\/a>\u00ab<\/em>, el 73 por ciento de las mujeres periodistas encuestadas dijeron que hab\u00edan sido amenazadas, intimidadas e insultadas en l\u00ednea en relaci\u00f3n con su trabajo.<\/p>\n\n\n\n<p>En muchos casos, las amenazas de violencia y los ataques contra periodistas no se investigan de forma adecuada. Esta impunidad tiende da alas a los autores de dichos cr\u00edmenes, y, al mismo tiempo, tienen un efecto paralizador en la sociedad, entre ellos, los mismos periodistas. La Organizaci\u00f3n de las Naciones Unidas para la Educaci\u00f3n, la Ciencia y la Cultura (<a href=\"https:\/\/www.unesco.org\/es\/days\/end-impunity\">UNESCO<\/a>)&nbsp;teme que esta impunidad da\u00f1e a la sociedad en su conjunto al encubrir graves abusos de los derechos humanos, corrupci\u00f3n y otros cr\u00edmenes. El tipo de noticias que son \u00absilenciadas\u00bb es exactamente el tipo de informaci\u00f3n que la opini\u00f3n p\u00fablica necesita conocer.&nbsp;<\/p>\n\n\n\n<p>Por otro lado, los sistemas judiciales que investigan en\u00e9rgicamente todas las amenazas de violencia contra periodistas env\u00edan un poderoso mensaje de que la sociedad no tolerar\u00e1 los ataques contra los periodistas y contra el derecho a la libertad de expresi\u00f3n para todos.<\/p>\n\n\n\n<h3 class=\"wp-block-heading\">Plan de Acci\u00f3n de la ONU sobre la Seguridad de los Periodistas<\/h3>\n\n\n\n<p><a href=\"https:\/\/www.un.org\/sites\/un2.un.org\/files\/social_media_1080x1080_-_visual_a5_en.jpg\"><\/a>El Plan de Acci\u00f3n de las Naciones Unidas sobre la Seguridad de los Periodistas y la Cuesti\u00f3n de la Impunidad es el primer esfuerzo concertado de la ONU para abordar los ataques y la impunidad de los cr\u00edmenes contra los periodistas. Re\u00fane a organismos de la ONU, autoridades nacionales, medios de comunicaci\u00f3n y organizaciones de la sociedad civil.<\/p>\n\n\n\n<p>Desde que se adopt\u00f3 el plan, la cuesti\u00f3n de la seguridad de los periodistas ha adquirido una mayor visibilidad en la ONU, como demuestra el creciente n\u00famero de declaraciones, resoluciones y otros textos normativos; adem\u00e1s del Llamamiento a la Acci\u00f3n del Secretario General de la ONU en favor de los derechos humanos. La protecci\u00f3n de los periodistas forma parte tambi\u00e9n de la Agenda 2030 para el Desarrollo Sostenible. Asimimso, el Plan ha contribuido a crear coaliciones internacionales de gobiernos y de la sociedad civil y ha servido para provocar cambios sobre el terreno, como la creaci\u00f3n de mecanismos nacionales de seguridad en al menos 50 pa\u00edses.<\/p>\n\n\n\n<p>A pesar de estos logros, queda mucho camino que recorrer. Persiste el alto \u00edndice de impunidad de los delitos contra los periodistas y se dan nuevas formas de amenazas sin precedentes.<\/p>\n\n\n\n<p>El d\u00e9cimo aniversario sirvi\u00f3 para&nbsp;<strong>reafirmar, volver a comprometerse y reposicionar&nbsp;<\/strong>los esfuerzos para avanzar en el Plan de la ONU.<\/p>\n\n\n\n<h3 class=\"wp-block-heading\">Antecedentes<\/h3>\n\n\n\n<p>El 18 de diciembre de 2013 la Asamblea General aprob\u00f3 su primera resoluci\u00f3n relativa a la seguridad de los periodistas y la cuesti\u00f3n de la impunidad&nbsp;<a href=\"https:\/\/undocs.org\/es\/A\/RES\/68\/163\">A\/RES\/68\/163<\/a>&nbsp;en la que se condenaba todo tipo de ataques contra los trabajadores de los medios de comunicaci\u00f3n y se proclamaba el 2 de noviembre como el D\u00eda Internacional para poner fin a la impunidad de los cr\u00edmenes contra periodistas. La fecha se eligi\u00f3 en conmemoraci\u00f3n del asesinato de dos periodistas franceses en Mal\u00ed en 2013.<\/p>\n\n\n\n<p>Esta hist\u00f3rica resoluci\u00f3n insta a los Estados Miembros a que tomen medidas concretas para prevenir las agresiones contra los periodistas, asegurar que los responsables sean llevados ante la justicia y garantizar el derecho de las v\u00edctimas a las reparaciones. Asimismo, exhorta a los Estados a promover un entorno propicio y seguro en el que los periodistas puedan realizar su labor de manera independiente y sin interferencias.<\/p>\n\n\n\n<p><\/p>\n\n\n\n<p>un.org<\/p>\n","protected":false},"excerpt":{"rendered":"<p>Acabar con la impunidad de los cr\u00edmenes contra periodistas es uno de los desaf\u00edos m\u00e1s grandes y complejos de los \u00faltimos tiempos. Es esencial para garantizar la libertad de expresi\u00f3n y el acceso a la informaci\u00f3n de todos los ciudadanos. Ante el auge de los conflictos y otras crisis, la conmemoraci\u00f3n de 2024 pone sobre [&hellip;]<\/p>\n","protected":false},"author":1,"featured_media":175011,"comment_status":"closed","ping_status":"closed","sticky":false,"template":"","format":"standard","meta":{"_acf_changed":false,"_jetpack_memberships_contains_paid_content":false,"footnotes":"","jetpack_publicize_message":"","jetpack_publicize_feature_enabled":true,"jetpack_social_post_already_shared":true,"jetpack_social_options":{"image_generator_settings":{"template":"highway","default_image_id":0,"font":"","enabled":false},"version":2}},"categories":[6],"tags":[],"class_list":["post-175010","post","type-post","status-publish","format-standard","has-post-thumbnail","hentry","category-ecologia"],"acf":[],"jetpack_publicize_connections":[],"jetpack_featured_media_url":"https:\/\/i0.wp.com\/sportseco.com\/wp-content\/uploads\/2024\/11\/journalists.jpg?fit=1350%2C500&ssl=1","jetpack_sharing_enabled":true,"_links":{"self":[{"href":"https:\/\/sportseco.com\/index.php?rest_route=\/wp\/v2\/posts\/175010","targetHints":{"allow":["GET"]}}],"collection":[{"href":"https:\/\/sportseco.com\/index.php?rest_route=\/wp\/v2\/posts"}],"about":[{"href":"https:\/\/sportseco.com\/index.php?rest_route=\/wp\/v2\/types\/post"}],"author":[{"embeddable":true,"href":"https:\/\/sportseco.com\/index.php?rest_route=\/wp\/v2\/users\/1"}],"replies":[{"embeddable":true,"href":"https:\/\/sportseco.com\/index.php?rest_route=%2Fwp%2Fv2%2Fcomments&post=175010"}],"version-history":[{"count":1,"href":"https:\/\/sportseco.com\/index.php?rest_route=\/wp\/v2\/posts\/175010\/revisions"}],"predecessor-version":[{"id":175012,"href":"https:\/\/sportseco.com\/index.php?rest_route=\/wp\/v2\/posts\/175010\/revisions\/175012"}],"wp:featuredmedia":[{"embeddable":true,"href":"https:\/\/sportseco.com\/index.php?rest_route=\/wp\/v2\/media\/175011"}],"wp:attachment":[{"href":"https:\/\/sportseco.com\/index.php?rest_route=%2Fwp%2Fv2%2Fmedia&parent=175010"}],"wp:term":[{"taxonomy":"category","embeddable":true,"href":"https:\/\/sportseco.com\/index.php?rest_route=%2Fwp%2Fv2%2Fcategories&post=175010"},{"taxonomy":"post_tag","embeddable":true,"href":"https:\/\/sportseco.com\/index.php?rest_route=%2Fwp%2Fv2%2Ftags&post=175010"}],"curies":[{"name":"wp","href":"https:\/\/api.w.org\/{rel}","templated":true}]}}