{"id":175019,"date":"2024-11-02T10:17:33","date_gmt":"2024-11-02T14:17:33","guid":{"rendered":"https:\/\/sportseco.com\/?p=175019"},"modified":"2024-11-02T10:18:13","modified_gmt":"2024-11-02T14:18:13","slug":"cambio-de-hora-en-estados-unidos","status":"publish","type":"post","link":"https:\/\/sportseco.com\/?p=175019","title":{"rendered":"Cambio de hora en Estados Unidos"},"content":{"rendered":"\n<p>Todo est\u00e1 a punto de terminar.<\/p>\n\n\n\n<p>No, no es el d\u00eda de las elecciones, que se celebrar\u00e1 a finales de esta semana, sino el horario de verano, el cambio de hora que se produce dos veces al a\u00f1o y que afecta a millones de estadounidenses.<\/p>\n\n\n\n<p>El domingo a las 2 a. m., hora local, los relojes de la mayor\u00eda de los estados, pero no de todos, se \u00abatrasar\u00e1n\u00bb una hora, lo que dar\u00e1 a la gente una hora m\u00e1s de sue\u00f1o y permitir\u00e1 que haya m\u00e1s luz natural por las ma\u00f1anas.<\/p>\n\n\n\n<p>El ajuste horario afecta la vida diaria de cientos de millones de estadounidenses, ya que provoca cambios de hora, lo que contribuye a que haya menos sue\u00f1o en los d\u00edas siguientes y, por supuesto, puestas de sol m\u00e1s tempranas.<\/p>\n\n\n\n<p>Esto es lo que hay que saber sobre el fin del horario de verano.<\/p>\n\n\n\n<p>Halloween y el horario de verano: c\u00f3mo la festividad cambi\u00f3 la hora (m\u00e1s o menos)<\/p>\n\n\n\n<p>\u00bfQu\u00e9 es el horario de verano?<br \/>El horario de verano es el per\u00edodo entre marzo y noviembre en el que la mayor\u00eda de los estadounidenses adelantan sus relojes una hora.<\/p>\n\n\n\n<p>Ganamos una hora en noviembre (en lugar de perder una hora en primavera) para tener m\u00e1s luz natural en las ma\u00f1anas de invierno. Cuando \u00abadelantamos\u00bb el horario de marzo, es para agregar m\u00e1s luz natural por las noches. En el hemisferio norte, el equinoccio de oto\u00f1o es el domingo 22 de septiembre, lo que marca el inicio de la temporada de oto\u00f1o.<\/p>\n\n\n\n<p>\u00bfCu\u00e1ndo termina el horario de verano en 2024?<br \/>El horario de verano terminar\u00e1 el domingo 3 de noviembre, cuando \u00abretrocedamos\u00bb y ganemos una hora m\u00e1s de sue\u00f1o.<\/p>\n\n\n\n<p>El a\u00f1o que viene, comenzar\u00e1 de nuevo el domingo 9 de marzo de 2025.<\/p>\n\n\n\n<p>\u00bfListo para una hora m\u00e1s de sue\u00f1o? Aqu\u00ed es cuando termina el horario de verano en 2024<br \/>\u00bfA qu\u00e9 hora exacta termina el horario de verano?<br \/>Los relojes \u00abretrasar\u00e1n\u00bb una hora a las 2 a.m. hora local el domingo 3 de noviembre.<\/p>\n\n\n\n<p>\u00bfCu\u00e1ndo comenz\u00f3 el horario de verano en 2024?<br \/>El horario de verano comenz\u00f3 en 2024 el domingo 10 de marzo a las 2 a. m., hora local, cuando nuestros relojes se adelantaron una hora, como parte del cambio de horario que se realiza dos veces al a\u00f1o.<\/p>\n\n\n\n<p>Haw\u00e1i y la mayor parte de Arizona no observan el horario de verano. Debido a su clima des\u00e9rtico, Arizona no sigue el horario de verano (con la excepci\u00f3n de la Naci\u00f3n Navajo). Despu\u00e9s de que la mayor parte de los EE. UU. adoptara la Ley de Horario Uniforme, el estado consider\u00f3 que no hab\u00eda una buena raz\u00f3n para ajustar los relojes para que la puesta del sol se produjera una hora m\u00e1s tarde durante los meses m\u00e1s calurosos del a\u00f1o.<\/p>\n\n\n\n<p>Tambi\u00e9n hay otros cinco territorios de EE. UU. que no participan:<\/p>\n\n\n\n<p>Samoa Americana<br \/>Guam<br \/>Islas Marianas del Norte<br \/>Puerto Rico<br \/>Islas V\u00edrgenes de EE. UU.<br \/>La Naci\u00f3n Navajo, ubicada en partes de Arizona, Utah y Nuevo M\u00e9xico, s\u00ed sigue el horario de verano.<\/p>\n\n\n\n<p>Haw\u00e1i es el otro estado que no observa el horario de verano. Debido a su proximidad al ecuador, no hay mucha variaci\u00f3n entre las horas de luz del d\u00eda durante el a\u00f1o.<\/p>\n\n\n\n<p>\u00bfSe acaba el horario de verano?<br \/>La iniciativa para detener el cambio de hora se present\u00f3 ante el Congreso en los \u00faltimos dos a\u00f1os, cuando el Senado de los EE. UU. aprob\u00f3 por unanimidad la Ley de Protecci\u00f3n del Sol en 2022, un proyecto de ley para hacer permanente el horario de verano.<\/p>\n\n\n\n<p>Aunque la Ley de Protecci\u00f3n del Sol fue aprobada por unanimidad por el Senado en 2022, la C\u00e1mara de Representantes de los EE. UU. no la aprob\u00f3 y el presidente Joe Biden no la firm\u00f3.<\/p>\n\n\n\n<p><\/p>\n\n\n\n<p>usatoday.com<\/p>\n","protected":false},"excerpt":{"rendered":"<p>Todo est\u00e1 a punto de terminar. No, no es el d\u00eda de las elecciones, que se celebrar\u00e1 a finales de esta semana, sino el horario de verano, el cambio de hora que se produce dos veces al a\u00f1o y que afecta a millones de estadounidenses. El domingo a las 2 a. m., hora local, los [&hellip;]<\/p>\n","protected":false},"author":1,"featured_media":175020,"comment_status":"closed","ping_status":"closed","sticky":false,"template":"","format":"standard","meta":{"_acf_changed":false,"_jetpack_memberships_contains_paid_content":false,"footnotes":"","jetpack_publicize_message":"","jetpack_publicize_feature_enabled":true,"jetpack_social_post_already_shared":true,"jetpack_social_options":{"image_generator_settings":{"template":"highway","default_image_id":0,"font":"","enabled":false},"version":2}},"categories":[6],"tags":[],"class_list":["post-175019","post","type-post","status-publish","format-standard","has-post-thumbnail","hentry","category-ecologia"],"acf":[],"jetpack_publicize_connections":[],"jetpack_featured_media_url":"https:\/\/i0.wp.com\/sportseco.com\/wp-content\/uploads\/2024\/11\/99fcc878-1ad5-4d09-ac4d-3f1c08ad6d4b-VPC_DAYLIGHT_SAVING_WIDE_GETTY.webp?fit=1920%2C1080&ssl=1","jetpack_sharing_enabled":true,"_links":{"self":[{"href":"https:\/\/sportseco.com\/index.php?rest_route=\/wp\/v2\/posts\/175019","targetHints":{"allow":["GET"]}}],"collection":[{"href":"https:\/\/sportseco.com\/index.php?rest_route=\/wp\/v2\/posts"}],"about":[{"href":"https:\/\/sportseco.com\/index.php?rest_route=\/wp\/v2\/types\/post"}],"author":[{"embeddable":true,"href":"https:\/\/sportseco.com\/index.php?rest_route=\/wp\/v2\/users\/1"}],"replies":[{"embeddable":true,"href":"https:\/\/sportseco.com\/index.php?rest_route=%2Fwp%2Fv2%2Fcomments&post=175019"}],"version-history":[{"count":2,"href":"https:\/\/sportseco.com\/index.php?rest_route=\/wp\/v2\/posts\/175019\/revisions"}],"predecessor-version":[{"id":175022,"href":"https:\/\/sportseco.com\/index.php?rest_route=\/wp\/v2\/posts\/175019\/revisions\/175022"}],"wp:featuredmedia":[{"embeddable":true,"href":"https:\/\/sportseco.com\/index.php?rest_route=\/wp\/v2\/media\/175020"}],"wp:attachment":[{"href":"https:\/\/sportseco.com\/index.php?rest_route=%2Fwp%2Fv2%2Fmedia&parent=175019"}],"wp:term":[{"taxonomy":"category","embeddable":true,"href":"https:\/\/sportseco.com\/index.php?rest_route=%2Fwp%2Fv2%2Fcategories&post=175019"},{"taxonomy":"post_tag","embeddable":true,"href":"https:\/\/sportseco.com\/index.php?rest_route=%2Fwp%2Fv2%2Ftags&post=175019"}],"curies":[{"name":"wp","href":"https:\/\/api.w.org\/{rel}","templated":true}]}}