{"id":175032,"date":"2024-11-02T12:41:04","date_gmt":"2024-11-02T16:41:04","guid":{"rendered":"https:\/\/sportseco.com\/?p=175032"},"modified":"2024-11-02T12:41:09","modified_gmt":"2024-11-02T16:41:09","slug":"a-ritmo-de-salsa-calena-la-cop16-cerro-con-exito-y-un-legado-de-liderazgo-colectivo-por-la-biodiversidad","status":"publish","type":"post","link":"https:\/\/sportseco.com\/?p=175032","title":{"rendered":"A ritmo de salsa cale\u00f1a la COP16 cerr\u00f3 con \u00e9xito y un legado de liderazgo colectivo por la biodiversidad"},"content":{"rendered":"\n<figure class=\"wp-block-image\"><img data-recalc-dims=\"1\" decoding=\"async\" src=\"https:\/\/i0.wp.com\/www.valledelcauca.gov.co\/info\/gobvalle\/media\/pubInt\/thumbs\/thpubInt_700X400_84289.webp?w=640&#038;ssl=1\" alt=\"A ritmo de salsa cale\u00f1a la COP16 cerr\u00f3 con \u00e9xito y un legado de liderazgo colectivo por la biodiversidad\" title=\"A ritmo de salsa cale\u00f1a la COP16 cerr\u00f3 con \u00e9xito y un legado de liderazgo colectivo por la biodiversidad\"\/><\/figure>\n\n\n\n<p>En la Plaza Cayzedo la Gobernadora del Valle y el alcalde de Cali dieron cierre a la exitosa COP16<\/p>\n\n\n\n<p><strong>Santiago de Cali, noviembre 1 de 2024.<\/strong>&nbsp;A ritmo de salsa cale\u00f1a la gobernadora del Valle del Cauca, Dilian Francisca Toro, y el alcalde de Cali, Alejandro Eder, cerraron con \u00e9xito la COP16, despu\u00e9s de 12 d\u00edas de poner en los ojos del mundo a la regi\u00f3n y unir a cale\u00f1os y vallecaucanos para mostrar la mejor cara de la ciudad y el departamento.&nbsp;&nbsp;<br \/><br \/>\u201cQuiero agradecer a todos los sectores, gremios y personas que hicieron su aporte, ya que nos queda un legado de trabajo en equipo y de uni\u00f3n para generar un liderazgo colectivo sin importar la orientaci\u00f3n pol\u00edtica o estrato social, esto permiti\u00f3 trabajar conjuntamente para dejar en alto el nombre de Cali y el Valle del Cauca\u201d, dijo la gobernadora en la tradicional Plaza de Cayzedo.<br \/><br \/>&nbsp; &nbsp; &nbsp; &nbsp; &nbsp;&nbsp;<a href=\"https:\/\/whatsapp.com\/channel\/0029VZzdGgUJP20xwbpJaP1G\">\u00daNETE A NUESTRO CANAL DE WHATSAPP<\/a><br \/><br \/>All\u00ed estaba el alcalde Eder, con quien uni\u00f3 fuerzas para sacar adelante la Conferencia de Naciones Unidas sobre Biodiversidad.<br \/><br \/>\u201cHemos podido sacar adelante y con gran \u00e9xito un evento de talla mundial, con la COP16 dejamos el nombre de Colombia en lo alto, ya que trabajando unidos y reconciliados podemos alcanzar grandes objetivos de ciudad, regi\u00f3n y por supuesto de pa\u00eds\u201d, dijo el mandatario cale\u00f1o.<br \/><br \/>Finalmente, un gran aplauso por parte de los asistentes se dio al cierre del evento m\u00e1s grande e importante que se ha realizado en Cali y la regi\u00f3n.<br \/><br \/>Desde Naciones Unidas se resalt\u00f3 la gran participaci\u00f3n en los diferentes puntos de concentraci\u00f3n y eventos durante el encuentro mundial de biodiversidad que logr\u00f3 que m\u00e1s 900 mil personas pasaran por la Zona Verde y m\u00e1s de 18 mil en la Zona Azul, con delegados de m\u00e1s de 190 pa\u00edses, convirtiendo la COP16 en la cumbre m\u00e1s exitosa realizada hasta el momento.<br \/><br \/><br \/><strong><em>Carlos Soto&nbsp;<\/em><br \/>Periodista Gobernaci\u00f3n del Valle del Cauca<\/strong><br \/>&nbsp;<\/p>\n\n\n\n<p><\/p>\n\n\n\n<p>cali.gov.co<\/p>\n","protected":false},"excerpt":{"rendered":"<p>En la Plaza Cayzedo la Gobernadora del Valle y el alcalde de Cali dieron cierre a la exitosa COP16 Santiago de Cali, noviembre 1 de 2024.&nbsp;A ritmo de salsa cale\u00f1a la gobernadora del Valle del Cauca, Dilian Francisca Toro, y el alcalde de Cali, Alejandro Eder, cerraron con \u00e9xito la COP16, despu\u00e9s de 12 d\u00edas [&hellip;]<\/p>\n","protected":false},"author":1,"featured_media":175033,"comment_status":"closed","ping_status":"closed","sticky":false,"template":"","format":"standard","meta":{"_acf_changed":false,"_jetpack_memberships_contains_paid_content":false,"footnotes":"","jetpack_publicize_message":"","jetpack_publicize_feature_enabled":true,"jetpack_social_post_already_shared":true,"jetpack_social_options":{"image_generator_settings":{"template":"highway","default_image_id":0,"font":"","enabled":false},"version":2}},"categories":[6],"tags":[],"class_list":["post-175032","post","type-post","status-publish","format-standard","has-post-thumbnail","hentry","category-ecologia"],"acf":[],"jetpack_publicize_connections":[],"jetpack_featured_media_url":"https:\/\/i0.wp.com\/sportseco.com\/wp-content\/uploads\/2024\/11\/thpubInt_700X400_84289.webp?fit=575%2C400&ssl=1","jetpack_sharing_enabled":true,"_links":{"self":[{"href":"https:\/\/sportseco.com\/index.php?rest_route=\/wp\/v2\/posts\/175032","targetHints":{"allow":["GET"]}}],"collection":[{"href":"https:\/\/sportseco.com\/index.php?rest_route=\/wp\/v2\/posts"}],"about":[{"href":"https:\/\/sportseco.com\/index.php?rest_route=\/wp\/v2\/types\/post"}],"author":[{"embeddable":true,"href":"https:\/\/sportseco.com\/index.php?rest_route=\/wp\/v2\/users\/1"}],"replies":[{"embeddable":true,"href":"https:\/\/sportseco.com\/index.php?rest_route=%2Fwp%2Fv2%2Fcomments&post=175032"}],"version-history":[{"count":1,"href":"https:\/\/sportseco.com\/index.php?rest_route=\/wp\/v2\/posts\/175032\/revisions"}],"predecessor-version":[{"id":175034,"href":"https:\/\/sportseco.com\/index.php?rest_route=\/wp\/v2\/posts\/175032\/revisions\/175034"}],"wp:featuredmedia":[{"embeddable":true,"href":"https:\/\/sportseco.com\/index.php?rest_route=\/wp\/v2\/media\/175033"}],"wp:attachment":[{"href":"https:\/\/sportseco.com\/index.php?rest_route=%2Fwp%2Fv2%2Fmedia&parent=175032"}],"wp:term":[{"taxonomy":"category","embeddable":true,"href":"https:\/\/sportseco.com\/index.php?rest_route=%2Fwp%2Fv2%2Fcategories&post=175032"},{"taxonomy":"post_tag","embeddable":true,"href":"https:\/\/sportseco.com\/index.php?rest_route=%2Fwp%2Fv2%2Ftags&post=175032"}],"curies":[{"name":"wp","href":"https:\/\/api.w.org\/{rel}","templated":true}]}}