{"id":175041,"date":"2024-11-02T15:26:09","date_gmt":"2024-11-02T19:26:09","guid":{"rendered":"https:\/\/sportseco.com\/?p=175041"},"modified":"2024-11-02T15:26:15","modified_gmt":"2024-11-02T19:26:15","slug":"trabajar-en-el-cauce-de-los-rios-para-evitar-los-picos-de-agua-esencial-para-salvar-vidas","status":"publish","type":"post","link":"https:\/\/sportseco.com\/?p=175041","title":{"rendered":"Trabajar en el cauce de los r\u00edos para evitar los picos de agua, esencial para salvar vidas"},"content":{"rendered":"\n<p><strong>Ana Tu\u00f1as Matilla<\/strong><\/p>\n\n\n\n<p><strong>Actuar en las cabeceras y cauces de los r\u00edos para elevar la capacidad de la naturaleza de absorber y retener agua es fundamental para evitar que cuando llueve de forma torrencial lleguen grandes cantidades de agua de golpe a zonas urbanas sorprendiendo a la poblaci\u00f3n y, con ello, causando muertes.<\/strong><\/p>\n\n\n\n<p>Lluvias como las que han arrasado las provincias de Valencia y Albacete, que han dejado, al menos, 158 muertos y decenas de desaparecidos, se refuerzan con el calentamiento del mar y ser\u00e1n cada vez m\u00e1s frecuentes, por lo que debemos prepararnos para ello, seg\u00fan el investigador del&nbsp;<strong>Instituto de Ingenier\u00eda del Agua y Medio Ambiente (IIAMA) de la Universidad Polit\u00e9cnica de Valencia, Miguel Mart\u00edn<\/strong>.<\/p>\n\n\n\n<blockquote class=\"wp-block-quote is-layout-flow wp-block-quote-is-layout-flow\">\n<p>\u00abLo que era excepcional y pasaba cada 50 \u00f3 100 a\u00f1os, pasar\u00e1 a ser frecuente y a lo largo de su vida nuestros hijos vivir\u00e1n m\u00e1s de un episodio como \u00e9ste o peores\u00bb, ha advertido en declaraciones a EFEverde el experto.<\/p>\n<\/blockquote>\n\n\n\n<p>El agua de mares y oc\u00e9anos est\u00e1 calent\u00e1ndose aceleradamente, no s\u00f3lo en el Mediterr\u00e1neo, por lo que las lluvias torrenciales por acumulaci\u00f3n de aire h\u00famedo no s\u00f3lo afectar\u00e1n al este de Espa\u00f1a, sino que tambi\u00e9n lo har\u00e1n en el sur y el norte. \u00abEn Galicia, ya est\u00e1n comprobando que la forma de llover all\u00ed tambi\u00e9n est\u00e1 cambiando\u00bb, ha apuntado.<\/p>\n\n\n\n<h2 class=\"wp-block-heading\">La prioridad, actuar en la naturaleza<\/h2>\n\n\n\n<p>Adaptarse a algo as\u00ed, es pr\u00e1cticamente imposible. \u00abNo sabemos a qu\u00e9 nos enfrentamos y, por tanto, no sabemos qu\u00e9 hacer\u00bb ni d\u00f3nde poner el foco de la acci\u00f3n, si en las ciudades o en el medio natural.<\/p>\n\n\n\n<p>No obstante, lo que no podemos es no hacer nada, seg\u00fan el experto, que considera que&nbsp;<strong>lo prioritario para salvar vidas deber\u00eda ser actuar para suavizar los \u00abpicos\u00bb de agua y evitar as\u00ed que la gente se vea sorprendida por grandes avenidas sin tiempo para ponerse a salvo<\/strong>, como seguramente pas\u00f3 ayer a muchas personas que iban en coche y fueron arrastradas al quedar atrapadas.<\/p>\n\n\n\n<p>Las riadas vienen del campo, de las monta\u00f1as y llevar a cabo actuaciones de&nbsp;<strong>restauraci\u00f3n forestal en las cabeceras y cuencas de los r\u00edos<\/strong>&nbsp;es muy importante para que la vegetaci\u00f3n pueda actuar de \u00abbarrera\u00bb y el agua llegue de forma m\u00e1s \u00absuave\u00bb a las zonas pobladas, evitando as\u00ed los picos de avenidas.<\/p>\n\n\n\n<p>Eso s\u00ed, la vegetaci\u00f3n que se utilice debe estar adaptada al cambio clim\u00e1tico, pues tendr\u00e1 que ser capaz de soportar las sequ\u00edas, que tambi\u00e9n ser\u00e1n m\u00e1s frecuentes por el calentamiento global.<\/p>\n\n\n\n<p><strong>Devolver su morfolog\u00eda natural a los r\u00edos<\/strong>, en muchos de los cuales han desaparecido los meandros, tambi\u00e9n ayudar\u00eda a suavizar las avenidas de agua.<\/p>\n\n\n\n<p>\u00abSe trata de devolver a la naturaleza parte del espacio que le hemos quitado para que el agua pueda filtrarse antes que canalizarse de forma tan brusca\u00bb, ha apuntado la tambi\u00e9n&nbsp;<strong>investigadora del IIAMA Carmen Hern\u00e1ndez<\/strong>.<\/p>\n\n\n\n<h2 class=\"wp-block-heading\">Limpiar barrancos y reorganizar ciudades<\/h2>\n\n\n\n<p>Mantener los&nbsp;<strong>barrancos limpios<\/strong>&nbsp;es otra medida que los expertos consideran esencial para minimizar los da\u00f1os provocados por inundaciones, pues permite evitar, por ejemplo, que colapsen puentes por la acumulaci\u00f3n en sus pilares de material s\u00f3lido arrastrado por el agua.<\/p>\n\n\n\n<p>Adem\u00e1s, hay que&nbsp;<strong>reorganizar la ciudades<\/strong>&nbsp;para que las avenidas no causen estragos. En muchos casos esto supondr\u00e1 \u00abdeconstruir\u00bb, como ocurri\u00f3 con la barriada de Canterer\u00eda, Onteniente (Valencia), que qued\u00f3 arrasada por unas inundaciones y que fue eliminada y sustituida por un parque inundable para evitar futuros da\u00f1os.<\/p>\n\n\n\n<p>\u00abPosiblemente, en muchas zonas habr\u00e1 que plantearse volver atr\u00e1s y recuperar espacios naturales m\u00e1s permeables\u00bb, seg\u00fan Mart\u00edn, que ha apuntado que aunque las confederaciones hidrogr\u00e1ficas y municipios son cada vez m\u00e1s conscientes de estas necesidades, las actuaciones no son lo suficientemente r\u00e1pidas.<\/p>\n\n\n\n<h2 class=\"wp-block-heading\">\u00bfM\u00e1s embalses?: no<\/h2>\n\n\n\n<p>Por contra, la soluci\u00f3n no pasa, en su opini\u00f3n, por la construcci\u00f3n de m\u00e1s embalses que, en caso de lluvias tan torrenciales, tienen una capacidad de laminaci\u00f3n limitada y m\u00e1s que aliviar la situaci\u00f3n, pueden elevar los riesgos.<\/p>\n\n\n\n<p>A modo de ejemplo, ha explicado que, las lluvias afectaron al r\u00edo Magro, concretamente a una zona entre Requena y Utiel en la que est\u00e1 el embalse de Forata, con capacidad para almacenar 37 hect\u00f3metros c\u00fabicos, y que en s\u00f3lo siete horas pas\u00f3 de contener 5 hm\u00b3 a su m\u00e1ximo.<\/p>\n\n\n\n<p>En estos casos, los embalses deben ser \u00abaliviados\u00bb, o lo que es lo mismo, tienen que soltar agua, porque no hacerlo conlleva riesgo de desbordamiento o, en el peor de los casos, de rotura de la prensa.<\/p>\n\n\n\n<p>Por tanto, en su opini\u00f3n, l<strong>a soluci\u00f3n pasa por combinar este tipo de infraestructuras cl\u00e1sicas con soluciones basadas en la naturaleza que mitiguen el problema en origen.<\/strong><\/p>\n\n\n\n<p>\u00abLa sociedad tiene que entender que hay que actuar, que no podemos seguir sin cambiar nuestro estilo de vida. Puede que lo sucedido sea un punto de inflexi\u00f3n\u00bb, ha apuntado Mart\u00edn, quien ha subrayado que es cuesti\u00f3n de tiempo que los seguros dejen de asegurar ciertas cosas y que el Estado no tenga recursos para compensar a todos.<\/p>\n\n\n\n<p>EFEverde<\/p>\n\n\n\n<p>atm \/al<\/p>\n","protected":false},"excerpt":{"rendered":"<p>Ana Tu\u00f1as Matilla Actuar en las cabeceras y cauces de los r\u00edos para elevar la capacidad de la naturaleza de absorber y retener agua es fundamental para evitar que cuando llueve de forma torrencial lleguen grandes cantidades de agua de golpe a zonas urbanas sorprendiendo a la poblaci\u00f3n y, con ello, causando muertes. Lluvias como [&hellip;]<\/p>\n","protected":false},"author":1,"featured_media":175042,"comment_status":"closed","ping_status":"closed","sticky":false,"template":"","format":"standard","meta":{"_acf_changed":false,"_jetpack_memberships_contains_paid_content":false,"footnotes":"","jetpack_publicize_message":"","jetpack_publicize_feature_enabled":true,"jetpack_social_post_already_shared":true,"jetpack_social_options":{"image_generator_settings":{"template":"highway","default_image_id":0,"font":"","enabled":false},"version":2}},"categories":[6],"tags":[],"class_list":["post-175041","post","type-post","status-publish","format-standard","has-post-thumbnail","hentry","category-ecologia"],"acf":[],"jetpack_publicize_connections":[],"jetpack_featured_media_url":"https:\/\/i0.wp.com\/sportseco.com\/wp-content\/uploads\/2024\/11\/2d9859c6ac607d7a4a2e7e527f040a798a783ca0w.jpg?fit=1920%2C1277&ssl=1","jetpack_sharing_enabled":true,"_links":{"self":[{"href":"https:\/\/sportseco.com\/index.php?rest_route=\/wp\/v2\/posts\/175041","targetHints":{"allow":["GET"]}}],"collection":[{"href":"https:\/\/sportseco.com\/index.php?rest_route=\/wp\/v2\/posts"}],"about":[{"href":"https:\/\/sportseco.com\/index.php?rest_route=\/wp\/v2\/types\/post"}],"author":[{"embeddable":true,"href":"https:\/\/sportseco.com\/index.php?rest_route=\/wp\/v2\/users\/1"}],"replies":[{"embeddable":true,"href":"https:\/\/sportseco.com\/index.php?rest_route=%2Fwp%2Fv2%2Fcomments&post=175041"}],"version-history":[{"count":1,"href":"https:\/\/sportseco.com\/index.php?rest_route=\/wp\/v2\/posts\/175041\/revisions"}],"predecessor-version":[{"id":175043,"href":"https:\/\/sportseco.com\/index.php?rest_route=\/wp\/v2\/posts\/175041\/revisions\/175043"}],"wp:featuredmedia":[{"embeddable":true,"href":"https:\/\/sportseco.com\/index.php?rest_route=\/wp\/v2\/media\/175042"}],"wp:attachment":[{"href":"https:\/\/sportseco.com\/index.php?rest_route=%2Fwp%2Fv2%2Fmedia&parent=175041"}],"wp:term":[{"taxonomy":"category","embeddable":true,"href":"https:\/\/sportseco.com\/index.php?rest_route=%2Fwp%2Fv2%2Fcategories&post=175041"},{"taxonomy":"post_tag","embeddable":true,"href":"https:\/\/sportseco.com\/index.php?rest_route=%2Fwp%2Fv2%2Ftags&post=175041"}],"curies":[{"name":"wp","href":"https:\/\/api.w.org\/{rel}","templated":true}]}}