{"id":175052,"date":"2024-11-02T21:26:30","date_gmt":"2024-11-03T01:26:30","guid":{"rendered":"https:\/\/sportseco.com\/?p=175052"},"modified":"2024-11-02T21:27:11","modified_gmt":"2024-11-03T01:27:11","slug":"alcaldia-de-cali-bautizo-en-pance-el-parque-de-la-biodiversidad-cop16-y-anuncio-que-sera-museo-del-agua-de-la-unesco","status":"publish","type":"post","link":"https:\/\/sportseco.com\/?p=175052","title":{"rendered":"Alcald\u00eda de Cali bautiz\u00f3 en Pance el \u2018Parque de la Biodiversidad COP16\u2019 y anunci\u00f3 que ser\u00e1 Museo del Agua de la UNESCO"},"content":{"rendered":"\n<figure class=\"wp-block-image\"><img data-recalc-dims=\"1\" decoding=\"async\" src=\"https:\/\/i0.wp.com\/www.cali.gov.co\/dagma\/publicaciones\/183562\/alcaldia-de-cali-bautizo-en-pance-el-parque-de-la-biodiversidad-cop16-y-anuncio-que-sera-museo-del-agua-de-la-unesco\/info\/principal\/media\/pubInt\/thumbs\/thpub_700X400_183562.jpg?w=640&#038;ssl=1\" alt=\"Alcald\u00eda de Cali bautiz\u00f3 en Pance el \u2018Parque de la Biodiversidad COP16\u2019 y anunci\u00f3 que ser\u00e1 Museo del Agua de la UNESCO\"\/><\/figure>\n\n\n\n<p>La foto corresponde al anuncio que hizo el alcalde de Cali, Alejandro Eder, sobre el nombre del Parque de la Biodiversidad COP16 y su inclusi\u00f3n en el grupo de Museos del Agua de la UNESCO.<\/p>\n\n\n\n<blockquote class=\"wp-block-quote is-layout-flow wp-block-quote-is-layout-flow\">\n<ul class=\"wp-block-list\">\n<li><em>En reconocimiento al evento global m\u00e1s importante realizado en la historia de Cali, el ecoparque ubicado en Pance fue renombrado como\u00a0<strong>Parque de la Biodiversidad COP16<\/strong>.<\/em><br \/>\u00a0<\/li>\n\n\n\n<li><em>La \u2018Capital Mundial de la Biodiversidad\u2019 contar\u00e1 con el primer Museo WAMU-NET de Colombia.<\/em><\/li>\n<\/ul>\n<\/blockquote>\n\n\n\n<p><strong>Santiago de Cali, 2 de noviembre de 2024<\/strong><\/p>\n\n\n\n<p>El s\u00e1bado (<em>02.11.2024<\/em>), en un acto liderado por el alcalde de Cali, Alejandro Eder, y en reconocimiento al evento global m\u00e1s importante realizado en la historia de la ciudad, la Administraci\u00f3n Distrital renombr\u00f3 el ecoparque ubicado en Pance como&nbsp;<strong><em>\u2018Parque de la Biodiversidad COP16\u2019<\/em><\/strong>.<br \/><br \/>En ese mismo marco, Eddy Moors, rector del&nbsp;<em>Instituto para Educaci\u00f3n del Agua<\/em>, le dio la bienvenida a este escenario a la Red Global de Museos del Agua (<em>WAMU-NET<\/em>), de la Organizaci\u00f3n de las Naciones Unidas para la Educaci\u00f3n, la Ciencia y la Cultura (<em>UNESCO<\/em>).<br \/><br \/>El mandatario local resalt\u00f3 la riqueza natural de la ciudad y del&nbsp;<em>ecoparque<\/em>&nbsp;en particular, que por sus caracter\u00edsticas se hizo merecedor a ser incluido como el primer&nbsp;<em>Museo del Agua&nbsp;<\/em>en Colombia.&nbsp;<em>\u201cNo podemos seguir viviendo de espaldas a la naturaleza; debemos ser m\u00e1s conscientes de lo que tenemos y la obligaci\u00f3n como cale\u00f1os y colombianos para proteger esa riqueza de diversidad biol\u00f3gica\u201d<\/em>, opin\u00f3.<br \/><br \/>Eder invit\u00f3 a la ciudadan\u00eda a valorar y cuidar ese elemento diferenciador que nos hace especialmente atractivos ante el mundo:&nbsp;<em>la biodiversidad<\/em>. Se\u00f1al\u00f3 que la&nbsp;<em>COP16<\/em>, adem\u00e1s de presentar al planeta una nueva Cali, brind\u00f3 a los cale\u00f1os la oportunidad de demostrarnos que cuando trabajamos unidos todo es posible.<br \/><br \/><strong>Un parque para fortalecer la cultura del agua<\/strong><br \/>&nbsp;<\/p>\n\n\n\n<p>El profesor Eddy Moors, en su calidad de presidente del Comit\u00e9 de Museos del Agua de la UNESCO, revel\u00f3 que cuando visit\u00f3 por primera vez el&nbsp;<em>Parque de la Biodiversidad COP16<\/em>, el pasado mes de julio, personalmente pudo constatar la riqueza natural y el potencial educativo ambiental que tiene este ecoparque, para promocionar la cultura del agua entre la presente y futuras generaciones de cale\u00f1os y visitantes.<\/p>\n\n\n\n<p>Seg\u00fan indic\u00f3 Mauricio Mira Pont\u00f3n, director del Departamento Administrativo de Gesti\u00f3n del Medio Ambiente (<em>Dagma<\/em>), este ecoparque estar\u00e1 abierto al p\u00fablico a partir de diciembre de 2024.&nbsp;<em>\u201cServir\u00e1 de catalizador del gran capital natural de la ciudad y ser\u00e1 una gran aula ambiental de casi 100 hect\u00e1reas, donde los visitantes tambi\u00e9n tendr\u00e1n la oportunidad de hacer turismo contemplativo y disfrutar de la fauna y flora de este maravilloso espacio\u201d<\/em>, puntualiz\u00f3.&nbsp;&nbsp;<\/p>\n\n\n\n<p><strong>Le puede interesar\u2026<\/strong><br \/>&#8211;&nbsp;<a href=\"https:\/\/www.cali.gov.co\/dagma\/publicaciones\/183498\/cali-se-consolida-como-ciudad-arbol-del-mundo-certificacion-otorgada-por-la-fao-y-arbor-day-foundation\/\" target=\"_blank\" rel=\"noreferrer noopener\">Cali se consolida como \u2018Ciudad \u00c1rbol del Mundo\u2019, certificaci\u00f3n otorgada por la FAO y Arbor Day Foundation<\/a><\/p>\n\n\n\n<p><\/p>\n\n\n\n<p>cali.gov.co<\/p>\n","protected":false},"excerpt":{"rendered":"<p>La foto corresponde al anuncio que hizo el alcalde de Cali, Alejandro Eder, sobre el nombre del Parque de la Biodiversidad COP16 y su inclusi\u00f3n en el grupo de Museos del Agua de la UNESCO. Santiago de Cali, 2 de noviembre de 2024 El s\u00e1bado (02.11.2024), en un acto liderado por el alcalde de Cali, [&hellip;]<\/p>\n","protected":false},"author":1,"featured_media":175053,"comment_status":"closed","ping_status":"closed","sticky":false,"template":"","format":"standard","meta":{"_acf_changed":false,"_jetpack_memberships_contains_paid_content":false,"footnotes":"","jetpack_publicize_message":"","jetpack_publicize_feature_enabled":true,"jetpack_social_post_already_shared":true,"jetpack_social_options":{"image_generator_settings":{"template":"highway","default_image_id":0,"font":"","enabled":false},"version":2}},"categories":[6],"tags":[],"class_list":["post-175052","post","type-post","status-publish","format-standard","has-post-thumbnail","hentry","category-ecologia"],"acf":[],"jetpack_publicize_connections":[],"jetpack_featured_media_url":"https:\/\/i0.wp.com\/sportseco.com\/wp-content\/uploads\/2024\/11\/thgaleria_700X400_312249.jpg?fit=700%2C323&ssl=1","jetpack_sharing_enabled":true,"_links":{"self":[{"href":"https:\/\/sportseco.com\/index.php?rest_route=\/wp\/v2\/posts\/175052","targetHints":{"allow":["GET"]}}],"collection":[{"href":"https:\/\/sportseco.com\/index.php?rest_route=\/wp\/v2\/posts"}],"about":[{"href":"https:\/\/sportseco.com\/index.php?rest_route=\/wp\/v2\/types\/post"}],"author":[{"embeddable":true,"href":"https:\/\/sportseco.com\/index.php?rest_route=\/wp\/v2\/users\/1"}],"replies":[{"embeddable":true,"href":"https:\/\/sportseco.com\/index.php?rest_route=%2Fwp%2Fv2%2Fcomments&post=175052"}],"version-history":[{"count":2,"href":"https:\/\/sportseco.com\/index.php?rest_route=\/wp\/v2\/posts\/175052\/revisions"}],"predecessor-version":[{"id":175056,"href":"https:\/\/sportseco.com\/index.php?rest_route=\/wp\/v2\/posts\/175052\/revisions\/175056"}],"wp:featuredmedia":[{"embeddable":true,"href":"https:\/\/sportseco.com\/index.php?rest_route=\/wp\/v2\/media\/175053"}],"wp:attachment":[{"href":"https:\/\/sportseco.com\/index.php?rest_route=%2Fwp%2Fv2%2Fmedia&parent=175052"}],"wp:term":[{"taxonomy":"category","embeddable":true,"href":"https:\/\/sportseco.com\/index.php?rest_route=%2Fwp%2Fv2%2Fcategories&post=175052"},{"taxonomy":"post_tag","embeddable":true,"href":"https:\/\/sportseco.com\/index.php?rest_route=%2Fwp%2Fv2%2Ftags&post=175052"}],"curies":[{"name":"wp","href":"https:\/\/api.w.org\/{rel}","templated":true}]}}