{"id":175089,"date":"2024-11-03T13:00:59","date_gmt":"2024-11-03T18:00:59","guid":{"rendered":"https:\/\/sportseco.com\/?p=175089"},"modified":"2024-11-03T13:02:15","modified_gmt":"2024-11-03T18:02:15","slug":"cientificos-alertan-que-la-corriente-oceanica-del-atlantico-esta-al-borde-del-colapso","status":"publish","type":"post","link":"https:\/\/sportseco.com\/?p=175089","title":{"rendered":"Cient\u00edficos alertan que la corriente oce\u00e1nica del Atl\u00e1ntico est\u00e1 al borde del colapso"},"content":{"rendered":"\n<h2 class=\"wp-block-heading\">El colapso de este sistema esta en un punto cr\u00edtico afirman los cient\u00edficos<\/h2>\n\n\n\n<p><strong>Un nuevo estudio sugiere que&nbsp;<\/strong><strong>la Tierra avanza hacia condiciones clim\u00e1ticas que provocaron el colapso de corrientes clave del Atl\u00e1ntico antes de la \u00faltima edad de hielo.<\/strong>&nbsp;Al parecer, la circulaci\u00f3n del Atl\u00e1ntico se ha debilitado en las \u00faltimas d\u00e9cadas. El aumento de agua dulce por el deshielo del \u00e1rtico ha frenado el flujo natural de la masa oce\u00e1nica.<\/p>\n\n\n\n<p>De hecho, amedida que el calentamiento global avanza y los glaciares se derriten<strong>, la circulaci\u00f3n marina del Oc\u00e9ano Atl\u00e1ntico se ha debilitado<\/strong>&nbsp;y su funcionamiento natural se ha visto alterado. Cient\u00edficos han advertido, a trav\u00e9s de numerosas investigaciones, que la desestabilizaci\u00f3n en las corrientes&nbsp;<strong>podr\u00eda desencadenar consecuencias clim\u00e1ticas<\/strong>&nbsp;extremas.<\/p>\n\n\n\n<p><a href=\"https:\/\/ecoosfera.com\/sci-innovacion\/corriente-atlantico-desaparece\/\" target=\"_blank\" rel=\"noreferrer noopener\">Leer m\u00e1s: Cient\u00edficos anuncian el colapso de la corriente oc\u00e9anica del Atl\u00e1ntico en 2057<\/a><\/p>\n\n\n\n<p><img decoding=\"async\" src=\"https:\/\/i0.wp.com\/cdn.mos.cms.futurecdn.net\/ApNUyARZc75oJKbwN3bu3M-320-80.gif?ssl=1\" alt=\"Una animaci\u00f3n simplificada de la &quot;cinta transportadora&quot; global del AMOC, con las corrientes superficiales mostradas en rojo y las de aguas profundas en azul.\"\/><\/p>\n\n\n\n<h2 class=\"wp-block-heading\">\u00bfQu\u00e9 est\u00e1 pasando con la corriente oc\u00e9anica del Atl\u00e1ntico?<\/h2>\n\n\n\n<p>Un nuevo estudio encontr\u00f3 que la corriente oce\u00e1nica&nbsp;<a href=\"https:\/\/www.nature.com\/articles\/s41561-024-01422-4\" target=\"_blank\" rel=\"noreferrer noopener\">se ha debilitado en las \u00faltimas dos d\u00e9cadas de 2000-2020<\/a>. El&nbsp;<strong>derretimiento provocado por el cambio clim\u00e1tico ha aumentado la acumulaci\u00f3n de agua dulce en el norte del Atl\u00e1ntico,<\/strong>&nbsp;frenando la AMOC.<\/p>\n\n\n\n<p>Esto provocar\u00eda un ligero descenso en las temperaturas en el norte del planeta, mientras que las regiones del hemisferio sur experimentar\u00edan el aumento de unos pocos grados, lo que&nbsp;sugiere que el agua de deshielo del \u00c1rtico bloque\u00f3 la formaci\u00f3n de corrientes oce\u00e1nicas profundas en el mar de Noruega durante el \u00faltimo per\u00edodo interglacial. Esto ralentiz\u00f3 considerablemente el flujo hacia el sur de la AMOC, lo que a su vez ralentiz\u00f3 el motor que lleva calor al hemisferio norte.<\/p>\n\n\n\n<p>La preocupaci\u00f3n radica en que las corrientes del mar N\u00f3rdico desempe\u00f1an un papel fundamental en un sistema m\u00e1s amplio de corrientes del oc\u00e9ano Atl\u00e1ntico denominado Circulaci\u00f3n Meridional Atl\u00e1ntica (CMA), que incluye la Corriente del Golfo,&nbsp;<strong>esencial para el calentamiento del hemisferio norte y funciona como una gigantesca cinta transportadora.&nbsp;<\/strong><\/p>\n\n\n\n<figure class=\"wp-block-image\"><img decoding=\"async\" src=\"https:\/\/i0.wp.com\/imagenes.20minutos.es\/files\/image_990_556\/files\/fp\/uploads\/imagenes\/2023\/07\/25\/captura-de-pantalla-2023-07-25-174034.r_d.298-161.png?ssl=1\" alt=\"La corriente del Atl\u00e1ntico podr\u00eda colapsar a mediados de siglo por el cambio clim\u00e1tico, con graves\" title=\"Cient\u00edficos alertan que la corriente oce\u00e1nica del Atl\u00e1ntico est\u00e1 al borde del colapso 3\"\/><\/figure>\n\n\n\n<h2 class=\"wp-block-heading\">\u00bfC\u00f3mo aseguran el colapso?<\/h2>\n\n\n\n<p>De acuerdo con Mar G\u00f3mez y el art\u00edculo, dado los recientes sucesos ocasionados por las corrientes, el del Atl\u00e1ntico&nbsp;es uno de los&nbsp;<strong>puntos de inflexi\u00f3n&nbsp;que preocupa a los cient\u00edficos<\/strong>&nbsp;por la oleada de cat\u00e1strofes que podr\u00eda desencadenar.&nbsp;Pero la fecha en la que podr\u00eda ocurrir ese colapso no genera consenso entre los cient\u00edficos.<\/p>\n\n\n\n<p>Y es que, los modelos clim\u00e1ticos sugieren que la AMOC podr\u00eda colapsar antes de 2100, pero existen enormes incertidumbres a la hora de predecir las escalas temporales.<\/p>\n\n\n\n<p><\/p>\n\n\n\n<p>ecoosfera.com<\/p>\n","protected":false},"excerpt":{"rendered":"<p>El colapso de este sistema esta en un punto cr\u00edtico afirman los cient\u00edficos Un nuevo estudio sugiere que&nbsp;la Tierra avanza hacia condiciones clim\u00e1ticas que provocaron el colapso de corrientes clave del Atl\u00e1ntico antes de la \u00faltima edad de hielo.&nbsp;Al parecer, la circulaci\u00f3n del Atl\u00e1ntico se ha debilitado en las \u00faltimas d\u00e9cadas. El aumento de agua [&hellip;]<\/p>\n","protected":false},"author":1,"featured_media":175090,"comment_status":"closed","ping_status":"closed","sticky":false,"template":"","format":"standard","meta":{"_acf_changed":false,"_jetpack_memberships_contains_paid_content":false,"footnotes":"","jetpack_publicize_message":"","jetpack_publicize_feature_enabled":true,"jetpack_social_post_already_shared":true,"jetpack_social_options":{"image_generator_settings":{"template":"highway","default_image_id":0,"font":"","enabled":false},"version":2}},"categories":[6],"tags":[],"class_list":["post-175089","post","type-post","status-publish","format-standard","has-post-thumbnail","hentry","category-ecologia"],"acf":[],"jetpack_publicize_connections":[],"jetpack_featured_media_url":"https:\/\/i0.wp.com\/sportseco.com\/wp-content\/uploads\/2024\/11\/Corriente-atlantico-.webp?fit=1140%2C570&ssl=1","jetpack_sharing_enabled":true,"_links":{"self":[{"href":"https:\/\/sportseco.com\/index.php?rest_route=\/wp\/v2\/posts\/175089","targetHints":{"allow":["GET"]}}],"collection":[{"href":"https:\/\/sportseco.com\/index.php?rest_route=\/wp\/v2\/posts"}],"about":[{"href":"https:\/\/sportseco.com\/index.php?rest_route=\/wp\/v2\/types\/post"}],"author":[{"embeddable":true,"href":"https:\/\/sportseco.com\/index.php?rest_route=\/wp\/v2\/users\/1"}],"replies":[{"embeddable":true,"href":"https:\/\/sportseco.com\/index.php?rest_route=%2Fwp%2Fv2%2Fcomments&post=175089"}],"version-history":[{"count":2,"href":"https:\/\/sportseco.com\/index.php?rest_route=\/wp\/v2\/posts\/175089\/revisions"}],"predecessor-version":[{"id":175092,"href":"https:\/\/sportseco.com\/index.php?rest_route=\/wp\/v2\/posts\/175089\/revisions\/175092"}],"wp:featuredmedia":[{"embeddable":true,"href":"https:\/\/sportseco.com\/index.php?rest_route=\/wp\/v2\/media\/175090"}],"wp:attachment":[{"href":"https:\/\/sportseco.com\/index.php?rest_route=%2Fwp%2Fv2%2Fmedia&parent=175089"}],"wp:term":[{"taxonomy":"category","embeddable":true,"href":"https:\/\/sportseco.com\/index.php?rest_route=%2Fwp%2Fv2%2Fcategories&post=175089"},{"taxonomy":"post_tag","embeddable":true,"href":"https:\/\/sportseco.com\/index.php?rest_route=%2Fwp%2Fv2%2Ftags&post=175089"}],"curies":[{"name":"wp","href":"https:\/\/api.w.org\/{rel}","templated":true}]}}