{"id":175108,"date":"2024-11-03T17:01:50","date_gmt":"2024-11-03T22:01:50","guid":{"rendered":"https:\/\/sportseco.com\/?p=175108"},"modified":"2024-11-03T17:01:54","modified_gmt":"2024-11-03T22:01:54","slug":"dia-de-muertos-la-onu-se-suma-a-la-tradicion-popular-mexicana-con-ofrendas-por-la-vida-y-la-paz","status":"publish","type":"post","link":"https:\/\/sportseco.com\/?p=175108","title":{"rendered":"D\u00eda de Muertos: La ONU se suma a la tradici\u00f3n popular mexicana con ofrendas por la vida y la paz"},"content":{"rendered":"\n<p>El D\u00eda de Muertos ha llegado, pero, a diferencia de lo que podr\u00eda pensarse en otros pa\u00edses, M\u00e9xico no est\u00e1 de luto.&nbsp;M\u00e9xico est\u00e1 de fiesta y celebra la vida.<\/p>\n\n\n\n<p>El D\u00eda de Muertos (1 y 2 de noviembre) es una&nbsp;celebraci\u00f3n a la memoria y la vida que est\u00e1 profundamente arraigada a la cultura de los pueblos ind\u00edgenas de M\u00e9xico. Su origen es una fusi\u00f3n de los rituales religiosos cat\u00f3licos tra\u00eddos por los espa\u00f1oles y la conmemoraci\u00f3n del D\u00eda de Muertos que los ind\u00edgenas realizaban desde la \u00e9poca prehisp\u00e1nica.<\/p>\n\n\n\n<p>Las fiestas celebran el&nbsp;retorno temporal de los seres queridos fallecidos, coinciden con el fin del ciclo anual del ma\u00edz, un elemento clave en la cultura mesoamericana, y adem\u00e1s son parte de la renovaci\u00f3n del estatuto pol\u00edtico y social de distintas comunidades originarias.<\/p>\n\n\n\n<p>La celebraci\u00f3n var\u00eda seg\u00fan el pueblo, municipio o estado; sin embargo,&nbsp;<strong>en todo el pa\u00eds tiene un mismo objetivo:&nbsp;reunir a las familias para dar la bienvenida a sus seres queridos que vuelven del m\u00e1s all\u00e1<\/strong>.&nbsp;El 1 de noviembre se dedica a ni\u00f1as y ni\u00f1os. El d\u00eda 2 a los adultos.<\/p>\n\n\n\n<p>https:\/\/news.un.org\/es\/media\/oembed?url=https%3A\/\/www.youtube.com\/watch%3Fv%3Dl0MzcA3FHLc&#038;max_width=0&#038;max_height=0&#038;hash=AYomaofizJCtrnPHVJuu_U8tZutVG0Dm7PG-SIvb3zQ<\/p>\n\n\n\n<p>En 2003, las&nbsp;<a href=\"https:\/\/ich.unesco.org\/es\/RL\/las-fiestas-indigenas-dedicadas-a-los-muertos-00054\" target=\"_blank\" rel=\"noreferrer noopener\">fiestas ind\u00edgenas dedicadas a los muertos&nbsp;fueron inscritas en la Lista Representativa del Patrimonio Cultural Inmaterial de la Humanidad<\/a>&nbsp;por la Organizaci\u00f3n de las Naciones Unidas para&nbsp;<a href=\"https:\/\/www.unesco.org\/es\" target=\"_blank\" rel=\"noreferrer noopener\">la Educaci\u00f3n, la Ciencia y la Cultura<\/a>&nbsp;(<a href=\"https:\/\/en.unesco.org\/\" target=\"_blank\" rel=\"noreferrer noopener\"><\/a><a href=\"https:\/\/es.unesco.org\/\" target=\"_blank\" rel=\"noreferrer noopener\">UNESCO<\/a>).<\/p>\n\n\n\n<p>En el marco del 79 aniversario de las Naciones Unidas y en medio de un contexto en el que 2 mil millones de personas en el mundo, una cuarta parte de la humanidad, viven en lugares afectados por conflictos b\u00e9licos o violencia, niveles sin precedentes desde la Segunda Guerra Mundial, ONU M\u00e9xico se sum\u00f3 a estas festividades.<\/p>\n\n\n\n<p>En alianza con la Secretar\u00eda de Relaciones Exteriores, la Secretar\u00eda de Cultura, el Complejo Cultural Los Pinos y la Secretar\u00eda de Cultura del estado de Quer\u00e9taro, ONU M\u00e9xico invit\u00f3 a un grupo de portadores de la tradici\u00f3n&nbsp;h\u00f1o\u00f1ho otom\u00edes del municipio de Tolim\u00e1n, Quer\u00e9taro, y a un grupo de artesanos de Huamantla, Tlaxcala, a realizar una&nbsp;ofrenda en honor&nbsp;a las vidas perdidas por las guerras, los conflictos y el sufrimiento en el mundo, haciendo hincapi\u00e9 en el&nbsp;poder de la vida, la memoria y la esperanza.<\/p>\n\n\n\n<p>La ofrenda de la ONU&nbsp;\u201cHonremos la vida y la paz\u201d est\u00e1 ubicada en la Casa Miguel Alem\u00e1n del&nbsp;Complejo Cultural Los Pinos, en el Bosque de Chapultepec de la Ciudad de M\u00e9xico y estar\u00e1 abierta al p\u00fablico hasta el 3 de noviembre. El acceso es gratuito.<\/p>\n\n\n\n<figure class=\"wp-block-image\"><img data-recalc-dims=\"1\" decoding=\"async\" src=\"https:\/\/i0.wp.com\/global.unitednations.entermediadb.net\/assets\/mediadb\/services\/module\/asset\/downloads\/preset\/Libraries\/Production%20Library\/01-11-2024_Mexico_DiaDeMuertos2.jpg\/image1170x530cropped.jpg?w=640&#038;ssl=1\" alt=\"La ofrenda fue creada por portadores de la tradici\u00f3n del D\u00eda de Muertos h\u00f1o\u00f1ho otom\u00edes del estado de Quer\u00e9taro.\" title=\"La ofrenda fue creada por portadores de la tradici\u00f3n del D\u00eda de Muertos h\u00f1o\u00f1ho otom\u00edes del estado de Quer\u00e9taro.\"\/><\/figure>\n\n\n\n<p>Juan Luis M. Acevez \/ UNESCO M\u00e9xico<\/p>\n\n\n\n<p>La ofrenda fue creada por portadores de la tradici\u00f3n del D\u00eda de Muertos h\u00f1o\u00f1ho otom\u00edes del estado de Quer\u00e9taro.<\/p>\n\n\n\n<h2 class=\"wp-block-heading\">Ofrenda Otom\u00ed: Memoria, unidad y paz<\/h2>\n\n\n\n<p>Plasmando sus costumbres y tradiciones, el grupo de portadores de la tradici\u00f3n&nbsp;h\u00f1o\u00f1ho otom\u00edes del municipio de Tolim\u00e1n, Quer\u00e9taro, le contaron a ONU Noticias los simbolismos de su ofrenda y lo importante que es para su comunidad, para la unidad y la paz.<\/p>\n\n\n\n<p>\u201cEsta ofrenda representa el altar tradicional de nuestras capillas oratorias, de nuestras descencias y de nuestra lengua madre otom\u00ed.&nbsp;(Aqu\u00ed est\u00e1n presentes) los elementos como el agua, (el aire) el fuego y la tierra. La cera representa el fuego, las ofrendas son el fruto de la tierra, el aire es el aroma de las flores\u201d, explic\u00f3 Marcos Rinc\u00f3n, integrante de la comunidad&nbsp;h\u00f1o\u00f1ho&nbsp;otom\u00ed que realiz\u00f3 la ofrenda en Los Pinos.<\/p>\n\n\n\n<p>En la ofrenda se coloc\u00f3 comida t\u00edpica de la regi\u00f3n como moles, tortillas y tamales, as\u00ed como calabazas, mazorcas, chayotes, frijoles y n\u00edsperos, frutos que corresponden con el fin de la temporada de cosechas. A diferencia de otras ofrendas en M\u00e9xico, donde se recuerda a los familiares con fotograf\u00edas, en la tradici\u00f3n otom\u00ed se colocan cruces. \u201cLa cruz es el recuerdo, la obligaci\u00f3n y&nbsp;la memoria que tiene la decencia de recordar a sus familiares fallecidos\u201d, indic\u00f3 Marcos.<\/p>\n\n\n\n<p>\u201cNuestra ofrenda es un v\u00ednculo de unidad, de conformidad.&nbsp;<strong>Nuestro altar nos une para formalizar la paz entre la descendencia, entre los familiares y toda la comunidad en general<\/strong>.&nbsp;Invitamos a todo el pueblo a concientizar la paz y la alegr\u00eda\u201d,&nbsp;agrega.<\/p>\n\n\n\n<p>En 2009, la UNESCO inscribi\u00f3 en la Lista Representativa del Patrimonio Cultural Inmaterial de la Humanidad los&nbsp;<a href=\"https:\/\/ich.unesco.org\/es\/RL\/lugares-de-memoria-y-tradiciones-vivas-de-los-otomi-chichimecas-de-toliman-la-pena-de-bernal-guardiana-de-un-territorio-sagrado-00174\" target=\"_blank\" rel=\"noreferrer noopener\">lugares de memoria y tradiciones vivas de los otom\u00ed-chichimecas de Tolim\u00e1n<\/a>, Quer\u00e9taro.<\/p>\n\n\n\n<figure class=\"wp-block-image\"><img data-recalc-dims=\"1\" decoding=\"async\" src=\"https:\/\/i0.wp.com\/global.unitednations.entermediadb.net\/assets\/mediadb\/services\/module\/asset\/downloads\/preset\/Libraries\/Production%20Library\/01-11-2024_Mexico_DiaDeMuertos6.jpg\/image1170x530cropped.jpg?w=640&#038;ssl=1\" alt=\"Marcos Rinc\u00f3n, de la comunidad h\u00f1o\u00f1ho otom\u00ed del municipio de Tolim\u00e1n, Quer\u00e9taro.\" title=\"Marcos Rinc\u00f3n, de la comunidad h\u00f1o\u00f1ho otom\u00ed del municipio de Tolim\u00e1n, Quer\u00e9taro.\"\/><\/figure>\n\n\n\n<p>Elo\u00edsa Farrera\/CINU M\u00e9xico<\/p>\n\n\n\n<p>Marcos Rinc\u00f3n, de la comunidad h\u00f1o\u00f1ho otom\u00ed del municipio de Tolim\u00e1n, Quer\u00e9taro.<\/p>\n\n\n\n<h2 class=\"wp-block-heading\">Tapete de aserr\u00edn: Tradici\u00f3n y cultura<\/h2>\n\n\n\n<p>Para acompa\u00f1ar la ofrenda, artesanos de Huamantla, Tlaxcala, realizaron en el pasillo principal de la casa Miguel Alem\u00e1n de Los Pinos un&nbsp;tapete de arenillas y aserr\u00edn con una paloma blanca y una rama de olivo al centro&nbsp;en el que se puede leer la leyenda \u201cPor la paz\u201d, junto al emblema y el nombre de Naciones Unidas.<\/p>\n\n\n\n<p>El tapete fue elaborado por Arte M\u00e1gico, un grupo de artesanos liderados por el maestro Francisco Montiel, con m\u00e1s de 30 a\u00f1os de experiencia en este arte ef\u00edmero cuya tradici\u00f3n data del Siglo XIX, aunque&nbsp;<strong>se sabe que este tipo de expresiones ya se realizaban en la \u00e9poca prehisp\u00e1nica<\/strong>. \u201cEn Huamantla se tiene datos de que&nbsp;incluso antes de la conquista ya se hac\u00edan alfombras con p\u00e9talos de flor silvestre de la malintzin, en honor a la Diosa Xochiquetzalli. Es un sincretismo que ha hecho que Huamantla sea la cuna del alfombrismo en M\u00e9xico. Es una actividad cultural y religiosa\u201d, indic\u00f3 el maestro Montiel.<\/p>\n\n\n\n<p>La noche del 14 y la madrugada del 15 de agosto de cada a\u00f1o, durante&nbsp;la \u201cNoche que Nadie Duerme\u201d,&nbsp;la comunidad de Huamantla expone en sus calles hasta m\u00e1s de 8 kil\u00f3metros de tapetes y alfombras como una ofrenda a la Virgen de la Caridad.<\/p>\n\n\n\n<p>El maestro Montiel aplaude que la ONU valore el oficio de Huamantla y se sume a la tradici\u00f3n con un tapete que transmita el mensaje de paz.<\/p>\n\n\n\n<p>\u201c<strong>Pedimos paz, (un mundo) donde no haya guerras y que haya oportunidad de proteger a nuestro medio ambiente<\/strong>. La paz se da de muchas formas. Este oficio del arte ef\u00edmero nos permite recapacitar c\u00f3mo es que queremos vivir la vida\u201d, se\u00f1al\u00f3.&nbsp;\u201cAqu\u00ed festejamos y celebramos con el D\u00eda de Muertos&nbsp;que debemos ser responsables y compartir cada d\u00eda m\u00e1s la esencia de las tradiciones y la cultura en M\u00e9xico\u201d, concluy\u00f3.<\/p>\n\n\n\n<p>El&nbsp;arte ef\u00edmero de tapetes&nbsp;elaborados con semillas y aserr\u00edn, tanto de Huamantla como de Uriangato, Guanajuato, forman parte del&nbsp;<a href=\"https:\/\/sic.cultura.gob.mx\/index.php?table=frpintangible\" target=\"_blank\" rel=\"noreferrer noopener\">Inventario Nacional de Patrimonio Cultural Inmaterial de M\u00e9xico<\/a>.<\/p>\n\n\n\n<figure class=\"wp-block-image\"><img data-recalc-dims=\"1\" decoding=\"async\" src=\"https:\/\/i0.wp.com\/global.unitednations.entermediadb.net\/assets\/mediadb\/services\/module\/asset\/downloads\/preset\/Libraries\/Production%20Library\/01-11-2024_Mexico_DiaDeMuertos4.jpg\/image1170x530cropped.jpg?w=640&#038;ssl=1\" alt=\"Francisco Montiel, maestro alfombrista de Huamantla, Tlaxcala.\" title=\"Francisco Montiel, maestro alfombrista de Huamantla, Tlaxcala.\"\/><\/figure>\n\n\n\n<p>Elo\u00edsa Farrera\/CINU M\u00e9xico<\/p>\n\n\n\n<p>Francisco Montiel, maestro alfombrista de Huamantla, Tlaxcala.<\/p>\n\n\n\n<h2 class=\"wp-block-heading\">Museo de arte popular: Altar por la paz y la esperanza<\/h2>\n\n\n\n<p>Por otro lado, en el Museo de Arte Popular (MAP) de la Ciudad de M\u00e9xico tambi\u00e9n se puede ver una&nbsp;ofrenda que invita a la reflexi\u00f3n y el compromiso social con la cultura de la paz y los&nbsp;<a href=\"https:\/\/news.un.org\/es\/news\/topic\/human-rights\">derechos humanos<\/a>. El \u201cAltar por la paz y la esperanza\u00bb fue elaborado en alianza con el Centro de Informaci\u00f3n de las Naciones Unidas en M\u00e9xico (CINU), la Agencia Urbana, la Fundaci\u00f3n APT (Alimento para Todos), Fundaci\u00f3n Paso a Paso, Serna Group y la Fundaci\u00f3n Dr. Simi.<\/p>\n\n\n\n<p>El \u201cAltar por la paz y la esperanza\u00bb resalta la riqueza y diversidad cultural de M\u00e9xico gracias al trabajo de artesanos y artesanas mexicanas, quienes han unido elementos de las tradiciones ancestrales entorno al D\u00eda de Muertos con elementos contempor\u00e1neos como el Xoloitzcuintle cuyo papel es guiar las almas hacia el Mictl\u00e1n, la ciudad de los muertos.<\/p>\n\n\n\n<p>\u201cEl Altar por la paz y la esperanza\u201d nos permite hacer un&nbsp;<strong>homenaje a las tradiciones ind\u00edgenas de M\u00e9xico&nbsp;y nos invita a reflexionar sobre la memoria hist\u00f3rica<\/strong>, enfoc\u00e1ndonos en la importancia de la lucha por la paz, la defensa de los derechos humanos y la construcci\u00f3n de un futuro lleno de esperanza.\u201d, coment\u00f3 Carmen Morales, Directora del CINU M\u00e9xico durante la inauguraci\u00f3n, el pasado 23 de octubre.<\/p>\n\n\n\n<p>La colaboraci\u00f3n del artista franc\u00e9s Nicolas Barrome-Forgues aport\u00f3 a la obra elementos distintivos como el uso de l\u00edneas geom\u00e9tricas y colores vibrantes, los cuales reflejan su enfoque contempor\u00e1neo y minimalista. Estos elementos fueron combinados con los profundos simbolismos mexicanos. Parte de la inspiraci\u00f3n de Barrome-Forgues se basa en el universo paralelo de Jos\u00e9 Guadalupe Posada, donde la ilustraci\u00f3n de calaveras rompi\u00f3 con las clases sociales y foment\u00f3 un discurso de democracia e igualdad.<\/p>\n\n\n\n<p>La obra podr\u00e1 ser visitada por el p\u00fablico hasta el 7 de noviembre en el MAP.<\/p>\n\n\n\n<figure class=\"wp-block-image\"><img data-recalc-dims=\"1\" decoding=\"async\" src=\"https:\/\/i0.wp.com\/global.unitednations.entermediadb.net\/assets\/mediadb\/services\/module\/asset\/downloads\/preset\/Libraries\/Production%20Library\/01-11-2024_Mexico_DiaDeMuertos3.jpg\/image1024x768.jpg?w=640&#038;ssl=1\" alt=\"\u201cAltar por la paz y la esperanza\u201d, en el Museo de Arte Popular de la Ciudad de M\u00e9xico.\" title=\"\u201cAltar por la paz y la esperanza\u201d, en el Museo de Arte Popular de la Ciudad de M\u00e9xico.\"\/><\/figure>\n\n\n\n<p>Antonio Nieto Ram\u00edrez<\/p>\n\n\n\n<p>\u201cAltar por la paz y la esperanza\u201d, en el Museo de Arte Popular de la Ciudad de M\u00e9xico.<\/p>\n\n\n\n<p>Texto: Elo\u00edsa Farrera | Fotos: Juan Luis Montoya Acevez, Elo\u00edsa Farrera, Antonio Nieto y Tania Garc\u00eda | Edici\u00f3n de video: Luis Arroyo | Centro de Informaci\u00f3n de las Naciones Unidas en M\u00e9xico, Cuba y Rep\u00fablica Dominicana y UNESCO M\u00e9xico.<\/p>\n\n\n\n<p><\/p>\n\n\n\n<p>news.un.org<\/p>\n","protected":false},"excerpt":{"rendered":"<p>El D\u00eda de Muertos ha llegado, pero, a diferencia de lo que podr\u00eda pensarse en otros pa\u00edses, M\u00e9xico no est\u00e1 de luto.&nbsp;M\u00e9xico est\u00e1 de fiesta y celebra la vida. El D\u00eda de Muertos (1 y 2 de noviembre) es una&nbsp;celebraci\u00f3n a la memoria y la vida que est\u00e1 profundamente arraigada a la cultura de los [&hellip;]<\/p>\n","protected":false},"author":1,"featured_media":175109,"comment_status":"closed","ping_status":"closed","sticky":false,"template":"","format":"standard","meta":{"_acf_changed":false,"_jetpack_memberships_contains_paid_content":false,"footnotes":"","jetpack_publicize_message":"","jetpack_publicize_feature_enabled":true,"jetpack_social_post_already_shared":true,"jetpack_social_options":{"image_generator_settings":{"template":"highway","default_image_id":0,"font":"","enabled":false},"version":2}},"categories":[6],"tags":[],"class_list":["post-175108","post","type-post","status-publish","format-standard","has-post-thumbnail","hentry","category-ecologia"],"acf":[],"jetpack_publicize_connections":[],"jetpack_featured_media_url":"https:\/\/i0.wp.com\/sportseco.com\/wp-content\/uploads\/2024\/11\/image1170x530cropped-1.jpg?fit=1170%2C530&ssl=1","jetpack_sharing_enabled":true,"_links":{"self":[{"href":"https:\/\/sportseco.com\/index.php?rest_route=\/wp\/v2\/posts\/175108","targetHints":{"allow":["GET"]}}],"collection":[{"href":"https:\/\/sportseco.com\/index.php?rest_route=\/wp\/v2\/posts"}],"about":[{"href":"https:\/\/sportseco.com\/index.php?rest_route=\/wp\/v2\/types\/post"}],"author":[{"embeddable":true,"href":"https:\/\/sportseco.com\/index.php?rest_route=\/wp\/v2\/users\/1"}],"replies":[{"embeddable":true,"href":"https:\/\/sportseco.com\/index.php?rest_route=%2Fwp%2Fv2%2Fcomments&post=175108"}],"version-history":[{"count":1,"href":"https:\/\/sportseco.com\/index.php?rest_route=\/wp\/v2\/posts\/175108\/revisions"}],"predecessor-version":[{"id":175110,"href":"https:\/\/sportseco.com\/index.php?rest_route=\/wp\/v2\/posts\/175108\/revisions\/175110"}],"wp:featuredmedia":[{"embeddable":true,"href":"https:\/\/sportseco.com\/index.php?rest_route=\/wp\/v2\/media\/175109"}],"wp:attachment":[{"href":"https:\/\/sportseco.com\/index.php?rest_route=%2Fwp%2Fv2%2Fmedia&parent=175108"}],"wp:term":[{"taxonomy":"category","embeddable":true,"href":"https:\/\/sportseco.com\/index.php?rest_route=%2Fwp%2Fv2%2Fcategories&post=175108"},{"taxonomy":"post_tag","embeddable":true,"href":"https:\/\/sportseco.com\/index.php?rest_route=%2Fwp%2Fv2%2Ftags&post=175108"}],"curies":[{"name":"wp","href":"https:\/\/api.w.org\/{rel}","templated":true}]}}