{"id":175119,"date":"2024-11-03T18:10:09","date_gmt":"2024-11-03T23:10:09","guid":{"rendered":"https:\/\/sportseco.com\/?p=175119"},"modified":"2024-11-03T18:10:44","modified_gmt":"2024-11-03T23:10:44","slug":"cop16-se-aprueba-organo-subsidiario-y-se-reconoce-el-rol-de-los-afrodescendientes-en-el-cdb","status":"publish","type":"post","link":"https:\/\/sportseco.com\/?p=175119","title":{"rendered":"COP16: Se aprueba \u00f3rgano subsidiario y se reconoce el rol de los afrodescendientes en el CDB"},"content":{"rendered":"\n<figure class=\"wp-block-image\"><img data-recalc-dims=\"1\" decoding=\"async\" src=\"https:\/\/i0.wp.com\/www.minambiente.gov.co\/wp-content\/uploads\/2024\/11\/articulo.jpeg?w=640&#038;ssl=1\" alt=\"COP16: Se aprueba \u00f3rgano subsidiario y se reconoce el rol de los afrodescendientes en el CDB\" title=\"COP16: Se aprueba \u00f3rgano subsidiario y se reconoce el rol de los afrodescendientes en el CDB\"\/><\/figure>\n\n\n\n<ul class=\"wp-block-list\">\n<li>Este es el primer gran acuerdo alcanzado bajo el liderazgo de Susana Muhamad como presidenta de la COP16 en Colombia, gracias al consenso de las partes y un arduo trabajo en los \u00faltimos d\u00edas de negociaci\u00f3n. Con esta decisi\u00f3n se ratifica que esta es la COP de la Gente.<\/li>\n\n\n\n<li>26 a\u00f1os despu\u00e9s de constituirse un grupo de trabajo para la implementaci\u00f3n de las disposiciones del Art\u00edculo 8J, hoy se aprueba un \u00f3rgano subsidiario para pueblos ind\u00edgenas y comunidades locales en el Convenio sobre Diversidad Biol\u00f3gica (CDB).<\/li>\n\n\n\n<li>Con este grupo de decisiones tambi\u00e9n se reconoce el rol de los afrodescendientes dentro del CDB como actores clave para la conservaci\u00f3n de la biodiversidad.<\/li>\n\n\n\n<li>Estos dos grandes logros se suman a la aprobaci\u00f3n del programa de trabajo para pueblos ind\u00edgenas y comunidades locales hasta el 2030, acuerdo alcanzado hace dos d\u00edas en plenaria.<\/li>\n<\/ul>\n\n\n\n<p><strong>Cali, 2 de noviembre de 2024<\/strong>&nbsp;\u2013 En un hecho hist\u00f3rico, la plenaria de cierre de la COP16 aprob\u00f3 la creaci\u00f3n de un nuevo \u00f3rgano subsidiario y el reconocimiento del rol de los afrodescendientes en el Convenio sobre Diversidad Biol\u00f3gica, resaltando su importante papel como custodios de la biodiversidad del mundo.<\/p>\n\n\n\n<p>Este logro se da tras 26 a\u00f1os de contar con un grupo de trabajo para la implementaci\u00f3n de las disposiciones del Art\u00edculo 8J del CDB, que impulsa a los pa\u00edses a respetar, preservar y mantener los conocimientos tradicionales de las comunidades ind\u00edgenas y locales; y promueve el uso amplio de estos conocimientos con la participaci\u00f3n de quienes los poseen, y fomenta el beneficio compartido derivado de su uso.<\/p>\n\n\n\n<p>La creaci\u00f3n de este \u00f3rgano subsidiario permitir\u00e1 fortalecer el trabajo entre pa\u00edses, pueblos ind\u00edgenas y comunidades locales del mundo en la definici\u00f3n de criterios, acciones y programas asociados a los conocimientos, innovaciones y practicas asociadas a la biodiversidad.<\/p>\n\n\n\n<p>Este \u00f3rgano se suma a los dos ya existentes: el \u00d3rgano Subsidiario de Asesoramiento Cient\u00edfico, T\u00e9cnico y Tecnol\u00f3gico, que realiza la evaluaci\u00f3n del estado de la biodiversidad y aborda otros temas t\u00e9cnicos; y el \u00d3rgano Subsidiario de Implementaci\u00f3n, que se encarga de formular recomendaciones a la Conferencia sobre aspectos t\u00e9cnicos y cient\u00edficos de la aplicaci\u00f3n del Convenio.<\/p>\n\n\n\n<p>\u201cEsta es una ocasi\u00f3n sin precedentes en la historia de los acuerdos multilaterales sobre la biodiversidad. Los pueblos ind\u00edgenas y las comunidades locales del mundo conectadas desde nuestros sistemas de conocimientos en el cuidado de la vida, la biodiversidad, recordamos el largo camino que hemos recorrido en este contexto. Este nuevo \u00f3rgano subsidiario es un referente para el resto del mundo en el que las partes reconocen la necesidad continua de nuestra participaci\u00f3n seria y efectiva para cumplir los objetivos y los convenios\u201d, se\u00f1al\u00f3 Camila Paz Romero, vocera de los pueblos ind\u00edgenas durante la plenaria.<\/p>\n\n\n\n<p><strong>Reconocimiento a comunidades afrodescendientes<\/strong><\/p>\n\n\n\n<p>Con el reconocimiento del rol de los afrodescendientes en el Convenio se reconoce a estas comunidades como actores fundamentales en el cuidado y la protecci\u00f3n de la biodiversidad. Esto tambi\u00e9n les dar\u00e1 acceso a recibir recursos para financiar sus iniciativas enfocadas en la conservaci\u00f3n y gesti\u00f3n sostenible de la biodiversidad, y participar en discusiones ambientales globales, como la pr\u00f3xima Conferencia de las Partes (COP).<\/p>\n\n\n\n<p>La negociaci\u00f3n de este hito se dio en un trabajo colaborativo liderado por Colombia y Brasil, quienes presentaron esta propuesta conjunta para la inclusi\u00f3n de las comunidades.<\/p>\n\n\n\n<p>\u201cCelebramos en este momento hist\u00f3rico la implementaci\u00f3n y el reconocimiento a los saberes de los afrodescendientes por la protecci\u00f3n de la biodiversidad. Este es un mensaje claro de inclusi\u00f3n en la COP de la Gente, que integra cultura, naturaleza y equidad. Reconocer a los ind\u00edgenas y los afrodescendientes es hacer Paz con la Naturaleza\u201d, destac\u00f3 Luis Gilberto Murillo, ministro de Relaciones Exteriores de Colombia.<\/p>\n\n\n\n<p>El Art\u00edculo 8J ha sido fundamental para el reconocimiento de los conocimientos tradicionales en el \u00e1mbito internacional, estos conocimientos son el saber acumulado por los pueblos ind\u00edgenas y comunidades locales a trav\u00e9s de milenios, y se aplican en la conservaci\u00f3n y el uso sostenible de la biodiversidad.<\/p>\n\n\n\n<p>minambiente.gov.co<\/p>\n","protected":false},"excerpt":{"rendered":"<p>Cali, 2 de noviembre de 2024&nbsp;\u2013 En un hecho hist\u00f3rico, la plenaria de cierre de la COP16 aprob\u00f3 la creaci\u00f3n de un nuevo \u00f3rgano subsidiario y el reconocimiento del rol de los afrodescendientes en el Convenio sobre Diversidad Biol\u00f3gica, resaltando su importante papel como custodios de la biodiversidad del mundo. Este logro se da tras [&hellip;]<\/p>\n","protected":false},"author":1,"featured_media":175120,"comment_status":"closed","ping_status":"closed","sticky":false,"template":"","format":"standard","meta":{"_acf_changed":false,"_jetpack_memberships_contains_paid_content":false,"footnotes":"","jetpack_publicize_message":"","jetpack_publicize_feature_enabled":true,"jetpack_social_post_already_shared":true,"jetpack_social_options":{"image_generator_settings":{"template":"highway","default_image_id":0,"font":"","enabled":false},"version":2}},"categories":[6],"tags":[],"class_list":["post-175119","post","type-post","status-publish","format-standard","has-post-thumbnail","hentry","category-ecologia"],"acf":[],"jetpack_publicize_connections":[],"jetpack_featured_media_url":"https:\/\/i0.wp.com\/sportseco.com\/wp-content\/uploads\/2024\/11\/articulo.jpeg?fit=800%2C451&ssl=1","jetpack_sharing_enabled":true,"_links":{"self":[{"href":"https:\/\/sportseco.com\/index.php?rest_route=\/wp\/v2\/posts\/175119","targetHints":{"allow":["GET"]}}],"collection":[{"href":"https:\/\/sportseco.com\/index.php?rest_route=\/wp\/v2\/posts"}],"about":[{"href":"https:\/\/sportseco.com\/index.php?rest_route=\/wp\/v2\/types\/post"}],"author":[{"embeddable":true,"href":"https:\/\/sportseco.com\/index.php?rest_route=\/wp\/v2\/users\/1"}],"replies":[{"embeddable":true,"href":"https:\/\/sportseco.com\/index.php?rest_route=%2Fwp%2Fv2%2Fcomments&post=175119"}],"version-history":[{"count":2,"href":"https:\/\/sportseco.com\/index.php?rest_route=\/wp\/v2\/posts\/175119\/revisions"}],"predecessor-version":[{"id":175122,"href":"https:\/\/sportseco.com\/index.php?rest_route=\/wp\/v2\/posts\/175119\/revisions\/175122"}],"wp:featuredmedia":[{"embeddable":true,"href":"https:\/\/sportseco.com\/index.php?rest_route=\/wp\/v2\/media\/175120"}],"wp:attachment":[{"href":"https:\/\/sportseco.com\/index.php?rest_route=%2Fwp%2Fv2%2Fmedia&parent=175119"}],"wp:term":[{"taxonomy":"category","embeddable":true,"href":"https:\/\/sportseco.com\/index.php?rest_route=%2Fwp%2Fv2%2Fcategories&post=175119"},{"taxonomy":"post_tag","embeddable":true,"href":"https:\/\/sportseco.com\/index.php?rest_route=%2Fwp%2Fv2%2Ftags&post=175119"}],"curies":[{"name":"wp","href":"https:\/\/api.w.org\/{rel}","templated":true}]}}