{"id":175131,"date":"2024-11-04T08:20:13","date_gmt":"2024-11-04T13:20:13","guid":{"rendered":"https:\/\/sportseco.com\/?p=175131"},"modified":"2024-11-04T08:20:18","modified_gmt":"2024-11-04T13:20:18","slug":"la-cop16-concluye-con-acuerdos-de-reconocimiento-a-comunidades-indigenas-y-afrodescendientes","status":"publish","type":"post","link":"https:\/\/sportseco.com\/?p=175131","title":{"rendered":"La COP16 concluye con acuerdos de reconocimiento a comunidades ind\u00edgenas y afrodescendientes"},"content":{"rendered":"\n<figure class=\"wp-block-image\"><img data-recalc-dims=\"1\" decoding=\"async\" src=\"https:\/\/i0.wp.com\/global.unitednations.entermediadb.net\/assets\/mediadb\/services\/module\/asset\/downloads\/preset\/Libraries\/Production%20Library\/03-11-2024_cop16_colombia1.jpg\/image1170x530cropped.jpg?w=640&#038;ssl=1\" alt=\"Participantes de la COP16 en Cali, Colombia, durante la sesi\u00f3n plenaria del 1 de noviembre de 2024.\" title=\"Participantes de la COP16 en Cali, Colombia, durante la sesi\u00f3n plenaria del 1 de noviembre de 2024.\"\/><\/figure>\n\n\n\n<p>Conferencia de las Naciones Unidas sobre Diversidad Biol\u00f3gica<\/p>\n\n\n\n<p>Participantes de la COP16 en Cali, Colombia, durante la sesi\u00f3n plenaria del 1 de noviembre de 2024.<\/p>\n\n\n\n<p><a href=\"https:\/\/www.facebook.com\/sharer.php?u=https:\/\/news.un.org\/es\/story\/2024\/11\/1533986\" target=\"_blank\" rel=\"noreferrer noopener\">Facebook<\/a>&nbsp;<a href=\"https:\/\/twitter.com\/intent\/tweet?text=La%20COP16%20concluye%20con%20acuerdos%20de%20reconocimiento%20a%20comunidades%20ind%C3%ADgenas%20y%20afrodescendientes&amp;url=https:\/\/news.un.org\/es\/story\/2024\/11\/1533986\" target=\"_blank\" rel=\"noreferrer noopener\">Twitter<\/a>&nbsp;<a href=\"https:\/\/news.un.org\/es\/story\/2024\/11\/1533986\">Imprimir<\/a>&nbsp;<a href=\"mailto:?subject=La%20COP16%20concluye%20con%20acuerdos%20de%20reconocimiento%20a%20comunidades%20ind%C3%ADgenas%20y%20afrodescendientes&amp;body=https:\/\/news.un.org\/es\/story\/2024\/11\/1533986\">Correo electr\u00f3nico<\/a><a><\/a><\/p>\n\n\n\n<p><strong><time datetime=\"2024-11-03T12:00:00Z\">3 Noviembre 2024<\/time><\/strong><\/p>\n\n\n\n<p><strong>Por&nbsp;<\/strong><strong>Por Greace Vanegas<\/strong><\/p>\n\n\n\n<p><strong><a href=\"https:\/\/news.un.org\/es\/news\/topic\/climate-change\">Cambio clim\u00e1tico y medioambiente<\/a><\/strong><\/p>\n\n\n\n<p>Las comunidades ind\u00edgenas y comunidades locales integrar\u00e1n el tercer \u00f3rgano subsidiario de la cumbre de biodiversidad. Tambi\u00e9n avanzan en el reconocimiento de las comunidades afrodescendientes. Financiaci\u00f3n y monitoreo de acciones, los puntos pendientes.<\/p>\n\n\n\n<p>La 16\u00aa Conferencia de las Partes de la Convenci\u00f3n sobre la Diversidad Biol\u00f3gica de las Naciones Unidas (COP16) lleg\u00f3 a su fin despu\u00e9s de 12 d\u00edas de discusiones en Cali, la ciudad del Pac\u00edfico colombiano que recibi\u00f3 a 170 delegaciones oficiales, seg\u00fan el balance del Ministerio de Ambiente y Desarrollo Sostenible del pa\u00eds anfitri\u00f3n. El principal acuerdo que se logr\u00f3 es el reconocimiento de las comunidades ind\u00edgenas y afrodescendientes como protagonistas de la conservaci\u00f3n de la biodiversidad.<\/p>\n\n\n\n<p>Al cierre de la COP16,<strong>&nbsp;se aprob\u00f3 la creaci\u00f3n del \u00f3rgano subsidiario del art\u00edculo 8J para pueblos ind\u00edgenas y comunidades locales,<\/strong>&nbsp;contemplado en el Convenio sobre la Diversidad Biol\u00f3gica, el instrumento internacional para \u201cla conservaci\u00f3n de la diversidad biol\u00f3gica, la utilizaci\u00f3n sostenible de sus componentes y la participaci\u00f3n justa y equitativa en los beneficios que se deriven de la utilizaci\u00f3n de los recursos gen\u00e9ticos\u201d. El objetivo central del Convenio, adoptado por 196 pa\u00edses en el a\u00f1o 1992, es promover medidas que conduzcan a un futuro sostenible.<\/p>\n\n\n\n<p>El art\u00edculo 8J se\u00f1ala, espec\u00edficamente, que cada pa\u00eds firmante \u201crespetar\u00e1, preservar\u00e1 y mantendr\u00e1 los conocimientos, las innovaciones y las pr\u00e1cticas de las comunidades ind\u00edgenas y locales que entra\u00f1en estilos tradicionales de vida pertinentes para la conservaci\u00f3n y la utilizaci\u00f3n sostenible de la diversidad biol\u00f3gica\u201d. Tambi\u00e9n destaca que se&nbsp;promover\u00e1 su aplicaci\u00f3n m\u00e1s amplia con la aprobaci\u00f3n y la participaci\u00f3n de quienes posean esos conocimientos, innovaciones y pr\u00e1cticas, y fomentar\u00e1 que los beneficios derivados de&nbsp;su utilizaci\u00f3n se compartan equitativamente.<\/p>\n\n\n\n<p>De ah\u00ed que la creaci\u00f3n del nuevo \u00f3rgano subsidiario, es decir, la&nbsp;<strong>formalizaci\u00f3n de un espacio permanente para que los pueblos originarios participen en la toma de decisiones sobre biodiversidad<\/strong>, salde una deuda del Convenio sobre Diversidad Biol\u00f3gica que completaba m\u00e1s de tres d\u00e9cadas. Se trata de un espacio que permitir\u00e1 fortalecer la articulaci\u00f3n de los pa\u00edses con los pueblos ind\u00edgenas y las comunidades locales en la definici\u00f3n de acciones que contribuyan a la protecci\u00f3n de la naturaleza.<\/p>\n\n\n\n<p>\u201cEsta es una ocasi\u00f3n sin precedentes en la historia de los acuerdos multilaterales sobre ambiente. Los pueblos ind\u00edgenas y las comunidades locales del mundo, conectadas desde nuestros sistemas de conocimientos en el cuidado de la vida, la biodiversidad, recordamos el largo camino que hemos recorrido en este convenio\u201d, dijo Camila Paz Romero, vocera de los pueblos ind\u00edgenas.<\/p>\n\n\n\n<p>\u201cEste nuevo \u00f3rgano subsidiario es un referente para el resto del mundo en que las partes reconocen la necesidad continua de nuestra participaci\u00f3n plena y efectiva, conocimientos, innovaciones, tecnolog\u00edas y pr\u00e1cticas tradicionales para cumplir los objetivos del convenio\u201d, a\u00f1adi\u00f3.<\/p>\n\n\n\n<p>Los otros dos \u00f3rganos subsidiarios que asisten a la Conferencia de las partes son el de asesoramiento cient\u00edfico, t\u00e9cnico y tecnol\u00f3gico, que realiza la evaluaci\u00f3n del estado de la biodiversidad; y el de implementaci\u00f3n, que formula recomendaciones sobre aspectos t\u00e9cnicos y cient\u00edficos de la aplicaci\u00f3n del convenio.<\/p>\n\n\n\n<figure class=\"wp-block-image\"><img data-recalc-dims=\"1\" decoding=\"async\" src=\"https:\/\/i0.wp.com\/global.unitednations.entermediadb.net\/assets\/mediadb\/services\/module\/asset\/downloads\/preset\/Libraries\/Production%20Library\/03-11-2024_cop16_colombia2.jpg\/image1024x768.jpg?w=640&#038;ssl=1\" alt=\"Un participante de la COP16 en Cali, Colombia, durante la sesi\u00f3n plenaria del 1 de noviembre de 2024.\" title=\"Un participante de la COP16 en Cali, Colombia, durante la sesi\u00f3n plenaria del 1 de noviembre de 2024.\"\/><\/figure>\n\n\n\n<p>Conferencia de las Naciones Unidas sobre Diversidad Biol\u00f3gica<\/p>\n\n\n\n<p>Un participante de la COP16 en Cali, Colombia, durante la sesi\u00f3n plenaria del 1 de noviembre de 2024.<\/p>\n\n\n\n<h2 class=\"wp-block-heading\"><strong>Reconocimiento a comunidades afrodescendientes<\/strong><\/h2>\n\n\n\n<p>El otro logro de la COP16 es el reconocimiento que obtuvieron las comunidades afrodescendientes&nbsp;como parte del&nbsp;art\u00edculo 8J del Convenio sobre Diversidad Biol\u00f3gica.&nbsp;Con&nbsp;ello se&nbsp;les considera actores fundamentales&nbsp;para el cuidado y la protecci\u00f3n de la biodiversidad y se les concede el&nbsp;acceso a recursos para financiar proyectos que ayuden a salvaguardar el medio ambiente. De igual forma, podr\u00e1n participar en discusiones ambientales globales,&nbsp;incluida&nbsp;la pr\u00f3xima Conferencia de las Partes (COP).<\/p>\n\n\n\n<h2 class=\"wp-block-heading\"><strong>Beneficios compartidos<\/strong><\/h2>\n\n\n\n<p>La COP16 tambi\u00e9n dio lugar a la&nbsp;<strong>creaci\u00f3n del fondo mundial para el recaudo de recursos econ\u00f3micos provenientes del uso de informaci\u00f3n de secuencias gen\u00e9ticas digitalizadas y su&nbsp;distribuci\u00f3n justa y equitativa<\/strong>. De este modo,&nbsp;las empresas que utilicen&nbsp;esta informaci\u00f3n para el desarrollo de sus productos&nbsp;tendr\u00e1n que destinar parte de sus ganancias&nbsp;a un fondo, del cual se destinar\u00e1n recursos a pueblos ind\u00edgenas y comunidades locales, directamente o por medio de los gobiernos. Para compartir los beneficios, se tendr\u00e1n en cuenta criterios como las necesidades de conservaci\u00f3n y la riqueza en materia de biodiversidad de los pa\u00edses.&nbsp;En referencia a la sede de la COP16, se le ha denominado \u201cfondo Cali\u201d.<\/p>\n\n\n\n<h2 class=\"wp-block-heading\"><strong>Financiaci\u00f3n y monitoreo: puntos pendientes<\/strong><\/h2>\n\n\n\n<p>Al t\u00e9rmino de la COP16 quedaron dos puntos pendientes de acuerdo, ambos trascendentales para la implementaci\u00f3n del Marco Mundial Kunming-Montreal para la Biodiversidad, el plan global que se adopt\u00f3 durante la COP15 en Canad\u00e1 para detener y revertir la p\u00e9rdida de biodiversidad para el a\u00f1o 2030. La raz\u00f3n fue la suspensi\u00f3n de la cumbre debido a que ya no hab\u00eda un n\u00famero suficiente de negociadores. \u201cEso deja algunos retos para la convenci\u00f3n y corresponde empezar a subsanarlos\u201d, reconoci\u00f3 la ministra de ambiente de Colombia y presidenta de la Conferencia, Susana Muhamad.<\/p>\n\n\n\n<p>Uno de ellos fue la&nbsp;<strong>falta de definici\u00f3n de un modelo de financiamiento para&nbsp;llevar el plan de protecci\u00f3n de la biodiversidad a la realidad<\/strong>,&nbsp;identificando las fuentes de recursos,&nbsp;los mecanismos de acceso y de ejecuci\u00f3n. Los c\u00e1lculos indican que para la implementaci\u00f3n del marco se requieren 700.000 millones de d\u00f3lares. El otro punto que no se alcanz\u00f3 a concretar fue el del mecanismo de monitoreo para medir los avances de los pa\u00edses en el cumplimiento de la hoja de ruta para la protecci\u00f3n de la biodiversidad.<\/p>\n\n\n\n<h2 class=\"wp-block-heading\"><strong>La COP de la gente<\/strong><\/h2>\n\n\n\n<p>Seg\u00fan el Gobierno de Colombia, adem\u00e1s de las delegaciones oficiales que formaron parte de las discusiones de la cumbre mundial m\u00e1s importante sobre biodiversidad, se registraron alrededor de un mill\u00f3n de visitas a la llamada zona verde, un \u00e1rea dispuesta para la participaci\u00f3n de la sociedad civil. Se calcula que unas 40.000 personas asistieron a una variada agenda de actividades acad\u00e9micas.<\/p>\n\n\n\n<p>\u201cEn resumen, esta fue la COP de la gente. Se instal\u00f3 la coalici\u00f3n \u2018paz con la naturaleza\u2019 y se logr\u00f3 movilizar tal vez la campa\u00f1a de educaci\u00f3n m\u00e1s importante que haya tenido Colombia en su historia y la movilizaci\u00f3n por la vida m\u00e1s importante que hayamos hecho. Sobre todo, ver tanta gente emocionada por la biodiversidad\u201d, puntualiz\u00f3 Muhamad.<\/p>\n\n\n\n<p><\/p>\n\n\n\n<p>news.un.org<\/p>\n","protected":false},"excerpt":{"rendered":"<p>Conferencia de las Naciones Unidas sobre Diversidad Biol\u00f3gica Participantes de la COP16 en Cali, Colombia, durante la sesi\u00f3n plenaria del 1 de noviembre de 2024. Facebook&nbsp;Twitter&nbsp;Imprimir&nbsp;Correo electr\u00f3nico 3 Noviembre 2024 Por&nbsp;Por Greace Vanegas Cambio clim\u00e1tico y medioambiente Las comunidades ind\u00edgenas y comunidades locales integrar\u00e1n el tercer \u00f3rgano subsidiario de la cumbre de biodiversidad. Tambi\u00e9n avanzan [&hellip;]<\/p>\n","protected":false},"author":1,"featured_media":175132,"comment_status":"closed","ping_status":"closed","sticky":false,"template":"","format":"standard","meta":{"_acf_changed":false,"_jetpack_memberships_contains_paid_content":false,"footnotes":"","jetpack_publicize_message":"","jetpack_publicize_feature_enabled":true,"jetpack_social_post_already_shared":true,"jetpack_social_options":{"image_generator_settings":{"template":"highway","default_image_id":0,"font":"","enabled":false},"version":2}},"categories":[6],"tags":[],"class_list":["post-175131","post","type-post","status-publish","format-standard","has-post-thumbnail","hentry","category-ecologia"],"acf":[],"jetpack_publicize_connections":[],"jetpack_featured_media_url":"https:\/\/i0.wp.com\/sportseco.com\/wp-content\/uploads\/2024\/11\/image1024x768.jpg?fit=1024%2C682&ssl=1","jetpack_sharing_enabled":true,"_links":{"self":[{"href":"https:\/\/sportseco.com\/index.php?rest_route=\/wp\/v2\/posts\/175131","targetHints":{"allow":["GET"]}}],"collection":[{"href":"https:\/\/sportseco.com\/index.php?rest_route=\/wp\/v2\/posts"}],"about":[{"href":"https:\/\/sportseco.com\/index.php?rest_route=\/wp\/v2\/types\/post"}],"author":[{"embeddable":true,"href":"https:\/\/sportseco.com\/index.php?rest_route=\/wp\/v2\/users\/1"}],"replies":[{"embeddable":true,"href":"https:\/\/sportseco.com\/index.php?rest_route=%2Fwp%2Fv2%2Fcomments&post=175131"}],"version-history":[{"count":1,"href":"https:\/\/sportseco.com\/index.php?rest_route=\/wp\/v2\/posts\/175131\/revisions"}],"predecessor-version":[{"id":175133,"href":"https:\/\/sportseco.com\/index.php?rest_route=\/wp\/v2\/posts\/175131\/revisions\/175133"}],"wp:featuredmedia":[{"embeddable":true,"href":"https:\/\/sportseco.com\/index.php?rest_route=\/wp\/v2\/media\/175132"}],"wp:attachment":[{"href":"https:\/\/sportseco.com\/index.php?rest_route=%2Fwp%2Fv2%2Fmedia&parent=175131"}],"wp:term":[{"taxonomy":"category","embeddable":true,"href":"https:\/\/sportseco.com\/index.php?rest_route=%2Fwp%2Fv2%2Fcategories&post=175131"},{"taxonomy":"post_tag","embeddable":true,"href":"https:\/\/sportseco.com\/index.php?rest_route=%2Fwp%2Fv2%2Ftags&post=175131"}],"curies":[{"name":"wp","href":"https:\/\/api.w.org\/{rel}","templated":true}]}}