{"id":175892,"date":"2024-11-18T12:00:13","date_gmt":"2024-11-18T17:00:13","guid":{"rendered":"https:\/\/sportseco.com\/?p=175892"},"modified":"2024-11-18T13:40:08","modified_gmt":"2024-11-18T18:40:08","slug":"emma-raducanu-que-ha-recuperado-la-confianza-mira-hacia-un-prometedor-2025","status":"publish","type":"post","link":"https:\/\/sportseco.com\/?p=175892","title":{"rendered":"Emma Raducanu, que ha recuperado la confianza, mira hacia un prometedor 2025"},"content":{"rendered":"\n<p>A medida que se acerca el final de su campa\u00f1a de 2024, Emma Raducanu est\u00e1 ansiosa por aprovechar el impulso que obtuvo con el equipo brit\u00e1nico en la Billie Jean King Cup en M\u00e1laga esta semana.<\/p>\n\n\n\n<p>La campeona del US Open 2021 estuvo dos meses apartada por una lesi\u00f3n en el pie antes de unirse a sus compa\u00f1eras de equipo brit\u00e1nicas en el sur de Espa\u00f1a, donde se enfrentar\u00e1n a Eslovaquia en las semifinales el martes.<\/p>\n\n\n\n<p>Raducanu, que ha ido 2-0 en individuales hasta ahora en M\u00e1laga, se siente fresca y quiere comenzar su entrenamiento de pretemporada tan pronto como termine con la Billie Jean King Cup.<\/p>\n\n\n\n<p>\u00abCreo que, tradicionalmente, probablemente te tomar\u00edas un peque\u00f1o descanso y unas vacaciones o algo as\u00ed\u00bb, dijo Raducanu. \u00abPero siento que he tenido cuatro o cinco semanas sin jugar al tenis y realmente no necesito m\u00e1s tiempo libre.<\/p>\n\n\n\n<p>Despu\u00e9s de pasar ocho meses fuera de acci\u00f3n el a\u00f1o pasado mientras se recuperaba de m\u00faltiples cirug\u00edas, Raducanu, que ahora tiene 22 a\u00f1os, tuvo un calendario relativamente ligero la temporada pasada. A\u00fan as\u00ed, gan\u00f3 20 de los 33 partidos que disput\u00f3 en la gira y terminar\u00e1 su temporada en el puesto 58 del mundo.<\/p>\n\n\n\n<p>Se siente bien por su primera mitad del a\u00f1o, resaltada por una carrera a la cuarta ronda en su Grand Slam local, pero siente que su cuerpo la decepcion\u00f3 en las \u00faltimas etapas de 2024.<\/p>\n\n\n\n<p>\u00abMi evaluaci\u00f3n es que creo que a veces necesito que me lo recuerden\u00bb, dijo. \u201cEstoy entre las 60 mejores del mundo y he jugado menos de 15 torneos, lo que es bastante inaudito, en cierto modo.<\/p>\n\n\n\n<p>\u201cTengo que felicitarme por eso. S\u00e9 que soy una jugadora peligrosa. S\u00e9 que nadie quiere poner mi nombre en el sorteo. Me enorgullezco de eso y espero poder quedarme m\u00e1s tiempo en la cancha el a\u00f1o que viene\u201d.<\/p>\n\n\n\n<p>Raducanu, que creci\u00f3 jugando al tenis en Inglaterra, est\u00e1 acostumbrada a jugar en interiores, lo que explica lo c\u00f3moda que se ha sentido en el Martin Carpena Arena esta semana.<\/p>\n\n\n\n<p>Con ganas de igualar ese nivel de comodidad cuando juega al aire libre, Raducanu dice que podr\u00eda viajar a Australia \u201cun poco antes\u201d para adaptarse a las condiciones al aire libre y estar mejor preparada para 2025.<\/p>\n\n\n\n<p>Intentar jugar un calendario completo es una prioridad para Raducanu, pero tambi\u00e9n ha experimentado suficientes lesiones como para entender que debe lidiar con esos golpes con una perspectiva saludable.<\/p>\n\n\n\n<p>Cuando se lesion\u00f3 el pie en Se\u00fal en septiembre y tuvo que retirarse durante su partido de cuartos de final contra Daria Kasatkina, Raducanu admiti\u00f3 que estaba \u00abdecepcionada\u00bb.<\/p>\n\n\n\n<p><br \/>\u00abHubo tantos torneos\u00bb, dijo Raducanu. \u00abNo estaba defendiendo ning\u00fan punto al final del a\u00f1o, as\u00ed que, por supuesto, quer\u00eda jugar. Creo que simplemente me tom\u00e9 el tiempo y lo utilic\u00e9 de una manera realmente proactiva y productiva.<\/p>\n\n\n\n<p>\u201cHace dos d\u00edas, por ejemplo, saqu\u00e9 10 aces, lo que hice en Se\u00fal en mi \u00faltimo partido, pero ha sido un trabajo en progreso. No sucede de la noche a la ma\u00f1ana. Incluso si en ese momento estaba un poco decepcionada, ahora me siento bastante bien y no miro hacia atr\u00e1s con ning\u00fan arrepentimiento\u201d.<\/p>\n\n\n\n<p>Raducanu planea comenzar su temporada 2025 en el ASB Classic, que comienza en Auckland, Nueva Zelanda, el 30 de diciembre.<\/p>\n\n\n\n<p>Ve su tiempo en la cancha esta semana en M\u00e1laga como \u201cuna muy buena introducci\u00f3n al juego por partidos\u201d despu\u00e9s de recuperarse de una lesi\u00f3n y est\u00e1 tomando confianza de sus victorias en individuales sobre la alemana Jule Niemeier y la canadiense Rebecca Marino.<\/p>\n\n\n\n<p>\u201cEstoy jugando contra oponentes realmente dif\u00edciles y no hay que subestimarlas por sus clasificaciones en estas superficies, porque ambas son muy peligrosas\u201d, dijo Raducanu. \u201cEstoy muy contenta con mi forma de luchar y con c\u00f3mo me est\u00e1 yendo frente a estas chicas de \u00e9lite.<\/p>\n\n\n\n<p><\/p>\n\n\n\n<p>wtatennis.com<\/p>\n","protected":false},"excerpt":{"rendered":"<p>A medida que se acerca el final de su campa\u00f1a de 2024, Emma Raducanu est\u00e1 ansiosa por aprovechar el impulso que obtuvo con el equipo brit\u00e1nico en la Billie Jean King Cup en M\u00e1laga esta semana. La campeona del US Open 2021 estuvo dos meses apartada por una lesi\u00f3n en el pie antes de unirse [&hellip;]<\/p>\n","protected":false},"author":1,"featured_media":175893,"comment_status":"closed","ping_status":"closed","sticky":false,"template":"","format":"standard","meta":{"_acf_changed":false,"_jetpack_memberships_contains_paid_content":false,"footnotes":"","jetpack_publicize_message":"","jetpack_publicize_feature_enabled":true,"jetpack_social_post_already_shared":true,"jetpack_social_options":{"image_generator_settings":{"template":"highway","default_image_id":0,"font":"","enabled":false},"version":2}},"categories":[13],"tags":[],"class_list":["post-175892","post","type-post","status-publish","format-standard","has-post-thumbnail","hentry","category-tenis"],"acf":[],"jetpack_publicize_connections":[],"jetpack_featured_media_url":"https:\/\/i0.wp.com\/sportseco.com\/wp-content\/uploads\/2024\/11\/Emma_Raducanu_-_Billie_Jean_King_Cup_Finals_2024_-_Day_2-DSC_0476.webp?fit=1264%2C710&ssl=1","jetpack_sharing_enabled":true,"_links":{"self":[{"href":"https:\/\/sportseco.com\/index.php?rest_route=\/wp\/v2\/posts\/175892","targetHints":{"allow":["GET"]}}],"collection":[{"href":"https:\/\/sportseco.com\/index.php?rest_route=\/wp\/v2\/posts"}],"about":[{"href":"https:\/\/sportseco.com\/index.php?rest_route=\/wp\/v2\/types\/post"}],"author":[{"embeddable":true,"href":"https:\/\/sportseco.com\/index.php?rest_route=\/wp\/v2\/users\/1"}],"replies":[{"embeddable":true,"href":"https:\/\/sportseco.com\/index.php?rest_route=%2Fwp%2Fv2%2Fcomments&post=175892"}],"version-history":[{"count":2,"href":"https:\/\/sportseco.com\/index.php?rest_route=\/wp\/v2\/posts\/175892\/revisions"}],"predecessor-version":[{"id":175896,"href":"https:\/\/sportseco.com\/index.php?rest_route=\/wp\/v2\/posts\/175892\/revisions\/175896"}],"wp:featuredmedia":[{"embeddable":true,"href":"https:\/\/sportseco.com\/index.php?rest_route=\/wp\/v2\/media\/175893"}],"wp:attachment":[{"href":"https:\/\/sportseco.com\/index.php?rest_route=%2Fwp%2Fv2%2Fmedia&parent=175892"}],"wp:term":[{"taxonomy":"category","embeddable":true,"href":"https:\/\/sportseco.com\/index.php?rest_route=%2Fwp%2Fv2%2Fcategories&post=175892"},{"taxonomy":"post_tag","embeddable":true,"href":"https:\/\/sportseco.com\/index.php?rest_route=%2Fwp%2Fv2%2Ftags&post=175892"}],"curies":[{"name":"wp","href":"https:\/\/api.w.org\/{rel}","templated":true}]}}