{"id":175945,"date":"2024-11-19T10:41:14","date_gmt":"2024-11-19T15:41:14","guid":{"rendered":"https:\/\/sportseco.com\/?p=175945"},"modified":"2024-11-19T10:41:21","modified_gmt":"2024-11-19T15:41:21","slug":"se-anuncian-los-finalistas-para-el-premio-fotografia-del-ano-2024-de-world-athletics","status":"publish","type":"post","link":"https:\/\/sportseco.com\/?p=175945","title":{"rendered":"Se anuncian los finalistas para el premio Fotograf\u00eda del a\u00f1o 2024 de World Athletics"},"content":{"rendered":"\n<p>Finalistas para la Fotograf\u00eda del a\u00f1o 2024<br \/>Se han seleccionado los tres finalistas para el premio Fotograf\u00eda del a\u00f1o antes de los World Athletics Awards 2024.<\/p>\n\n\n\n<p>De las 114 im\u00e1genes presentadas, un panel de jueces, compuesto por Valerie Adams, Raquel Cavaco Nunes, Mathieu Forget, Pascal Rondeau y Christian Taylor, redujo las inscripciones a 11 im\u00e1genes preseleccionadas antes de decidirse por las tres finalistas.<\/p>\n\n\n\n<p>Fot\u00f3grafos de 46 pa\u00edses de las seis \u00e1reas continentales presentaron sus candidaturas.<\/p>\n\n\n\n<p>Las im\u00e1genes preseleccionadas formar\u00e1n parte de una exposici\u00f3n digital en el sitio web de World Athletics que se publicar\u00e1 a finales de este mes.<\/p>\n\n\n\n<p>La fotograf\u00eda ganadora se anunciar\u00e1 en las plataformas de World Athletics como parte de los World Athletics Awards 2024.<\/p>\n\n\n\n<p>Los finalistas<\/p>\n\n\n\n<p>Mondo Duplantis en acci\u00f3n de salto con p\u00e9rtiga en los Juegos Ol\u00edmpicos de Par\u00eds 2024<\/p>\n\n\n\n<p>Mattia Ozbot<\/p>\n\n\n\n<p>Mondo Duplantis en acci\u00f3n de salto con p\u00e9rtiga en los Juegos Ol\u00edmpicos de Par\u00eds 2024 en el Stade de France<\/p>\n\n\n\n<p>Tigist Assefa y Sifan Hassan chocan durante el marat\u00f3n en los Juegos Ol\u00edmpicos de Par\u00eds 2024<\/p>\n\n\n\n<p>Michael Steele<\/p>\n\n\n\n<p>Tigist Assefa de Etiop\u00eda y Sifan Hassan de los Pa\u00edses Bajos chocan durante el marat\u00f3n femenino en los Juegos Ol\u00edmpicos de Par\u00eds 2024 en la Esplanade des Invalides<\/p>\n\n\n\n<p>Noah Lyles celebra con su medalla de oro de 100 m durante la ceremonia de medallas en los Juegos Ol\u00edmpicos de Par\u00eds 2024<\/p>\n\n\n\n<p>Anna Szilagyi<\/p>\n\n\n\n<p>Noah Lyles de EE. UU. celebra con su medalla de oro durante la ceremonia de medallas de los 100 m masculinos en Juegos Ol\u00edmpicos de Par\u00eds 2024 en el Stade de France<\/p>\n\n\n\n<p>Acerca de los fot\u00f3grafos<\/p>\n\n\n\n<p>Mattia Ozbot (ITA)<br \/>Ozbot es un fot\u00f3grafo independiente con sede en Mil\u00e1n que se especializa en fotograf\u00eda deportiva y ha cubierto los Juegos Ol\u00edmpicos, la Eurocopa de f\u00fatbol y la mayor\u00eda de los eventos deportivos internacionales m\u00e1s importantes en todo el mundo. Con su estilo din\u00e1mico, siempre busca nuevas perspectivas con im\u00e1genes creativas y emotivas.<\/p>\n\n\n\n<p>Michael Steele (GBR)<br \/>Steele es fot\u00f3grafo deportivo profesional desde 1986 y ha trabajado como fot\u00f3grafo de plantilla en Getty Images desde 1999. El atletismo es uno de los muchos deportes diferentes que cubre.<\/p>\n\n\n\n<p>Anna Szilagyi (HUN)<br \/>Szilagyi ha trabajado como fot\u00f3grafa de plantilla para la Agencia Europea de Fotograf\u00eda de Prensa en M\u00fanich desde 2023. Antes de eso, fue corresponsal de Associated Press en Budapest, donde naci\u00f3.<\/p>\n\n\n\n<p>Atletismo mundial<\/p>\n\n\n\n<figure class=\"wp-block-image size-large\"><img data-recalc-dims=\"1\" loading=\"lazy\" decoding=\"async\" width=\"640\" height=\"229\" src=\"https:\/\/i0.wp.com\/sportseco.com\/wp-content\/uploads\/2024\/11\/eyJrZXkiOiI2NzNiODE2ZTc0NTQ5YTI0NDhmZWU1ZDAuanBnIiwiZWRpdHMiOnsicmVzaXplIjp7IndpZHRoIjoyMDAwLCJoZWlnaHQiOjcxNH19fQ.jpeg?resize=640%2C229&#038;ssl=1\" alt=\"\" class=\"wp-image-175946\" srcset=\"https:\/\/i0.wp.com\/sportseco.com\/wp-content\/uploads\/2024\/11\/eyJrZXkiOiI2NzNiODE2ZTc0NTQ5YTI0NDhmZWU1ZDAuanBnIiwiZWRpdHMiOnsicmVzaXplIjp7IndpZHRoIjoyMDAwLCJoZWlnaHQiOjcxNH19fQ.jpeg?resize=1030%2C368&amp;ssl=1 1030w, https:\/\/i0.wp.com\/sportseco.com\/wp-content\/uploads\/2024\/11\/eyJrZXkiOiI2NzNiODE2ZTc0NTQ5YTI0NDhmZWU1ZDAuanBnIiwiZWRpdHMiOnsicmVzaXplIjp7IndpZHRoIjoyMDAwLCJoZWlnaHQiOjcxNH19fQ.jpeg?resize=300%2C107&amp;ssl=1 300w, https:\/\/i0.wp.com\/sportseco.com\/wp-content\/uploads\/2024\/11\/eyJrZXkiOiI2NzNiODE2ZTc0NTQ5YTI0NDhmZWU1ZDAuanBnIiwiZWRpdHMiOnsicmVzaXplIjp7IndpZHRoIjoyMDAwLCJoZWlnaHQiOjcxNH19fQ.jpeg?resize=768%2C274&amp;ssl=1 768w, https:\/\/i0.wp.com\/sportseco.com\/wp-content\/uploads\/2024\/11\/eyJrZXkiOiI2NzNiODE2ZTc0NTQ5YTI0NDhmZWU1ZDAuanBnIiwiZWRpdHMiOnsicmVzaXplIjp7IndpZHRoIjoyMDAwLCJoZWlnaHQiOjcxNH19fQ.jpeg?resize=1536%2C548&amp;ssl=1 1536w, https:\/\/i0.wp.com\/sportseco.com\/wp-content\/uploads\/2024\/11\/eyJrZXkiOiI2NzNiODE2ZTc0NTQ5YTI0NDhmZWU1ZDAuanBnIiwiZWRpdHMiOnsicmVzaXplIjp7IndpZHRoIjoyMDAwLCJoZWlnaHQiOjcxNH19fQ.jpeg?w=2000&amp;ssl=1 2000w, https:\/\/i0.wp.com\/sportseco.com\/wp-content\/uploads\/2024\/11\/eyJrZXkiOiI2NzNiODE2ZTc0NTQ5YTI0NDhmZWU1ZDAuanBnIiwiZWRpdHMiOnsicmVzaXplIjp7IndpZHRoIjoyMDAwLCJoZWlnaHQiOjcxNH19fQ.jpeg?w=1280&amp;ssl=1 1280w, https:\/\/i0.wp.com\/sportseco.com\/wp-content\/uploads\/2024\/11\/eyJrZXkiOiI2NzNiODE2ZTc0NTQ5YTI0NDhmZWU1ZDAuanBnIiwiZWRpdHMiOnsicmVzaXplIjp7IndpZHRoIjoyMDAwLCJoZWlnaHQiOjcxNH19fQ.jpeg?w=1920&amp;ssl=1 1920w\" sizes=\"auto, (max-width: 640px) 100vw, 640px\" \/><\/figure>\n\n\n\n<p><\/p>\n\n\n\n<h1 class=\"wp-block-heading\">Finalists announced for 2024 World Athletics Photograph of the Year<\/h1>\n\n\n\n<figure class=\"wp-block-image\"><a href=\"https:\/\/www.facebook.com\/share.php?u=https:\/\/www.worldathletics.org\/awards\/news\/finalists-2024-photograph-year&amp;title=Finalists%20announced%20for%202024%20World%20Athletics%20Photograph%20of%20the%20Year\" target=\"_blank\" rel=\"noreferrer noopener\"><img data-recalc-dims=\"1\" decoding=\"async\" src=\"https:\/\/i0.wp.com\/worldathletics.org\/static\/facebook-white.png?w=640&#038;ssl=1\" alt=\"Facebook\"\/><\/a><\/figure>\n\n\n\n<figure class=\"wp-block-image\"><a href=\"https:\/\/twitter.com\/intent\/tweet?url=https:\/\/www.worldathletics.org\/awards\/news\/finalists-2024-photograph-year&amp;text=finalists-announced-for-2024-world-athletics-photograph-of-the-year\" target=\"_blank\" rel=\"noreferrer noopener\"><img data-recalc-dims=\"1\" decoding=\"async\" src=\"https:\/\/i0.wp.com\/worldathletics.org\/static\/twitter-white.png?w=640&#038;ssl=1\" alt=\"Twitter\"\/><\/a><\/figure>\n\n\n\n<figure class=\"wp-block-image\"><a href=\"mailto:?subject=Finalists%20announced%20for%202024%20World%20Athletics%20Photograph%20of%20the%20Year&amp;body=https:\/\/www.worldathletics.org\/awards\/news\/finalists-2024-photograph-year\" target=\"_blank\" rel=\"noreferrer noopener\"><img data-recalc-dims=\"1\" decoding=\"async\" src=\"https:\/\/i0.wp.com\/worldathletics.org\/static\/email-white.png?w=640&#038;ssl=1\" alt=\"Email\"\/><\/a><\/figure>\n\n\n\n<p>Finalists for Photograph of the Year 2024<\/p>\n\n\n\n<p>The three finalists for the Photograph of the Year award have been selected ahead of the <strong>World Athletics Awards 2024<\/strong>.<\/p>\n\n\n\n<p>From the 114 images that were submitted, a panel of judges \u2013 comprising Valerie Adams, Raquel Cavaco Nunes, Mathieu Forget, Pascal Rondeau and Christian Taylor \u2013 narrowed the entries to 11 shortlisted images before deciding on the three finalists.<\/p>\n\n\n\n<p>Photographers from 46 countries across all six continental areas submitted entries.<\/p>\n\n\n\n<p>The shortlisted images will form part of a digital exhibition on the World Athletics website that will go live later this month.<\/p>\n\n\n\n<p>The winning photograph will be announced on World Athletics\u2019 platforms as part of the World Athletics Awards 2024.<\/p>\n\n\n\n<h2 class=\"wp-block-heading\">The finalists<\/h2>\n\n\n\n<figure class=\"wp-block-image\"><img data-recalc-dims=\"1\" decoding=\"async\" src=\"https:\/\/i0.wp.com\/assets.aws.worldathletics.org\/673b826674549a2448fee5d3.JPG?w=640&#038;ssl=1\" alt=\"Mondo Duplantis in pole vault action at the Paris 2024 Olympic Games\"\/><\/figure>\n\n\n\n<h3 class=\"wp-block-heading\">Mattia Ozbot<\/h3>\n\n\n\n<p><em>Mondo Duplantis in pole vault action at the Paris 2024 Olympic Games at the Stade de France<\/em><\/p>\n\n\n\n<figure class=\"wp-block-image\"><img data-recalc-dims=\"1\" decoding=\"async\" src=\"https:\/\/i0.wp.com\/assets.aws.worldathletics.org\/673b828f74549a2448fee5d6.jpg?w=640&#038;ssl=1\" alt=\"Tigist Assefa and Sifan Hassan collide during the marathon at the Paris 2024 Olympic Games\"\/><\/figure>\n\n\n\n<h3 class=\"wp-block-heading\">Michael Steele<\/h3>\n\n\n\n<p><em>Tigist Assefa of Ethiopia and Sifan Hassan of the Netherlands collide during the women&#8217;s marathon at the Paris 2024 Olympic Games at Esplanade des Invalides<\/em><\/p>\n\n\n\n<figure class=\"wp-block-image\"><img data-recalc-dims=\"1\" decoding=\"async\" src=\"https:\/\/i0.wp.com\/assets.aws.worldathletics.org\/673b82c974549a2448fee5d9.JPG?w=640&#038;ssl=1\" alt=\"Noah Lyles celebrates with his 100m gold medal during the medal ceremony at the Paris 2024 Olympic Games\"\/><\/figure>\n\n\n\n<h3 class=\"wp-block-heading\">Anna Szilagyi<\/h3>\n\n\n\n<p><em>Noah Lyles of USA celebrates with his gold medal during the medal ceremony for the men\u2019s 100m at the Paris 2024 Olympic Games at the Stade de France<\/em><\/p>\n\n\n\n<h2 class=\"wp-block-heading\">About the photographers<\/h2>\n\n\n\n<p><strong>Mattia Ozbot (ITA)<\/strong><br \/>A freelance photographer based in Milan, Ozbot specialises in sports photography and has covered the Olympic Games, European Football Championship and most major international sporting events around the world. Using his dynamic style, he always seeks new perspectives with creative and emotional images.<\/p>\n\n\n\n<p><strong>Michael Steele (GBR)<\/strong><br \/>Steele has been a professional sports photographer since 1986 and has worked as a staff photographer at Getty Images since 1999. Athletics is one of the many different sports that he covers.<\/p>\n\n\n\n<p><strong>Anna Szilagyi (HUN)<\/strong><br \/>Szilagyi has worked as a staff photographer for the European Pressphoto Agency in Munich since 2023. Before that, she was a stringer for the Associated Press in Budapest, where she was born.<\/p>\n\n\n\n<p><strong>World Athletics<\/strong><\/p>\n\n\n\n<p>worldathletics.org<\/p>\n","protected":false},"excerpt":{"rendered":"<p>Finalistas para la Fotograf\u00eda del a\u00f1o 2024Se han seleccionado los tres finalistas para el premio Fotograf\u00eda del a\u00f1o antes de los World Athletics Awards 2024. De las 114 im\u00e1genes presentadas, un panel de jueces, compuesto por Valerie Adams, Raquel Cavaco Nunes, Mathieu Forget, Pascal Rondeau y Christian Taylor, redujo las inscripciones a 11 im\u00e1genes preseleccionadas [&hellip;]<\/p>\n","protected":false},"author":1,"featured_media":175946,"comment_status":"closed","ping_status":"closed","sticky":false,"template":"","format":"standard","meta":{"_acf_changed":false,"_jetpack_memberships_contains_paid_content":false,"footnotes":"","jetpack_publicize_message":"","jetpack_publicize_feature_enabled":true,"jetpack_social_post_already_shared":true,"jetpack_social_options":{"image_generator_settings":{"template":"highway","default_image_id":0,"font":"","enabled":false},"version":2}},"categories":[15],"tags":[],"class_list":["post-175945","post","type-post","status-publish","format-standard","has-post-thumbnail","hentry","category-atletismo"],"acf":[],"jetpack_publicize_connections":[],"jetpack_featured_media_url":"https:\/\/i0.wp.com\/sportseco.com\/wp-content\/uploads\/2024\/11\/eyJrZXkiOiI2NzNiODE2ZTc0NTQ5YTI0NDhmZWU1ZDAuanBnIiwiZWRpdHMiOnsicmVzaXplIjp7IndpZHRoIjoyMDAwLCJoZWlnaHQiOjcxNH19fQ.jpeg?fit=2000%2C714&ssl=1","jetpack_sharing_enabled":true,"_links":{"self":[{"href":"https:\/\/sportseco.com\/index.php?rest_route=\/wp\/v2\/posts\/175945","targetHints":{"allow":["GET"]}}],"collection":[{"href":"https:\/\/sportseco.com\/index.php?rest_route=\/wp\/v2\/posts"}],"about":[{"href":"https:\/\/sportseco.com\/index.php?rest_route=\/wp\/v2\/types\/post"}],"author":[{"embeddable":true,"href":"https:\/\/sportseco.com\/index.php?rest_route=\/wp\/v2\/users\/1"}],"replies":[{"embeddable":true,"href":"https:\/\/sportseco.com\/index.php?rest_route=%2Fwp%2Fv2%2Fcomments&post=175945"}],"version-history":[{"count":1,"href":"https:\/\/sportseco.com\/index.php?rest_route=\/wp\/v2\/posts\/175945\/revisions"}],"predecessor-version":[{"id":175947,"href":"https:\/\/sportseco.com\/index.php?rest_route=\/wp\/v2\/posts\/175945\/revisions\/175947"}],"wp:featuredmedia":[{"embeddable":true,"href":"https:\/\/sportseco.com\/index.php?rest_route=\/wp\/v2\/media\/175946"}],"wp:attachment":[{"href":"https:\/\/sportseco.com\/index.php?rest_route=%2Fwp%2Fv2%2Fmedia&parent=175945"}],"wp:term":[{"taxonomy":"category","embeddable":true,"href":"https:\/\/sportseco.com\/index.php?rest_route=%2Fwp%2Fv2%2Fcategories&post=175945"},{"taxonomy":"post_tag","embeddable":true,"href":"https:\/\/sportseco.com\/index.php?rest_route=%2Fwp%2Fv2%2Ftags&post=175945"}],"curies":[{"name":"wp","href":"https:\/\/api.w.org\/{rel}","templated":true}]}}