{"id":175948,"date":"2024-11-19T11:22:35","date_gmt":"2024-11-19T16:22:35","guid":{"rendered":"https:\/\/sportseco.com\/?p=175948"},"modified":"2024-11-19T11:22:41","modified_gmt":"2024-11-19T16:22:41","slug":"nadal-no-hay-despedida-ideal","status":"publish","type":"post","link":"https:\/\/sportseco.com\/?p=175948","title":{"rendered":"Nadal: \u201cNo hay despedida ideal\u201d"},"content":{"rendered":"\n<p>El espa\u00f1ol vive con normalidad su \u00faltima semana en el circuito<\/p>\n\n\n\n<p>Muchas veces un adi\u00f3s conlleva impl\u00edcito un sentimiento de tristeza y nostalgia. En el caso de&nbsp;<a href=\"https:\/\/www.atptour.com\/es\/players\/rafael-nadal\/n409\/overview\">Rafael Nadal<\/a>, trata de mantenerse al margen de las emociones que rodean sus \u00faltimos d\u00edas como tenista profesional esta semana en las Davis Cup Finals y por eso, aunque asume con tranquilidad su situaci\u00f3n evita dibujar un escenario so\u00f1ado para su final.<\/p>\n\n\n\n<p>\u201cNo hay despedida ideal\u201d, se apresur\u00f3 a aclarar en la conferencia de prensa del equipo espa\u00f1ol este lunes en M\u00e1laga antes de debutar este martes frente a Pa\u00edses Bajos. \u201cLos finales de pel\u00edcula normalmente son para las pel\u00edculas americanas y yo hace tiempo que me di cuenta que no tendr\u00eda una de estas, as\u00ed que no es algo que me preocupe\u201d.<\/p>\n\n\n\n<p>El campe\u00f3n de 22 Grand Slam opta por restar dramatismo y literatura a su adi\u00f3s, normalizando un proceso vital inevitable para cada deportista. \u201cLo estoy viviendo de la mejor manera posible, con la normalidad que he intentado vivir todas las cosas en los buenos y malos momentos, sin ning\u00fan exceso de nada\u201d.<\/p>\n\n\n\n<p>Mientras las preguntas se dirigen pr\u00e1cticamente en un \u00fanica direcci\u00f3n hacia el mismo protagonista, sus compa\u00f1eros en la mesa&nbsp;<a href=\"https:\/\/www.atptour.com\/es\/players\/carlos-alcaraz\/a0e2\/overview\">Carlos Alcaraz<\/a>,&nbsp;<a href=\"https:\/\/www.atptour.com\/es\/players\/david-ferrer\/f401\/overview\">David Ferrer<\/a>,&nbsp;<a href=\"https:\/\/www.atptour.com\/es\/players\/roberto-bautista-agut\/bd06\/overview\">Roberto Bautista Agut<\/a>,&nbsp;<a href=\"https:\/\/www.atptour.com\/es\/players\/marcel-granollers\/g710\/overview\">Marcel Granollers<\/a>&nbsp;y Pedro Martinez, intervinieron para elogiar la trayectoria de Nadal, como si tomaran la palabra por unos instantes en nombre del mundo del deporte y los fans.<\/p>\n\n\n\n<p>\u201cEvidentemente se acaba una \u00e9poca para m\u00ed. Han sido muchos a\u00f1os compartidos con muchos de ellos [sus compa\u00f1eros] y con otros menos, pero me pasa a m\u00ed cuando veo a alg\u00fan deportista al que estoy acostumbrado a ver por televisi\u00f3n cada semana, al final no deja de ser parte de tu vida\u201d, explic\u00f3 Nadal.<\/p>\n\n\n\n<p>\u201cEntiendo que para mucha gente que ha crecido vi\u00e9ndome jugar habitualmente se acaba una etapa, no me van a ver nunca m\u00e1s jugando a nivel profesional\u201d, prosigui\u00f3 el campe\u00f3n de 92 t\u00edtulos ATP Tour. \u201cEs algo que es parte de la vida misma, que ha sucedido con todos y en este momento me toca a m\u00ed, como era l\u00f3gico\u201d.<\/p>\n\n\n\n<p>Tambi\u00e9n Podr\u00eda Interesarle:&nbsp;<a href=\"https:\/\/www.atptour.com\/es\/news\/copa-davis-2024-equipo-esp-previa-despedida-nadal\">El equipo espa\u00f1ol se siente \u201cafortunado\u201d de acompa\u00f1ar a Nadal en su despedida<\/a><\/p>\n\n\n\n<p>El antiguo No. 1 del mundo podr\u00e1 despedirse, al menos, de la forma que reclamaba hace un a\u00f1o en una comparecencia ante los medios de comunicaci\u00f3n: vestido de corto, siendo parte de la competici\u00f3n. \u201cNo merezco acabar mi carrera as\u00ed, en una rueda de prensa\u201d, dijo el pasado mayo de 2023 cuando comunic\u00f3 que esta ser\u00eda su \u00faltima temporada como profesional.<\/p>\n\n\n\n<p>\u201cAl final se ha cumplido lo que dije, que lo normal es que este fuera mi \u00faltimo a\u00f1o y as\u00ed ha sido\u201d, record\u00f3 sobre sus palabras el pasado a\u00f1o en la Rafa Nadal Academy. \u201cPero me he querido dar la oportunidad, porque siempre me gusta tener la certeza, no quiero quedarme con la duda de \u201cy si no hubiera hecho\u2026\u201d.<\/p>\n\n\n\n<p>Con s\u00f3lo dos torneos disputados a sus espaldas en 2023 (<a href=\"https:\/\/www.atptour.com\/es\/scores\/archive\/perth-sydney\/9900\/2024\/results\">United Cup<\/a>&nbsp;y Abierto de Australia), decidi\u00f3 pasar por quir\u00f3fano para poder colgar la raqueta haciendo lo mismo que durante casi 25 temporadas de carrera: jugar al teins.<\/p>\n\n\n\n<p>\u201cS\u00e9 que he hecho todo lo que he podido, ha llegado mi momento y [tengo que] aceptarlo como tal, sin ning\u00fan tipo de drama para irme con la tranquilidad personal de haber hecho siempre ese \u00faltimo esfuerzo que requer\u00eda la situaci\u00f3n\u201d, a\u00f1adi\u00f3. \u201cIgual que lo he hecho muchas otras veces y me ha salido bien, ha llegado un momento que por edad, por la acumulaci\u00f3n de todo y la lesi\u00f3n multifactorial tengo que decir hasta aqu\u00ed\u201d.<\/p>\n\n\n\n<p>Pero a ese \u201chasta aqu\u00ed\u201d le queda, como m\u00ednimo, un cap\u00edtulo m\u00e1s este martes en cuartos de final de la Copa Davis. \u201cEstamos aqu\u00ed para competir, todo lo dem\u00e1s no tiene que distraernos para lo que hab\u00edamos venido que es intentar dar nuestro m\u00e1ximo para conseguir el mejor resultado posible\u201d.<\/p>\n\n\n\n<p>Aunque Nadal evita hablar de un escenario ideal de despedida, si hay alguno posible ese es claro: levantar el pr\u00f3ximo domingo su sexta Ensaldera con Espa\u00f1a. \u201cSer\u00eda fant\u00e1stico tener a todo el equipo muy competitivo, intentando ganar otra Copa Davis. Aparte de ser una bonita despedida para m\u00ed, ser\u00eda una gran alegr\u00eda para todos\u201d.<\/p>\n\n\n\n<p><\/p>\n\n\n\n<p><\/p>\n\n\n\n<p>atptour.com<\/p>\n","protected":false},"excerpt":{"rendered":"<p>El espa\u00f1ol vive con normalidad su \u00faltima semana en el circuito Muchas veces un adi\u00f3s conlleva impl\u00edcito un sentimiento de tristeza y nostalgia. En el caso de&nbsp;Rafael Nadal, trata de mantenerse al margen de las emociones que rodean sus \u00faltimos d\u00edas como tenista profesional esta semana en las Davis Cup Finals y por eso, aunque [&hellip;]<\/p>\n","protected":false},"author":1,"featured_media":175949,"comment_status":"closed","ping_status":"closed","sticky":false,"template":"","format":"standard","meta":{"_acf_changed":false,"_jetpack_memberships_contains_paid_content":false,"footnotes":"","jetpack_publicize_message":"","jetpack_publicize_feature_enabled":true,"jetpack_social_post_already_shared":true,"jetpack_social_options":{"image_generator_settings":{"template":"highway","default_image_id":0,"font":"","enabled":false},"version":2}},"categories":[13],"tags":[],"class_list":["post-175948","post","type-post","status-publish","format-standard","has-post-thumbnail","hentry","category-tenis"],"acf":[],"jetpack_publicize_connections":[],"jetpack_featured_media_url":"https:\/\/i0.wp.com\/sportseco.com\/wp-content\/uploads\/2024\/11\/copa-davis-2024-lunes-nadal-prensa.jpg?fit=1920%2C1080&ssl=1","jetpack_sharing_enabled":true,"_links":{"self":[{"href":"https:\/\/sportseco.com\/index.php?rest_route=\/wp\/v2\/posts\/175948","targetHints":{"allow":["GET"]}}],"collection":[{"href":"https:\/\/sportseco.com\/index.php?rest_route=\/wp\/v2\/posts"}],"about":[{"href":"https:\/\/sportseco.com\/index.php?rest_route=\/wp\/v2\/types\/post"}],"author":[{"embeddable":true,"href":"https:\/\/sportseco.com\/index.php?rest_route=\/wp\/v2\/users\/1"}],"replies":[{"embeddable":true,"href":"https:\/\/sportseco.com\/index.php?rest_route=%2Fwp%2Fv2%2Fcomments&post=175948"}],"version-history":[{"count":1,"href":"https:\/\/sportseco.com\/index.php?rest_route=\/wp\/v2\/posts\/175948\/revisions"}],"predecessor-version":[{"id":175950,"href":"https:\/\/sportseco.com\/index.php?rest_route=\/wp\/v2\/posts\/175948\/revisions\/175950"}],"wp:featuredmedia":[{"embeddable":true,"href":"https:\/\/sportseco.com\/index.php?rest_route=\/wp\/v2\/media\/175949"}],"wp:attachment":[{"href":"https:\/\/sportseco.com\/index.php?rest_route=%2Fwp%2Fv2%2Fmedia&parent=175948"}],"wp:term":[{"taxonomy":"category","embeddable":true,"href":"https:\/\/sportseco.com\/index.php?rest_route=%2Fwp%2Fv2%2Fcategories&post=175948"},{"taxonomy":"post_tag","embeddable":true,"href":"https:\/\/sportseco.com\/index.php?rest_route=%2Fwp%2Fv2%2Ftags&post=175948"}],"curies":[{"name":"wp","href":"https:\/\/api.w.org\/{rel}","templated":true}]}}