{"id":176009,"date":"2024-11-20T15:12:08","date_gmt":"2024-11-20T20:12:08","guid":{"rendered":"https:\/\/sportseco.com\/?p=176009"},"modified":"2024-11-20T15:12:13","modified_gmt":"2024-11-20T20:12:13","slug":"rafa-entrega-el-testigo-a-alcaraz","status":"publish","type":"post","link":"https:\/\/sportseco.com\/?p=176009","title":{"rendered":"Rafa entrega el testigo a Alcaraz"},"content":{"rendered":"\n<p>El murciano valora las palabras de Nadal en su despedi<\/p>\n\n\n\n<p>\u201cHemos logrado muchas cosas bonitas juntos y ahora os toca a vosotros seguir consigui\u00e9ndolas\u201d.<\/p>\n\n\n\n<p>Mirando a sus compa\u00f1eros desde el centro de la pista, las palabras m\u00e1s sinceras de&nbsp;<a href=\"https:\/\/www.atptour.com\/es\/players\/rafael-nadal\/n409\/overview\">Rafael Nadal<\/a>&nbsp;en su ceremonia de despedida este martes iban dirigidas a la nueva generaci\u00f3n de grandes talentos. Y entre todos ellos hay un destinatario, que tratar\u00e1 de conservar y extender su legado:&nbsp;<a href=\"https:\/\/www.atptour.com\/es\/players\/carlos-alcaraz\/a0e2\/overview\">Carlos Alcaraz<\/a>.<\/p>\n\n\n\n<p>A sus 21 a\u00f1os, el murciano ha ido igualando muchas marcas de precocidad de su \u00eddolo de infancia. Sin ir m\u00e1s lejos, ya sabe lo que es ser No. 1 del PIF ATP Rankings, conquistar cuatro t\u00edtulos de Grand Slam o colgarse una medalla ol\u00edmpica.<\/p>\n\n\n\n<p>\u201cPara los j\u00f3venes que venimos por detr\u00e1s, que tenemos muchos a\u00f1os por delante, ha sido una suerte poder vivir la etapa de Rafa, Federer y Djokovic, aunque [Novak] todav\u00eda sigue\u2026 esa lucha entre esos tres gladiadores, jugadores que no son de este planeta\u201d, confes\u00f3 Alcaraz.<\/p>\n\n\n\n<p>\u201cPero, al mismo tiempo, tambi\u00e9n voy a decir que [Rafa] ha dejado a mucha gente con esa ilusi\u00f3n de ver qu\u00e9 va a llegar y, en cierto modo, si los que estamos ah\u00ed, los j\u00f3venes, los que venimos por detr\u00e1s no llegamos a ese nivel, va a ser como una frustraci\u00f3n o una decepci\u00f3n para el mundo del tenis\u201d, continu\u00f3 su reflexi\u00f3n el actual No. 3 del mundo.<\/p>\n\n\n\n<p>Tambi\u00e9n Podr\u00eda Interesarle:&nbsp;<a href=\"https:\/\/www.atptour.com\/es\/news\/copa-davis-2024-martes-despedida-nadal-homenaje\">Gracias, Rafa<\/a><\/p>\n\n\n\n<p>Alcaraz siempre ha esquivado cualquier tipo de comparaci\u00f3n, aunque la literatura period\u00edstica y la ilusi\u00f3n de los aficionados del tenis, inevitablemente hayan recurrido en m\u00faltiples ocasiones a los paralelismos con Nadal.<\/p>\n\n\n\n<p>\u201cVoy a intentar no tom\u00e1rmelo as\u00ed: simplemente dar mi mejor nivel d\u00eda a d\u00eda\u201d, confes\u00f3. \u201cComo ha dicho Rafa, \u00e9l ha dejado su carrera contento y satisfecho de saber que lo ha dado todo desde el primer hasta el \u00faltimo d\u00eda de su carrera, y eso es lo que yo voy a intentar hacer. Intentar\u00e9 dar lo mejor de m\u00ed, ser la mejor persona y jugador que pueda d\u00eda a d\u00eda, torneo a torneo y a a\u00f1o a a\u00f1o\u201d.<\/p>\n\n\n\n<p>Alcaraz ha podido vivir la \u00faltima etapa de Nadal en el ATP Tour. No ha sido tanto tiempo como a \u00e9l le hubiera gustado, pero en el Abierto de Australia 2021 tuvo la oportunidad de entrenar por primera vez con su compatriota y unos meses m\u00e1s tarde en el&nbsp;<a href=\"https:\/\/www.atptour.com\/es\/tournaments\/madrid\/1536\/overview\">Mutua Madrid Open<\/a>&nbsp;pudo celebrar su 18 cumplea\u00f1os compitiendo frente a frente por primera vez.<\/p>\n\n\n\n<p>El Lexus ATP Head2Head contabiliza un total de tres partidos, todos en territorio ATP Masters 1000 en Madrid (2021, 2022) e Indian Wells (2022). Pero si hay un cap\u00edtulo especial entre ambos fue el que protagonizaron en los Juegos Ol\u00edmpicos de Par\u00eds 2024, compartiendo el mismo lado de la pista en la prueba de dobles.<\/p>\n\n\n\n<p>\u201cSoy afortunado de tenerlo cerca, de haber jugado dobles con \u00e9l, haber entrenado con \u00e9l, haber compartido equipo en la Copa Davis y vestuario en torneos individuales \u2014menos de lo que me gustar\u00eda\u2014 ojal\u00e1 hubiera llegado antes el circuito\u201d, expres\u00f3.<\/p>\n\n\n\n<p>M\u00e1s all\u00e1 de su deseo, el destino lo ha querido as\u00ed y en la noche del martes 19 de noviembre, Nadal entreg\u00f3 definitivamente su corona y Alcaraz acept\u00f3 el testigo. Eso s\u00ed, con un peque\u00f1o matiz: \u201cVeremos al final de mi carrera, aunque sea con la mitad de lo que ha hecho \u00e9l, me ir\u00eda m\u00e1s que contento. Voy a intentar hacer disfrutar a la gente, dejar un buen legado d\u00eda a d\u00eda y va a ser muy complicado seguir lo que han hecho estas bestias\u201d.<\/p>\n\n\n\n<p><\/p>\n\n\n\n<p><\/p>\n\n\n\n<p>atptour.com<\/p>\n","protected":false},"excerpt":{"rendered":"<p>El murciano valora las palabras de Nadal en su despedi \u201cHemos logrado muchas cosas bonitas juntos y ahora os toca a vosotros seguir consigui\u00e9ndolas\u201d. Mirando a sus compa\u00f1eros desde el centro de la pista, las palabras m\u00e1s sinceras de&nbsp;Rafael Nadal&nbsp;en su ceremonia de despedida este martes iban dirigidas a la nueva generaci\u00f3n de grandes talentos. [&hellip;]<\/p>\n","protected":false},"author":1,"featured_media":176010,"comment_status":"closed","ping_status":"closed","sticky":false,"template":"","format":"standard","meta":{"_acf_changed":false,"_jetpack_memberships_contains_paid_content":false,"footnotes":"","jetpack_publicize_message":"","jetpack_publicize_feature_enabled":true,"jetpack_social_post_already_shared":true,"jetpack_social_options":{"image_generator_settings":{"template":"highway","default_image_id":0,"font":"","enabled":false},"version":2}},"categories":[13],"tags":[],"class_list":["post-176009","post","type-post","status-publish","format-standard","has-post-thumbnail","hentry","category-tenis"],"acf":[],"jetpack_publicize_connections":[],"jetpack_featured_media_url":"https:\/\/i0.wp.com\/sportseco.com\/wp-content\/uploads\/2024\/11\/copa-davis-2024-nadal-aplausos-alcaraz-granollers.jpg?fit=1920%2C1080&ssl=1","jetpack_sharing_enabled":true,"_links":{"self":[{"href":"https:\/\/sportseco.com\/index.php?rest_route=\/wp\/v2\/posts\/176009","targetHints":{"allow":["GET"]}}],"collection":[{"href":"https:\/\/sportseco.com\/index.php?rest_route=\/wp\/v2\/posts"}],"about":[{"href":"https:\/\/sportseco.com\/index.php?rest_route=\/wp\/v2\/types\/post"}],"author":[{"embeddable":true,"href":"https:\/\/sportseco.com\/index.php?rest_route=\/wp\/v2\/users\/1"}],"replies":[{"embeddable":true,"href":"https:\/\/sportseco.com\/index.php?rest_route=%2Fwp%2Fv2%2Fcomments&post=176009"}],"version-history":[{"count":1,"href":"https:\/\/sportseco.com\/index.php?rest_route=\/wp\/v2\/posts\/176009\/revisions"}],"predecessor-version":[{"id":176011,"href":"https:\/\/sportseco.com\/index.php?rest_route=\/wp\/v2\/posts\/176009\/revisions\/176011"}],"wp:featuredmedia":[{"embeddable":true,"href":"https:\/\/sportseco.com\/index.php?rest_route=\/wp\/v2\/media\/176010"}],"wp:attachment":[{"href":"https:\/\/sportseco.com\/index.php?rest_route=%2Fwp%2Fv2%2Fmedia&parent=176009"}],"wp:term":[{"taxonomy":"category","embeddable":true,"href":"https:\/\/sportseco.com\/index.php?rest_route=%2Fwp%2Fv2%2Fcategories&post=176009"},{"taxonomy":"post_tag","embeddable":true,"href":"https:\/\/sportseco.com\/index.php?rest_route=%2Fwp%2Fv2%2Ftags&post=176009"}],"curies":[{"name":"wp","href":"https:\/\/api.w.org\/{rel}","templated":true}]}}