{"id":176324,"date":"2024-11-26T18:20:55","date_gmt":"2024-11-26T23:20:55","guid":{"rendered":"https:\/\/sportseco.com\/?p=176324"},"modified":"2024-11-26T18:21:01","modified_gmt":"2024-11-26T23:21:01","slug":"inter-miami-cf-nombra-a-javier-mascherano-como-director-tecnico","status":"publish","type":"post","link":"https:\/\/sportseco.com\/?p=176324","title":{"rendered":"Inter Miami CF nombra a Javier Mascherano como director t\u00e9cnico"},"content":{"rendered":"\n<figure class=\"wp-block-image\"><img data-recalc-dims=\"1\" decoding=\"async\" src=\"https:\/\/i0.wp.com\/images.mlssoccer.com\/image\/private\/t_editorial_landscape_8_desktop_mobile\/f_auto\/mls-mia\/nemxrrfvthvlawmm8guy.jpg?w=640&#038;ssl=1\" alt=\"IMCF-welcome_ok_16x9\"\/><\/figure>\n\n\n\n<p>Inter Miami CF Communications Department<\/p>\n\n\n\n<p><strong>Inter Miami CF<\/strong>&nbsp;anunci\u00f3 hoy que ha nombrado a Javier Mascherano, leyenda de Argentina y del FC Barcelona, como su director t\u00e9cnico con un contrato que se extiende hasta el final de la temporada 2027 de la Major League Soccer (MLS). El argentino se incorpora al Club tras un periodo como director t\u00e9cnico de las selecciones Sub-20 y la Selecci\u00f3n Ol\u00edmpica, y asumir\u00e1 las responsabilidades como entrenador de Inter Miami una vez que reciba su documentaci\u00f3n de trabajo.<\/p>\n\n\n\n<p>\u201cEste trabajo requiere de alguien con la experiencia necesaria para poder sacar el m\u00e1ximo de nuestra colecci\u00f3n \u00fanica de talentos, desde nuestras superestrellas mundiales hasta nuestros canteranos emergentes, pasando por nuestros j\u00f3venes prospectos internacionales y todo lo dem\u00e1s. Javier ha sumado experiencia inigualable en su carrera, desde jugar en las competencias m\u00e1s importantes del mundo hasta entrenar a selecciones internacionales a nivel juvenil; tiene la combinaci\u00f3n de habilidades y experiencia que est\u00e1bamos buscando, y hasta cuenta con experiencia dirigiendo a Tom\u00e1s Avil\u00e9s, Facundo Far\u00edas, Federico Redondo and Benjamin Cremaschi. Creemos que Javier es una incorporaci\u00f3n importante a nuestro Club mientras continuamos en busca de estar entre la \u00e9lite a nivel mundial, estableciendo un nuevo est\u00e1ndar para el f\u00fatbol en Norteam\u00e9rica \u201d, dijo el propietario gerente Jorge Mas.<\/p>\n\n\n\n<p>\u201cDurante su carrera como uno de los mejores jugadores del mundo y como un entrenador con experiencia, Javier siempre ha exhibido lo que lo hace grande: determinaci\u00f3n junto con el conocimiento, instinto y conocimiento para respaldarlo. Estamos muy emocionados de darle la bienvenida para liderar a nuestro equipo\u201d, dijo el copropietario David Beckham.<\/p>\n\n\n\n<p>\u201cConforme continuamos apuntando alto como organizaci\u00f3n, me complace darle la bienvenida a Javier y a su familia a nuestro equipo para que podamos seguir desarrollando este ambicioso proyecto juntos\u201d, dijo el presidente de operaciones de f\u00fatbol Ra\u00fal Sanlleh\u00ed.<\/p>\n\n\n\n<p>\u201cPoder dirigir en un Club como Inter Miami es un honor para mi, es un privilegio que intentar\u00e9 aprovechar al m\u00e1ximo. Me atrajo la ambici\u00f3n de la organizaci\u00f3n, la infraestructura con la que cuenta para respaldarla\u201d, dijo Mascherano. \u201cEstoy entusiasmado por trabajar con todos en Inter Miami para ayudar al Club a alcanzar nuevas metas y brindarle a los aficionados momentos inolvidables\u201d.<\/p>\n\n\n\n<p>Mascherano comenz\u00f3 a dirigir cuando fue nombrado como t\u00e9cnico de la selecci\u00f3n Sub-20 de Argentina en diciembre del 2021, luego de una destacada carrera como jugador. Con las selecciones juveniles de Argentina, dirigi\u00f3 en varios torneos internacionales importantes, incluyendo los Juegos Ol\u00edmpicos 2024. Tambi\u00e9n estuvo al mando de los equipos en la Copa Mundial de la FIFA Sub-20 2023, los Juegos Sudamericanos de 2022, el Campeonato Sudamericano de F\u00fatbol Sub-20 de 2023, y el Torneo Preol\u00edmpico Sudamericano 2024 de la CONMEBOL.<\/p>\n\n\n\n<p>La exitosa carrera como jugador del exdefensor y mediocampista lo vio brillar para varios equipos, en particular Liverpool FC en la Premier League de Inglaterra y FC Barcelona en LaLiga de Espa\u00f1a, al igual que con la selecci\u00f3n nacional de Argentina. Aporta experiencia ganadora en los niveles m\u00e1s altos a Inter Miami que data a sus d\u00edas como jugador; sus logros incluyen disputar m\u00e1s de 350 partidos con el Barcelona, ganar dos t\u00edtulos de la UEFA Champions League, cinco t\u00edtulos de LaLiga, cinco t\u00edtulos de la Copa del Rey, dos t\u00edtulos en Mundiales de Clubes de la FIFA, dos t\u00edtulos de la Supercopa de la UEFA y tres t\u00edtulos de la Supercopa de Espa\u00f1a. Fue nombrado como ganador al premio otorgado al mejor jugador del Barcelona en la temporada 2013-14 y form\u00f3 parte del Equipo Ideal de la Uefa Champions League en la temporada 2014-15.<\/p>\n\n\n\n<p>Mascherano adem\u00e1s lleg\u00f3 a la final de la UEFA Champions League en su primera temporada con el Liverpool, gan\u00f3 un t\u00edtulo del Torneo Clausura con River Plate en su primera temporada como profesional, y obtuvo un campeonato S\u00e9rie A de Brasil en su \u00fanica temporada con el Corinthians.<\/p>\n\n\n\n<p>El oriundo de San Lorenzo, Argentina, represent\u00f3 a Argentina internacionalmente en 147 ocasiones, a menudo capitaneando a&nbsp;<em>La Albiceleste<\/em>. Su n\u00famero total de partidos disputados es la segunda mayor cantidad en la historia del pa\u00eds solo por detr\u00e1s del actual capit\u00e1n de Inter Miami CF, Lionel Messi. Compiti\u00f3 en dos Juegos Ol\u00edmpicos, cinco Copas Am\u00e9ricas, y cuatro Copas Mundiales de la FIFA. En ese tramo, finaliz\u00f3 en segundo lugar en cuatro Copas Am\u00e9ricas y una Copa Mundial. Tambi\u00e9n gan\u00f3 dos medallas de oro en las Olimpiadas con las selecciones juveniles de Argentina, haci\u00e9ndolo en 2004 y 2008; jug\u00f3 junto a Messi para asegurar la medalla de oro en el 2008.<\/p>\n\n\n\n<p>En el Barcelona, Mascherano fue compa\u00f1ero de equipo de los actuales jugadores de Inter Miami Messi, Jordi Alba, Sergio Busquets y Luis Su\u00e1rez. Tambi\u00e9n est\u00e1 familiarizado con varios de los jugadores j\u00f3venes de Inter Miami, habiendo trabajado con ellos con las selecciones menores de Argentina; Mascherano convoc\u00f3 a Tom\u00e1s Avil\u00e9s, Benjamin Cremaschi, Facundo Far\u00edas y Federico Redondo en varias etapas de su carrera como entrenador de las selecciones juveniles de Argentina.<\/p>\n\n\n\n<p>El cuerpo t\u00e9cnico completo de Mascherano ser\u00e1 anunciado en una fecha posterior.<\/p>\n\n\n\n<p>\u00a1Se parte de la acci\u00f3n en el 2025! Asegura tus abonos de temporada&nbsp;<a href=\"https:\/\/intermiamicf.co\/Editorial2025STM\">aqu\u00ed<\/a>&nbsp;para disfrutar de la emocionante \u00faltima temporada en el Chase Stadium en Fort Lauderdale.<\/p>\n\n\n\n<p>Inter Miami CF Communications Department<\/p>\n\n\n\n<p><\/p>\n\n\n\n<p>intermiamicf.com<\/p>\n","protected":false},"excerpt":{"rendered":"<p>Inter Miami CF Communications Department Inter Miami CF&nbsp;anunci\u00f3 hoy que ha nombrado a Javier Mascherano, leyenda de Argentina y del FC Barcelona, como su director t\u00e9cnico con un contrato que se extiende hasta el final de la temporada 2027 de la Major League Soccer (MLS). El argentino se incorpora al Club tras un periodo como [&hellip;]<\/p>\n","protected":false},"author":1,"featured_media":176325,"comment_status":"closed","ping_status":"closed","sticky":false,"template":"","format":"standard","meta":{"_acf_changed":false,"_jetpack_memberships_contains_paid_content":false,"footnotes":"","jetpack_publicize_message":"","jetpack_publicize_feature_enabled":true,"jetpack_social_post_already_shared":true,"jetpack_social_options":{"image_generator_settings":{"template":"highway","default_image_id":0,"font":"","enabled":false},"version":2}},"categories":[5],"tags":[],"class_list":["post-176324","post","type-post","status-publish","format-standard","has-post-thumbnail","hentry","category-futbol"],"acf":[],"jetpack_publicize_connections":[],"jetpack_featured_media_url":"https:\/\/i0.wp.com\/sportseco.com\/wp-content\/uploads\/2024\/11\/nemxrrfvthvlawmm8guy.webp?fit=2560%2C1440&ssl=1","jetpack_sharing_enabled":true,"_links":{"self":[{"href":"https:\/\/sportseco.com\/index.php?rest_route=\/wp\/v2\/posts\/176324","targetHints":{"allow":["GET"]}}],"collection":[{"href":"https:\/\/sportseco.com\/index.php?rest_route=\/wp\/v2\/posts"}],"about":[{"href":"https:\/\/sportseco.com\/index.php?rest_route=\/wp\/v2\/types\/post"}],"author":[{"embeddable":true,"href":"https:\/\/sportseco.com\/index.php?rest_route=\/wp\/v2\/users\/1"}],"replies":[{"embeddable":true,"href":"https:\/\/sportseco.com\/index.php?rest_route=%2Fwp%2Fv2%2Fcomments&post=176324"}],"version-history":[{"count":1,"href":"https:\/\/sportseco.com\/index.php?rest_route=\/wp\/v2\/posts\/176324\/revisions"}],"predecessor-version":[{"id":176326,"href":"https:\/\/sportseco.com\/index.php?rest_route=\/wp\/v2\/posts\/176324\/revisions\/176326"}],"wp:featuredmedia":[{"embeddable":true,"href":"https:\/\/sportseco.com\/index.php?rest_route=\/wp\/v2\/media\/176325"}],"wp:attachment":[{"href":"https:\/\/sportseco.com\/index.php?rest_route=%2Fwp%2Fv2%2Fmedia&parent=176324"}],"wp:term":[{"taxonomy":"category","embeddable":true,"href":"https:\/\/sportseco.com\/index.php?rest_route=%2Fwp%2Fv2%2Fcategories&post=176324"},{"taxonomy":"post_tag","embeddable":true,"href":"https:\/\/sportseco.com\/index.php?rest_route=%2Fwp%2Fv2%2Ftags&post=176324"}],"curies":[{"name":"wp","href":"https:\/\/api.w.org\/{rel}","templated":true}]}}