{"id":176370,"date":"2024-11-27T18:01:33","date_gmt":"2024-11-27T23:01:33","guid":{"rendered":"https:\/\/sportseco.com\/?p=176370"},"modified":"2024-11-27T18:01:38","modified_gmt":"2024-11-27T23:01:38","slug":"la-ciclovida-de-las-luces-iluminara-las-calles-de-cali","status":"publish","type":"post","link":"https:\/\/sportseco.com\/?p=176370","title":{"rendered":"La \u2018Ciclovida de las Luces\u2019 iluminar\u00e1 las calles de Cali"},"content":{"rendered":"\n<figure class=\"wp-block-image\"><img data-recalc-dims=\"1\" decoding=\"async\" src=\"https:\/\/i0.wp.com\/www.cali.gov.co\/deportes\/publicaciones\/183843\/la-ciclovida-de-las-luces-iluminara-las-calles-de-cali\/info\/principal\/media\/pubInt\/thumbs\/thpub_700X400_183843.jpg?w=640&#038;ssl=1\" alt=\"La \u2018Ciclovida de las Luces\u2019 iluminar\u00e1 las calles de Cali\"\/><\/figure>\n\n\n\n<blockquote class=\"wp-block-quote is-layout-flow wp-block-quote-is-layout-flow\">\n<ul class=\"wp-block-list\">\n<li><em><strong>Deporte, recreaci\u00f3n y esp\u00edritu festivo:\u00a0<\/strong>la \u2018Ciclovida de las Luces\u2019 se llevar\u00e1 a cabo el 28 de noviembre, de 7:30 a 10:00 p.m., con el mismo recorrido exitoso de su edici\u00f3n anterior.<\/em><br \/>\u00a0<\/li>\n\n\n\n<li><em><strong>Compromiso con la equidad de g\u00e9nero:\u00a0<\/strong>Casa Matria, de la Subsecretar\u00eda de Equidad de G\u00e9nero, participar\u00e1 en esta jornada con actividades pedag\u00f3gicas y estrategias para promover entornos seguros y erradicar las Violencias Basadas en G\u00e9nero (VBG).<\/em><br \/>\u00a0<\/li>\n\n\n\n<li><em><strong>Fiesta deportiva para todos:<\/strong>\u00a0la estaci\u00f3n Panamericana ser\u00e1 el epicentro de la celebraci\u00f3n con actividades en los MAFIM y las zonas infantiles. Una invitaci\u00f3n para caminar, trotar o pedalear bajo las estrellas, fomentando estilos de vida saludable y la uni\u00f3n familiar.<\/em><\/li>\n<\/ul>\n<\/blockquote>\n\n\n\n<p><strong>Santiago de Cali, 27 de noviembre de 2024<\/strong><br \/><br \/>Tras el rotundo \u00e9xito de la primera Ciclovida nocturna, realizada el pasado 21 de noviembre, la Secretar\u00eda del Deporte y la Recreaci\u00f3n Distrital invita a cale\u00f1os y visitantes a disfrutar una nueva edici\u00f3n especial: la&nbsp;<strong>\u2018Ciclovida de las Luces\u2019.&nbsp;<\/strong><br \/><br \/>Este evento se llevar\u00e1 a cabo el jueves 28 de noviembre, en un nuevo horario, de<strong>&nbsp;7:30 a 10:00 p.m<\/strong>., esperando una masiva participaci\u00f3n ciudadana en una actividad que combina deporte, recreaci\u00f3n y el esp\u00edritu festivo de la temporada.<br \/><br \/><strong>Recorrido y actividades destacadas<\/strong><br \/><br \/>La jornada recorrer\u00e1 el mismo trazado de su edici\u00f3n anterior: desde el norte, en la carrera 15 con calle 59, hasta el sur, en la carrera 98 con calle 16, cerca de la Universidad del Valle. Incluye los tramos 3, 4, 5, 7, 8 y 9, as\u00ed como las estaciones Panamericana, Ingenio y El Prado, donde los usuarios podr\u00e1n disfrutar de actividades din\u00e1micas y saludables en los M\u00f3dulos de Actividad F\u00edsica Musicalizada (MAFIM).<br \/><br \/><strong>Cali se mueve bajo las estrellas<\/strong><br \/><br \/>La Administraci\u00f3n Distrital reafirma su compromiso con la promoci\u00f3n de h\u00e1bitos y estilos de vida saludable; el fortalecimiento de lazos comunitarios y la construcci\u00f3n de una ciudad m\u00e1s activa y participativa. La \u2018Ciclovida de las Luces\u2019 es una oportunidad para vivir la ciudad de una manera diferente, llena de movimiento y emociones.<br \/><br \/>\u201cEl pasado 21 de noviembre regres\u00f3 la Ciclovida nocturna a Cali. Despu\u00e9s de muchos a\u00f1os, miles de cale\u00f1os disfrutaron de este espacio en familia realizando actividad f\u00edsica, en lo que nosotros llamamos la democratizaci\u00f3n del espacio p\u00fablico. El jueves (28.11.2024) te invitamos a que te pongas los tenis, cojas la bicicleta, la patineta o los patines y con tu familia disfruta nuevamente de este espacio, a partir de las 7:30 p.m. Consulta los horarios y las rutas en nuestras redes sociales y sigue diciendo que \u00a1Cali es donde debes estar!\u201d, manifest\u00f3 Felipe Montoya, secretario del Deporte y la Recreaci\u00f3n Distrital.&nbsp;&nbsp;<br \/><br \/><strong>Presencia de Casa Matria<\/strong><br \/><br \/>Casa Matria, programa liderado por la Subsecretar\u00eda de Equidad de G\u00e9nero, se unir\u00e1 a la \u2018Ciclovida de las Luces\u2019 promoviendo entornos seguros para la libre movilidad, goce y disfrute de las mujeres y ni\u00f1as en todas sus diversidades. Con el objetivo de erradicar las violencias en los \u00e1mbitos p\u00fablicos y privados, esta estrategia se enfoca en prevenir las Violencias Basadas en G\u00e9nero (VBG) y fomentar la transformaci\u00f3n de relaciones sociales hacia una sociedad m\u00e1s justa y equitativa.<br \/><br \/>A trav\u00e9s de actividades pedag\u00f3gicas y estrategias de comunicaci\u00f3n no sexista, Casa Matria busca:<\/p>\n\n\n\n<ul class=\"wp-block-list\">\n<li>Reconocer y desmontar imaginarios culturales que perpet\u00faan la violencia de g\u00e9nero.<br \/>\u00a0<\/li>\n\n\n\n<li>Generar acciones que construyan una Cali segura para todas las mujeres y ni\u00f1as.<\/li>\n<\/ul>\n\n\n\n<p><br \/><strong>Actividad especial en la estaci\u00f3n Panamericana<\/strong><br \/><br \/>La estaci\u00f3n Panamericana ser\u00e1 el epicentro de esta gran fiesta deportiva, ofreciendo un ambiente lleno de energ\u00eda y entusiasmo para toda la familia. Los m\u00e1s peque\u00f1os podr\u00e1n disfrutar de las&nbsp;<strong>zonas infantiles<\/strong>, dise\u00f1adas para brindar momentos recreativos en un entorno seguro y festivo.<br \/><br \/>La jornada promete ser una experiencia inolvidable que integre a toda la comunidad cale\u00f1a, fortaleciendo la recreaci\u00f3n, el deporte y los h\u00e1bitos saludables, mientras se fomenta la equidad de g\u00e9nero y la construcci\u00f3n de una ciudad m\u00e1s inclusiva.<br \/><br \/>Ser\u00e1 un espacio para pedalear, caminar, trotar y disfrutar en familia o con amigos, mientras celebramos la transformaci\u00f3n de Cali bajo las estrellas.<br \/><br \/><strong>\u00a1\u00danete y vive la magia de la \u2018Ciclovida de las Luces!<\/strong><br \/><br \/><strong>Le puede interesar\u2026<\/strong><br \/>&#8211;&nbsp;<a href=\"https:\/\/www.cali.gov.co\/deportes\/publicaciones\/183814\/cali-madrugo-a-correr-la-42k-la-isla-bonita-antes-de-cumplir-la-cita-con-el-area-metropolitana-del-suroccidente\/\" target=\"_blank\" rel=\"noreferrer noopener\">Cali madrug\u00f3 a correr la \u20184.2K La Isla Bonita\u2019, antes de cumplir la cita con el \u00c1rea Metropolitana del Suroccidente<\/a><\/p>\n\n\n\n<p><strong>Comunicaciones Secretar\u00eda del Deporte y la Recreaci\u00f3n Distrital<\/strong><\/p>\n\n\n\n<p><\/p>\n\n\n\n<p>cali.gov.co<\/p>\n","protected":false},"excerpt":{"rendered":"<p>Santiago de Cali, 27 de noviembre de 2024 Tras el rotundo \u00e9xito de la primera Ciclovida nocturna, realizada el pasado 21 de noviembre, la Secretar\u00eda del Deporte y la Recreaci\u00f3n Distrital invita a cale\u00f1os y visitantes a disfrutar una nueva edici\u00f3n especial: la&nbsp;\u2018Ciclovida de las Luces\u2019.&nbsp; Este evento se llevar\u00e1 a cabo el jueves 28 [&hellip;]<\/p>\n","protected":false},"author":1,"featured_media":176371,"comment_status":"closed","ping_status":"closed","sticky":false,"template":"","format":"standard","meta":{"_acf_changed":false,"_jetpack_memberships_contains_paid_content":false,"footnotes":"","jetpack_publicize_message":"","jetpack_publicize_feature_enabled":true,"jetpack_social_post_already_shared":true,"jetpack_social_options":{"image_generator_settings":{"template":"highway","default_image_id":0,"font":"","enabled":false},"version":2}},"categories":[1],"tags":[],"class_list":["post-176370","post","type-post","status-publish","format-standard","has-post-thumbnail","hentry","category-uncategorized"],"acf":[],"jetpack_publicize_connections":[],"jetpack_featured_media_url":"https:\/\/i0.wp.com\/sportseco.com\/wp-content\/uploads\/2024\/11\/thpub_400X400_183843.jpg?fit=400%2C400&ssl=1","jetpack_sharing_enabled":true,"_links":{"self":[{"href":"https:\/\/sportseco.com\/index.php?rest_route=\/wp\/v2\/posts\/176370","targetHints":{"allow":["GET"]}}],"collection":[{"href":"https:\/\/sportseco.com\/index.php?rest_route=\/wp\/v2\/posts"}],"about":[{"href":"https:\/\/sportseco.com\/index.php?rest_route=\/wp\/v2\/types\/post"}],"author":[{"embeddable":true,"href":"https:\/\/sportseco.com\/index.php?rest_route=\/wp\/v2\/users\/1"}],"replies":[{"embeddable":true,"href":"https:\/\/sportseco.com\/index.php?rest_route=%2Fwp%2Fv2%2Fcomments&post=176370"}],"version-history":[{"count":1,"href":"https:\/\/sportseco.com\/index.php?rest_route=\/wp\/v2\/posts\/176370\/revisions"}],"predecessor-version":[{"id":176372,"href":"https:\/\/sportseco.com\/index.php?rest_route=\/wp\/v2\/posts\/176370\/revisions\/176372"}],"wp:featuredmedia":[{"embeddable":true,"href":"https:\/\/sportseco.com\/index.php?rest_route=\/wp\/v2\/media\/176371"}],"wp:attachment":[{"href":"https:\/\/sportseco.com\/index.php?rest_route=%2Fwp%2Fv2%2Fmedia&parent=176370"}],"wp:term":[{"taxonomy":"category","embeddable":true,"href":"https:\/\/sportseco.com\/index.php?rest_route=%2Fwp%2Fv2%2Fcategories&post=176370"},{"taxonomy":"post_tag","embeddable":true,"href":"https:\/\/sportseco.com\/index.php?rest_route=%2Fwp%2Fv2%2Ftags&post=176370"}],"curies":[{"name":"wp","href":"https:\/\/api.w.org\/{rel}","templated":true}]}}