{"id":176401,"date":"2024-11-28T12:28:08","date_gmt":"2024-11-28T17:28:08","guid":{"rendered":"https:\/\/sportseco.com\/?p=176401"},"modified":"2024-11-28T12:28:14","modified_gmt":"2024-11-28T17:28:14","slug":"green-friday-vs-black-friday-porque-el-planeta-necesita-un-consumo-responsable","status":"publish","type":"post","link":"https:\/\/sportseco.com\/?p=176401","title":{"rendered":"Green Friday vs Black Friday, porque el planeta necesita un consumo responsable"},"content":{"rendered":"\n<p><strong>Ana Tu\u00f1as Matilla<\/strong><\/p>\n\n\n\n<p><strong>El Black Friday, periodo de descuentos originario de Estados Unidos e importado por las grandes cadenas de distribuci\u00f3n, ha arraigado con fuerza en Espa\u00f1a, donde, en apenas diez a\u00f1os, se ha convertido en uno de los momentos del a\u00f1o de m\u00e1s ventas y ha pasado a considerarse el inicio de la campa\u00f1a de Navidad.<\/strong><\/p>\n\n\n\n<p>Para contrarrestar este fen\u00f3meno, cuyo \u00e9xito se basa, seg\u00fan organizaciones de consumo y ecologistas, en la capacidad de las grandes firmas de generar en los usuarios la \u00abnecesidad de consumir\u00bb, naci\u00f3&nbsp;<strong>Green Friday<\/strong>, movimiento que busca concienciar a los ciudadanos de la importancia de ejercer un consumo responsable y consciente para no agotar los recursos del planeta.<\/p>\n\n\n\n<h2 class=\"wp-block-heading\">C\u00f3mo lleg\u00f3 a Espa\u00f1a<\/h2>\n\n\n\n<p>El Black Friday tiene su origen en Estados Unidos, donde tradicionalmente los establecimientos ofrecen fuertes descuentos al d\u00eda siguiente de Acci\u00f3n de Gracias para dar el pistoletazo de salida a la campa\u00f1a de Navidad y tornar sus n\u00fameros \u00abrojos\u00bb (perdidas) \u00aba negros\u00bb (beneficios). Este a\u00f1o, es el 29 de noviembre.<\/p>\n\n\n\n<p>A comienzos de la segunda d\u00e9cada del siglo, e<strong>l comercio espa\u00f1ol import\u00f3 esta campa\u00f1a en un intento de impulsar unas ventas en declive por la crisis que sigui\u00f3 al estallido de la burbuja inmobiliaria<\/strong>.<\/p>\n\n\n\n<p>Hoy en d\u00eda, se considera el inicio de la campa\u00f1a de Navidad y ha supuesto, incluso, que en muchas ciudades se haya adelantado el encendido del alumbrado, que antes se hac\u00eda durante el puente de diciembre.<\/p>\n\n\n\n<p>Los primeros jugadores nacionales en \u00abadoptarla\u00bb fueron grandes grupos nacionales de distribuci\u00f3n, como El Corte Ingl\u00e9s. De fondo, la llegada de competidores como Amazon (Estados Unidos), hoy convertido en gigante mundial del comercio.<\/p>\n\n\n\n<p>En Estados Unidos, los descuentos se limitaban originalmente a una \u00fanica jornada, mientras que en Espa\u00f1a, se opt\u00f3 por mantenerlos durante d\u00edas e incluso semanas y se extendieron a todo tipo de servicios.<\/p>\n\n\n\n<p>Aunque ya hay signos de que va perdiendo fuelle, lo cierto es que son muchos los que estos d\u00edas aprovechar\u00e1n para adelantar sus compras de Navidad con la esperanza de encontrar mejores precios. Otros, simplemente comprar\u00e1n por impulso atra\u00eddos por carteles con ofertas que incitan al consumo.<\/p>\n\n\n\n<h2 class=\"wp-block-heading\">\u00bfMenos capacidad de gasto o m\u00e1s conciencia?<\/h2>\n\n\n\n<p>Seg\u00fan un estudio del comparador de precios&nbsp;<strong>Idealo<\/strong>,&nbsp;<strong>s\u00f3lo 1 de cada 10 espa\u00f1oles es indiferente al Black Friday<\/strong>, el 26 % de ellos porque desea limitar su consumo, el 25 % porque considera que ya tiene lo que necesita y el 37 % porque duda de la veracidad de las ofertas.<\/p>\n\n\n\n<p>Sin embargo,&nbsp;<strong>entre los que s\u00ed tienen pensado comprar algo estos d\u00edas, m\u00e1s del 70 % prev\u00e9 gastar lo mismo o menos que el a\u00f1o pasado debido a que tienen menos capacidad econ\u00f3mica (44 %) o porque buscan ser m\u00e1s conscientes y responables en su consumo (30 %)<\/strong>.<\/p>\n\n\n\n<p>Uno de cada tres espa\u00f1oles comprar\u00e1 estos d\u00edas regalos de Navidad, seg\u00fan el estudio, que tambi\u00e9n recoge que&nbsp;<strong>el 47 % de los encuestados afirma estar dispuesto a pagar un poco m\u00e1s por productos m\u00e1s sostenibles, frente al 53 % que no lo est\u00e1<\/strong>.<\/p>\n\n\n\n<p>Sin embargo, a pesar de las cr\u00edticas y dudas de algunos consumidores, el 60 % de los espa\u00f1oles est\u00e1 contento con la existencia del Black Friday, lo que muestra que sigue siendo un evento atractivo para una amplia mayor\u00eda, seg\u00fan Idealo.<\/p>\n\n\n\n<h2 class=\"wp-block-heading\">\u00bfRealmente lo necesito?<\/h2>\n\n\n\n<p>Ante la extensi\u00f3n del Black Friday en un mundo globalizado, naci\u00f3 Green Friday, un movimiento de origen difuso aunque con un fin claro:&nbsp;<strong>hacer un llamamiento \u00abal consumo con cabeza\u00bb frente al consumo desaforado e irracional<\/strong>&nbsp;que predominan en Black Friday y Navidad, han explicado a EFEVerde desde la Red de Redes de Econom\u00eda Alternativa y Solidaria (<strong>REAS<\/strong>).<\/p>\n\n\n\n<p>\u00abEl problema no es consumir, no se trata de dejar de consumir. El problema est\u00e1 en qu\u00e9 se consume y c\u00f3mo se consume (&#8230;)\u00bb, seg\u00fan la misma fuente, que ha apuntado que&nbsp;<strong>el primer paso de un consumo responsable es preguntarse si realmente necesitas eso que te planteas comprar<\/strong>.<\/p>\n\n\n\n<p>Si la respuesta es s\u00ed,&nbsp;<strong>el siguiente paso es intentar hacerlo en comercios sostenibles social y ambientalmente<\/strong>&nbsp;y que apuesten por productos de larga durabilidad para que no tengas que volver a consumir lo mismo en un periodo corto de tiempo.<\/p>\n\n\n\n<blockquote class=\"wp-block-quote is-layout-flow wp-block-quote-is-layout-flow\">\n<p>\u00abEsto supone un cambio cultural, el proceso ya est\u00e1 en marcha pero llevar\u00e1 tiempo, el cambio no llegar\u00e1 de hoy para ma\u00f1ana y aunque ya se est\u00e1 produciendo, la duda es si se har\u00e1 a la velocidad que necesitan el planeta y la propia humanidad\u00bb, han advertido desde REAS<\/p>\n<\/blockquote>\n\n\n\n<h2 class=\"wp-block-heading\">Reparar y segunda mano<\/h2>\n\n\n\n<p>Antes de consumir productos nuevos sostenibles, el consumo responsable aboga por reparar aquellos que se puedan reparar y por comprar art\u00edculos de segunda mano, ha apuntado la responsable del \u00e1rea de Biodiversidad de&nbsp;<strong>Greenpeace Espa\u00f1a<\/strong>, Celia Ojeda.<\/p>\n\n\n\n<p>\u00abEste a\u00f1o, se prev\u00e9 un Black Friday no tan fuerte. Pensaba que hab\u00edamos ganado una batalla y que la gente se hab\u00eda dado cuenta de los impactos del consumismo, pero seg\u00fan apuntan algunos expertos, lo que pasa es que hay tantas ofertas y tan seguidas que la gente se est\u00e1 cansando\u00bb, ha lamentado.<\/p>\n\n\n\n<p>En relaci\u00f3n al Green Friday, ha se\u00f1alado que dentro de las propias marcas sostenibles hay dos corrientes: por un lado est\u00e1n aquellas que dicen que no hay que hacer ofertas estos d\u00edas y por otro aquellas que abogan por hacerlas para que la gente conozca que hay productos m\u00e1s respetuosos con el medio ambiente.<\/p>\n\n\n\n<p>Tambi\u00e9n hay marcas que, como la firma de moda sostenible&nbsp;<strong>Ecolaf<\/strong>, estos d\u00edas lucen mensajes como: \u00ab0% de descuento\u00bb, \u00abbreak your habit, not your planet\u00bb (rompe tu h\u00e1bito, no tu planeta) o \u00ab#RecyclingBlackFriday\u00bb (Black Friday de Reciclaje).<\/p>\n\n\n\n<h2 class=\"wp-block-heading\">Impulsar&nbsp;<\/h2>\n\n\n\n<p>Desde Greenpeace se defiende tambi\u00e9n la necesidad de facilitar al p\u00fablico el acceso a este tipo de comercios y a empresas de reparaci\u00f3n, que ahora \u00abno se ven en las grandes calles comerciales\u00bb. Una forma de hacerlo ser\u00eda con ayudas fiscales que las permitan competir contra grandes empresas.<\/p>\n\n\n\n<p>Para promover este tipo de establecimientos,&nbsp;<strong>Amigos de la Tierra&nbsp;<\/strong>ha puesto en marcha<strong>&nbsp;<a href=\"https:\/\/alargascencia.org\/es\">Alargascencia<\/a><\/strong>, un directorio online de establecimientos en los que reparar, alquilar, hacer trueque o comprar segunda mano.<\/p>\n\n\n\n<p>Tambi\u00e9n se est\u00e1n sumando al Green Friday compa\u00f1\u00edas como&nbsp;<strong>Ikea<\/strong>, que, entre otras acciones, ofrece estos d\u00edas a los clientes de Ikea Family tasaciones un 30 % superiores a las estimadas el resto del a\u00f1o por sus productos de segunda mano en un intento de impulsar este mercado.<\/p>\n\n\n\n<p>\u00abLa visi\u00f3n de Ikea siempre ha sido crear un mejor d\u00eda a d\u00eda para la mayor\u00eda de las personas. Ahora, eso significa hacer que la vida sostenible sea m\u00e1s f\u00e1cil y asequible para todos\u00bb, han explicado desde la compa\u00f1\u00eda, que defiende que \u00abser circular es una buena oportunidad de negocio y una responsabilidad\u00bb.<\/p>\n\n\n\n<p>La crisis clim\u00e1tica \u00abnos obliga a todos a repensar radicalmente nuestros h\u00e1bitos\u00bb, han aseverado fuentes de Ikea, que han recordado la capacidad de las grandes firmas para inflluir en los h\u00e1bitos. EFEVerde<\/p>\n\n\n\n<p>atm\/al<\/p>\n","protected":false},"excerpt":{"rendered":"<p>Ana Tu\u00f1as Matilla El Black Friday, periodo de descuentos originario de Estados Unidos e importado por las grandes cadenas de distribuci\u00f3n, ha arraigado con fuerza en Espa\u00f1a, donde, en apenas diez a\u00f1os, se ha convertido en uno de los momentos del a\u00f1o de m\u00e1s ventas y ha pasado a considerarse el inicio de la campa\u00f1a [&hellip;]<\/p>\n","protected":false},"author":1,"featured_media":176402,"comment_status":"closed","ping_status":"closed","sticky":false,"template":"","format":"standard","meta":{"_acf_changed":false,"_jetpack_memberships_contains_paid_content":false,"footnotes":"","jetpack_publicize_message":"","jetpack_publicize_feature_enabled":true,"jetpack_social_post_already_shared":true,"jetpack_social_options":{"image_generator_settings":{"template":"highway","default_image_id":0,"font":"","enabled":false},"version":2}},"categories":[6],"tags":[],"class_list":["post-176401","post","type-post","status-publish","format-standard","has-post-thumbnail","hentry","category-ecologia"],"acf":[],"jetpack_publicize_connections":[],"jetpack_featured_media_url":"https:\/\/i0.wp.com\/sportseco.com\/wp-content\/uploads\/2024\/11\/Ecoalf-Black-Friday-e1669370404595.jpeg?fit=768%2C693&ssl=1","jetpack_sharing_enabled":true,"_links":{"self":[{"href":"https:\/\/sportseco.com\/index.php?rest_route=\/wp\/v2\/posts\/176401","targetHints":{"allow":["GET"]}}],"collection":[{"href":"https:\/\/sportseco.com\/index.php?rest_route=\/wp\/v2\/posts"}],"about":[{"href":"https:\/\/sportseco.com\/index.php?rest_route=\/wp\/v2\/types\/post"}],"author":[{"embeddable":true,"href":"https:\/\/sportseco.com\/index.php?rest_route=\/wp\/v2\/users\/1"}],"replies":[{"embeddable":true,"href":"https:\/\/sportseco.com\/index.php?rest_route=%2Fwp%2Fv2%2Fcomments&post=176401"}],"version-history":[{"count":1,"href":"https:\/\/sportseco.com\/index.php?rest_route=\/wp\/v2\/posts\/176401\/revisions"}],"predecessor-version":[{"id":176403,"href":"https:\/\/sportseco.com\/index.php?rest_route=\/wp\/v2\/posts\/176401\/revisions\/176403"}],"wp:featuredmedia":[{"embeddable":true,"href":"https:\/\/sportseco.com\/index.php?rest_route=\/wp\/v2\/media\/176402"}],"wp:attachment":[{"href":"https:\/\/sportseco.com\/index.php?rest_route=%2Fwp%2Fv2%2Fmedia&parent=176401"}],"wp:term":[{"taxonomy":"category","embeddable":true,"href":"https:\/\/sportseco.com\/index.php?rest_route=%2Fwp%2Fv2%2Fcategories&post=176401"},{"taxonomy":"post_tag","embeddable":true,"href":"https:\/\/sportseco.com\/index.php?rest_route=%2Fwp%2Fv2%2Ftags&post=176401"}],"curies":[{"name":"wp","href":"https:\/\/api.w.org\/{rel}","templated":true}]}}