{"id":176420,"date":"2024-11-29T09:34:32","date_gmt":"2024-11-29T14:34:32","guid":{"rendered":"https:\/\/sportseco.com\/?p=176420"},"modified":"2024-11-29T09:34:39","modified_gmt":"2024-11-29T14:34:39","slug":"dia-mundial-de-la-conservacion-del-jaguar-29-de-noviembre","status":"publish","type":"post","link":"https:\/\/sportseco.com\/?p=176420","title":{"rendered":"D\u00eda Mundial de la Conservaci\u00f3n del Jaguar, 29 de noviembre"},"content":{"rendered":"\n<p>El 29 de noviembre de 2018 se celebr\u00f3 por primera vez el&nbsp;<strong>D\u00eda Internacional del Jaguar<\/strong>, una iniciativa conjunta de varios pa\u00edses con la presencia de este felino.<\/p>\n\n\n\n<p>El&nbsp;<strong>D\u00eda Internacional del Jaguar<\/strong>&nbsp;ha sido anunciado por el&nbsp;<strong>Programa de las Naciones Unidas para el Desarrollo (<em>PNUD<\/em>)<\/strong>, el&nbsp;<strong>Fondo Mundial para la Vida Silvestre (<em>WWF<\/em>)<\/strong>, la Sociedad de&nbsp;<strong>Conservaci\u00f3n de la Vida Silvestre (<em>WCS<\/em>)<\/strong>, la organizaci\u00f3n&nbsp;<strong><em>Panthera<\/em><\/strong>&nbsp;y algunos representantes de los gobiernos de la regi\u00f3n de Am\u00e9rica Latina.<\/p>\n\n\n\n<figure class=\"wp-block-embed is-type-rich is-provider-gestor-del-servicio wp-block-embed-gestor-del-servicio wp-embed-aspect-16-9 wp-has-aspect-ratio\"><div class=\"wp-block-embed__wrapper\">\n<iframe loading=\"lazy\" title=\"Dia Internacional del Jaguar | WCS\" width=\"640\" height=\"360\" src=\"https:\/\/www.youtube.com\/embed\/k6nFJSgjY6E?feature=oembed\" frameborder=\"0\" allow=\"accelerometer; autoplay; clipboard-write; encrypted-media; gyroscope; picture-in-picture; web-share\" referrerpolicy=\"strict-origin-when-cross-origin\" allowfullscreen><\/iframe>\n<\/div><\/figure>\n\n\n\n<h2 class=\"wp-block-heading\" id=\"resTit_2\">\u00bfPor qu\u00e9 se celebra el D\u00eda Internacional del Jaguar?<\/h2>\n\n\n\n<p>El&nbsp;<strong>D\u00eda Internacional del Jaguar<\/strong>&nbsp;tiene como objetivo concienciar sobre las amenazas a las que se enfrenta este felino, informar sobre los esfuerzos de conservaci\u00f3n que garantizan su supervivencia y sobre el papel fundamental del jaguar como una especie clave cuya presencia es indicativa de un ecosistema saludable.<\/p>\n\n\n\n<p><\/p>\n\n\n\n<p>El jaguar est\u00e1 en la c\u00faspide de la cadena tr\u00f3fica, siendo el mayor depredador terrestre de Am\u00e9rica.<\/p>\n\n\n\n<h2 class=\"wp-block-heading\" id=\"resTit_3\">Plan Jaguar 2030<\/h2>\n\n\n\n<p>Esta conmemoraci\u00f3n, forma parte del&nbsp;<strong>Plan Jaguar 2030<\/strong>:&nbsp;<strong>Plan Regional para la Conservaci\u00f3n del Felino m\u00e1s grande del Continente y sus Ecosistemas<\/strong>, un compromiso global para salvar al jaguar.<\/p>\n\n\n\n<p>El&nbsp;<strong>Plan Jaguar 2030<\/strong>, busca fortalecer el llamado&nbsp;<strong>Corredor Jaguar<\/strong>, que se extiende desde M\u00e9xico hasta Argentina, y que propone asegurar 30 paisajes prioritarios para la conservaci\u00f3n de la especie.<\/p>\n\n\n\n<h2 class=\"wp-block-heading\" id=\"resTit_4\">\u00bfA qu\u00e9 amenazas se enfrenta el jaguar?<\/h2>\n\n\n\n<p>El jaguar es el felino m\u00e1s grande de Am\u00e9rica y el tercero m\u00e1s grande en el mundo y su poblaci\u00f3n est\u00e1 en declive por la caza ilegal y la p\u00e9rdida y fragmentaci\u00f3n de su h\u00e1bitat. En El Salvador y Uruguay est\u00e1 extinto.<\/p>\n\n\n\n<p><\/p>\n\n\n\n<p>diainternacionalde.com<\/p>\n","protected":false},"excerpt":{"rendered":"<p>El 29 de noviembre de 2018 se celebr\u00f3 por primera vez el&nbsp;D\u00eda Internacional del Jaguar, una iniciativa conjunta de varios pa\u00edses con la presencia de este felino. El&nbsp;D\u00eda Internacional del Jaguar&nbsp;ha sido anunciado por el&nbsp;Programa de las Naciones Unidas para el Desarrollo (PNUD), el&nbsp;Fondo Mundial para la Vida Silvestre (WWF), la Sociedad de&nbsp;Conservaci\u00f3n de la [&hellip;]<\/p>\n","protected":false},"author":1,"featured_media":176422,"comment_status":"closed","ping_status":"closed","sticky":false,"template":"","format":"standard","meta":{"_acf_changed":false,"_jetpack_memberships_contains_paid_content":false,"footnotes":"","jetpack_publicize_message":"","jetpack_publicize_feature_enabled":true,"jetpack_social_post_already_shared":true,"jetpack_social_options":{"image_generator_settings":{"template":"highway","default_image_id":0,"font":"","enabled":false},"version":2}},"categories":[6],"tags":[],"class_list":["post-176420","post","type-post","status-publish","format-standard","has-post-thumbnail","hentry","category-ecologia"],"acf":[],"jetpack_publicize_connections":[],"jetpack_featured_media_url":"https:\/\/i0.wp.com\/sportseco.com\/wp-content\/uploads\/2024\/11\/11-29_dia-mundial-jaguar-2023.jpg?fit=305%2C203&ssl=1","jetpack_sharing_enabled":true,"_links":{"self":[{"href":"https:\/\/sportseco.com\/index.php?rest_route=\/wp\/v2\/posts\/176420","targetHints":{"allow":["GET"]}}],"collection":[{"href":"https:\/\/sportseco.com\/index.php?rest_route=\/wp\/v2\/posts"}],"about":[{"href":"https:\/\/sportseco.com\/index.php?rest_route=\/wp\/v2\/types\/post"}],"author":[{"embeddable":true,"href":"https:\/\/sportseco.com\/index.php?rest_route=\/wp\/v2\/users\/1"}],"replies":[{"embeddable":true,"href":"https:\/\/sportseco.com\/index.php?rest_route=%2Fwp%2Fv2%2Fcomments&post=176420"}],"version-history":[{"count":1,"href":"https:\/\/sportseco.com\/index.php?rest_route=\/wp\/v2\/posts\/176420\/revisions"}],"predecessor-version":[{"id":176423,"href":"https:\/\/sportseco.com\/index.php?rest_route=\/wp\/v2\/posts\/176420\/revisions\/176423"}],"wp:featuredmedia":[{"embeddable":true,"href":"https:\/\/sportseco.com\/index.php?rest_route=\/wp\/v2\/media\/176422"}],"wp:attachment":[{"href":"https:\/\/sportseco.com\/index.php?rest_route=%2Fwp%2Fv2%2Fmedia&parent=176420"}],"wp:term":[{"taxonomy":"category","embeddable":true,"href":"https:\/\/sportseco.com\/index.php?rest_route=%2Fwp%2Fv2%2Fcategories&post=176420"},{"taxonomy":"post_tag","embeddable":true,"href":"https:\/\/sportseco.com\/index.php?rest_route=%2Fwp%2Fv2%2Ftags&post=176420"}],"curies":[{"name":"wp","href":"https:\/\/api.w.org\/{rel}","templated":true}]}}