{"id":176486,"date":"2024-11-30T11:14:54","date_gmt":"2024-11-30T16:14:54","guid":{"rendered":"https:\/\/sportseco.com\/?p=176486"},"modified":"2024-11-30T11:14:59","modified_gmt":"2024-11-30T16:14:59","slug":"fc-barcelona-las-palmas-frustrados-1-2","status":"publish","type":"post","link":"https:\/\/sportseco.com\/?p=176486","title":{"rendered":"FC Barcelona &#8211; Las Palmas: Frustrados (1-2)"},"content":{"rendered":"\n<p>El Bar\u00e7a cae ante los canarios en el partido del 125 aniversario en el Estadi Ol\u00edmpic Llu\u00eds Companys<\/p>\n\n\n\n<p>El FC Barcelona no ha podido celebrar su 125 cumplea\u00f1os con una victoria.&nbsp;<strong>Los cul\u00e9s han ca\u00eddo ante la Un\u00edon Deportiva Las Palmas en Montju\u00efc (1-2)<\/strong>. Pese a un gol de Raphinha, las dianas de Sandro Ram\u00edrez y F\u00e1bio Silva han llevado al conjunto canario a dar la campanada en el Estadi Ol\u00edmpic.<\/p>\n\n\n\n<h2 class=\"wp-block-heading\">Novedades en la convocatoria<\/h2>\n\n\n\n<p>Para este partido tan especial, Hansi Flick ha alineado a I\u00f1aki Pe\u00f1a, Balde, Cubars\u00ed, I\u00f1igo Mart\u00ednez, Kounde, Gavi, Pedri, Pablo Torre, Ferm\u00edn, Raphinha y Lewandowski. Aparte del once, el t\u00e9cnico culer tambi\u00e9n ha podido contar con Ferran Torres y Lamine Yamal, que volv\u00edan a la convocatoria despu\u00e9s de sus respectivas lesiones.<\/p>\n\n\n\n<p>Pero entre la convocatoria culer de hoy tambi\u00e9n se encontraba otra novedad muy especial. Y es que los aficionados azulgranas han podido conocer a<a href=\"https:\/\/www.fcbarcelona.es\/es\/futbol\/primer-equipo\/noticias\/4178837\/la-mascota-cat-debuta-en-el-estadi-olimpic\" target=\"_blank\" rel=\"noreferrer noopener\">&nbsp;la mascota CAT por primera vez en el Estadi Ol\u00edmpic.<\/a><a href=\"https:\/\/www.fcbarcelona.es\/es\/cat-culer\">La mascota CATDescubre todo lo que necesitas saber y ver de CAT, el nuevo miembro de la familia culerNO T&#8217;HO PERDIS<\/a><\/p>\n\n\n\n<h2 class=\"wp-block-heading\">Ferm\u00edn, primer aviso<\/h2>\n\n\n\n<p>El choque ha empezado y el Bar\u00e7a, que hoy vest\u00eda pantal\u00f3n blanco para conmemorar las primeras equipaciones de la historia del club, ha avisado pronto. En el minuto cinco, Pablo Torre ha filtrado un pase exquisito para Ferm\u00edn en el interior del \u00e1rea. Pero el &#8217;16&#8217; del Bar\u00e7a se ha topado con un viejo conocido para los azulgranas, Jasper Cillessen.<\/p>\n\n\n\n<p>Sin embargo, los visitantes se han mantenido muy ordenados y sacrificados en defensa, resistiendo la presi\u00f3n y las acometidas cul\u00e9s. Adem\u00e1s, fueron capaces de salir con rapidez al contragolpe y generaron un par de ocasiones. Pero la defensa azulgrana e I\u00f1aki Pe\u00f1a han sabido resolverlas a la perfecci\u00f3n.<\/p>\n\n\n\n<p>Hacia el ecuador del primer tiempo ha llegado la que es, seguramente, la peor noticia del partido para los cul\u00e9s.<strong>&nbsp;Balde<\/strong>&nbsp;ha recibido un golpe en el cuello y le ha hecho abandonar el terreno de juego. Gerard Mart\u00edn ha entrado en su sitio.<\/p>\n\n\n\n<h2 class=\"wp-block-heading\">Raphinha lo intenta<\/h2>\n\n\n\n<p>Ya en los \u00faltimos minutos del primer tiempo,&nbsp;<strong>Raphinha<\/strong>&nbsp;ha entrado en acci\u00f3n. En el minuto 41, le han anulado un gol por fuera de juego. Y en el tiempo de a\u00f1adido,<em>&nbsp;O Capit\u00e3o<\/em>&nbsp;ha recibido un gran pase al espacio de Gavi, pero el brasile\u00f1o ha enviado el bal\u00f3n al larguero. As\u00ed pues, el 0-0 reinaba en el electr\u00f3nico de la monta\u00f1a m\u00e1gica al paso por los vestuarios.<\/p>\n\n\n\n<h2 class=\"wp-block-heading\">La ley del ex<\/h2>\n\n\n\n<p>Pese a las buenas sensaciones con las que hab\u00edan terminado la primera mitad, los azulgranas han empezado la segunda con mal pie. El ex azulgrana Sandro Ram\u00edrez ha aprovechado un buen pase al espacio y, con un disparo potente cruzado, ha superado a I\u00f1aki Pe\u00f1a (0-1, min 49).<\/p>\n\n\n\n<h2 class=\"wp-block-heading\">Alegr\u00eda, pero dura poco<\/h2>\n\n\n\n<p>Hansi Flick ha hecho entrar a Frenkie De Jong, Hector Fort y Ferran Torres, m\u00e1s Lamine Yamal, quien ya hab\u00eda entrado en el descanso. Y, s\u00ed, el Bar\u00e7a ha reaccionado y ha aumentado la intensidad hasta poder encontrar las rendijas canarias.&nbsp;<strong>Raphinha<\/strong>&nbsp;ha recibido el esf\u00e9rico en la frontal del \u00e1rea y ha superado a Cillessen con un disparo raso al palo izquierdo (1-1, min 61).<\/p>\n\n\n\n<p>Pero la UD Las Palmas hab\u00eda venido a Barcelona a dar guerra. Fabio Silva se ha adelantado a la defensa cul\u00e9 y ha batido a I\u00f1aki Pe\u00f1a para volver a adelantar a los canarios en el marcador (1-2, min 67). El Bar\u00e7a ten\u00eda 23 minutos para dar la vuelta al choque.<\/p>\n\n\n\n<h2 class=\"wp-block-heading\">Final trabado<\/h2>\n\n\n\n<p>A partir de ese momento, se ha jugado poco a f\u00fatbol. Los azulgranas no han podido mantener un alto ritmo. Las continuas p\u00e9rdidas de tiempo de los futbolistas amarillos tampoco han ayudado. M\u00e1s all\u00e1 de una falta directa que ha picado Raphinha, detenida por el portero visitante, los cul\u00e9s no han gozado de ocasiones claras y no han podido superar la resistencia canaria.<\/p>\n\n\n\n<p>El colegiado Cordero Vega ha a\u00f1adido ocho minutos. En este intervalo de tiempo, los cul\u00e9s lo continuaron intentando hasta el final, con el apoyo de la grada de Montju\u00efc. Lamine y Lewandowski han tenido dos ocasiones, pero no han podido convertirlas. Derrota azulgrana, la primera en casa, ante Las Palmas por 1-2.<\/p>\n\n\n\n<p>El Bar\u00e7a no ha celebrado su 125 aniversario como quer\u00eda. Sin embargo, es momento de seguir mirando adelante. Y es que, el martes 3 de diciembre a las 19 horas, los de Hansi Flick visitan el Mallorca. Los cul\u00e9s viajan a las Islas Baleares para disputar la 19\u00aa jornada de Liga, que se ha adelantado a causa de la Supercopa de Espa\u00f1a, en la que los azulgranas se enfrentar\u00e1n, tambi\u00e9n, con los mallorquines en las semifinales.<\/p>\n\n\n\n<p><\/p>\n\n\n\n<p>fcbarcelona.es<\/p>\n","protected":false},"excerpt":{"rendered":"<p>El Bar\u00e7a cae ante los canarios en el partido del 125 aniversario en el Estadi Ol\u00edmpic Llu\u00eds Companys El FC Barcelona no ha podido celebrar su 125 cumplea\u00f1os con una victoria.&nbsp;Los cul\u00e9s han ca\u00eddo ante la Un\u00edon Deportiva Las Palmas en Montju\u00efc (1-2). Pese a un gol de Raphinha, las dianas de Sandro Ram\u00edrez y [&hellip;]<\/p>\n","protected":false},"author":1,"featured_media":176487,"comment_status":"closed","ping_status":"closed","sticky":false,"template":"","format":"standard","meta":{"_acf_changed":false,"_jetpack_memberships_contains_paid_content":false,"footnotes":"","jetpack_publicize_message":"","jetpack_publicize_feature_enabled":true,"jetpack_social_post_already_shared":true,"jetpack_social_options":{"image_generator_settings":{"template":"highway","default_image_id":0,"font":"","enabled":false},"version":2}},"categories":[5],"tags":[],"class_list":["post-176486","post","type-post","status-publish","format-standard","has-post-thumbnail","hentry","category-futbol"],"acf":[],"jetpack_publicize_connections":[],"jetpack_featured_media_url":"https:\/\/i0.wp.com\/sportseco.com\/wp-content\/uploads\/2024\/11\/MGA3495.webp?fit=2400%2C1500&ssl=1","jetpack_sharing_enabled":true,"_links":{"self":[{"href":"https:\/\/sportseco.com\/index.php?rest_route=\/wp\/v2\/posts\/176486","targetHints":{"allow":["GET"]}}],"collection":[{"href":"https:\/\/sportseco.com\/index.php?rest_route=\/wp\/v2\/posts"}],"about":[{"href":"https:\/\/sportseco.com\/index.php?rest_route=\/wp\/v2\/types\/post"}],"author":[{"embeddable":true,"href":"https:\/\/sportseco.com\/index.php?rest_route=\/wp\/v2\/users\/1"}],"replies":[{"embeddable":true,"href":"https:\/\/sportseco.com\/index.php?rest_route=%2Fwp%2Fv2%2Fcomments&post=176486"}],"version-history":[{"count":1,"href":"https:\/\/sportseco.com\/index.php?rest_route=\/wp\/v2\/posts\/176486\/revisions"}],"predecessor-version":[{"id":176488,"href":"https:\/\/sportseco.com\/index.php?rest_route=\/wp\/v2\/posts\/176486\/revisions\/176488"}],"wp:featuredmedia":[{"embeddable":true,"href":"https:\/\/sportseco.com\/index.php?rest_route=\/wp\/v2\/media\/176487"}],"wp:attachment":[{"href":"https:\/\/sportseco.com\/index.php?rest_route=%2Fwp%2Fv2%2Fmedia&parent=176486"}],"wp:term":[{"taxonomy":"category","embeddable":true,"href":"https:\/\/sportseco.com\/index.php?rest_route=%2Fwp%2Fv2%2Fcategories&post=176486"},{"taxonomy":"post_tag","embeddable":true,"href":"https:\/\/sportseco.com\/index.php?rest_route=%2Fwp%2Fv2%2Ftags&post=176486"}],"curies":[{"name":"wp","href":"https:\/\/api.w.org\/{rel}","templated":true}]}}