{"id":176541,"date":"2024-12-01T10:51:10","date_gmt":"2024-12-01T15:51:10","guid":{"rendered":"https:\/\/sportseco.com\/?p=176541"},"modified":"2024-12-01T10:51:14","modified_gmt":"2024-12-01T15:51:14","slug":"sabastian-sawe-logra-la-mejor-marca-del-ano-20205-en-el-maraton-valencia-mas-emotivo","status":"publish","type":"post","link":"https:\/\/sportseco.com\/?p=176541","title":{"rendered":"Sabastian Sawe logra la mejor marca del a\u00f1o (2:02:05) en el Marat\u00f3n Valencia m\u00e1s emotivo"},"content":{"rendered":"\n<figure class=\"wp-block-image\"><img data-recalc-dims=\"1\" height=\"427\" width=\"640\" decoding=\"async\" src=\"https:\/\/i0.wp.com\/cdn1.valenciaciudaddelrunning.com\/wp-content\/uploads\/2024\/12\/maraton-vlc_24-034-1024x683.jpg?resize=640%2C427&#038;ssl=1\" alt=\"\" class=\"wp-image-187547\"\/><\/figure>\n\n\n\n<p>El debutante Sabastian Sawe ha ganado hoy Marat\u00f3n Valencia Trinidad Alfonso Zurich, organizado por la SD Correcaminos y el Ayuntamiento de Valencia, con un tiempo de 2:02:05, que, adem\u00e1s, se convierte en mejor marca del a\u00f1o arrebat\u00e1ndosela a Tokio (2:02:16).<\/p>\n\n\n\n<p>La 44 edici\u00f3n de la carrera, que ha rendido homenaje desde el primer momento a las v\u00edctimas y los afectados por la dana del pasado 29 de octubre, ha dejado en su vertiente deportiva resultados que, aunque no suponen nuevos r\u00e9cords, le afianzan entre los mejores del mundo.<\/p>\n\n\n\n<p>No ha sido hasta los \u00faltimos kil\u00f3metros de la carrera cuando Sawe ha tomado la cabeza del grupo para acabar ganando en el que es su primer marat\u00f3n. Por detr\u00e1s del keniano, han entrado en segundo lugar Deresa Geleta con 2:02:38, mejor marca personal para el et\u00edope, y en tercero Daniel Mateiko, que ha debutado con un gran 2:04:24.<\/p>\n\n\n\n<p>En categor\u00eda femenina, la ganadora ha sido Megertu Alemu con un tiempo de 2:16:49, y tras ella han entrado Stella Chesang, segunda, con 2:18:26 y Tiruye Mesfin, tercera, con 2:18:35.<\/p>\n\n\n\n<p>El primer espa\u00f1ol ha sido Ibrahim Chakir con un tiempo de 2:07:32, el segundo Dani Mateo con 2:08:57 y el tercero, Andreu Blanes 2:09:18, primer valenciano y r\u00e9cord de la Comunitat Valenciana. Entre las mujeres, la primera ha vuelto a ser Majida Maayouf, que se ha quedado a 26 segundos de su propio r\u00e9cord de Espa\u00f1a con 2:21:43. Tras ella, la segunda ha sido Laura Luengo, con 2:22:31, y tercera Fatima Ouhaddou, con 2:24:05.<\/p>\n\n\n\n<figure class=\"wp-block-image\"><img data-recalc-dims=\"1\" decoding=\"async\" src=\"https:\/\/i0.wp.com\/cdn1.valenciaciudaddelrunning.com\/wp-content\/uploads\/2024\/12\/maraton-vlc_24-059-scaled.jpg?w=640&#038;ssl=1\" alt=\"\" class=\"wp-image-187550\"\/><\/figure>\n\n\n\n<h2 class=\"wp-block-heading\"><strong>Emotivo homenaje<\/strong><\/h2>\n\n\n\n<p>Antes de la salida, la organizaci\u00f3n ha querido dar las gracias a todos los corredores enviando un mensaje en varios idiomas a todos los presentes, adem\u00e1s, ha sonado el himno de la Comunitat Valenciana y se ha guardado un emocionante minuto de silencio. Este homenaje se ha repetido en cada uno de los nueve disparos de salida que se han realizado y que, en esta ocasi\u00f3n, han estado a cargo de representantes de la sociedad civil y de los cuerpos de seguridad que han estado y contin\u00faan trabajando en las zonas afectadas, en concreto, una miembro del voluntariado, Polic\u00eda Local Valencia, UME, Polic\u00eda Nacional, Guardia Civil, Bomberos Valencia y Protecci\u00f3n Civil.<\/p>\n\n\n\n<p><\/p>\n\n\n\n<p>valenciaciudaddelrunning.com<\/p>\n","protected":false},"excerpt":{"rendered":"<p>El debutante Sabastian Sawe ha ganado hoy Marat\u00f3n Valencia Trinidad Alfonso Zurich, organizado por la SD Correcaminos y el Ayuntamiento de Valencia, con un tiempo de 2:02:05, que, adem\u00e1s, se convierte en mejor marca del a\u00f1o arrebat\u00e1ndosela a Tokio (2:02:16). La 44 edici\u00f3n de la carrera, que ha rendido homenaje desde el primer momento a [&hellip;]<\/p>\n","protected":false},"author":1,"featured_media":176542,"comment_status":"closed","ping_status":"closed","sticky":false,"template":"","format":"standard","meta":{"_acf_changed":false,"_jetpack_memberships_contains_paid_content":false,"footnotes":"","jetpack_publicize_message":"","jetpack_publicize_feature_enabled":true,"jetpack_social_post_already_shared":true,"jetpack_social_options":{"image_generator_settings":{"template":"highway","default_image_id":0,"font":"","enabled":false},"version":2}},"categories":[15],"tags":[],"class_list":["post-176541","post","type-post","status-publish","format-standard","has-post-thumbnail","hentry","category-atletismo"],"acf":[],"jetpack_publicize_connections":[],"jetpack_featured_media_url":"https:\/\/i0.wp.com\/sportseco.com\/wp-content\/uploads\/2024\/12\/maraton-vlc_24-034-2048x1365-1.jpg?fit=2048%2C1365&ssl=1","jetpack_sharing_enabled":true,"_links":{"self":[{"href":"https:\/\/sportseco.com\/index.php?rest_route=\/wp\/v2\/posts\/176541","targetHints":{"allow":["GET"]}}],"collection":[{"href":"https:\/\/sportseco.com\/index.php?rest_route=\/wp\/v2\/posts"}],"about":[{"href":"https:\/\/sportseco.com\/index.php?rest_route=\/wp\/v2\/types\/post"}],"author":[{"embeddable":true,"href":"https:\/\/sportseco.com\/index.php?rest_route=\/wp\/v2\/users\/1"}],"replies":[{"embeddable":true,"href":"https:\/\/sportseco.com\/index.php?rest_route=%2Fwp%2Fv2%2Fcomments&post=176541"}],"version-history":[{"count":1,"href":"https:\/\/sportseco.com\/index.php?rest_route=\/wp\/v2\/posts\/176541\/revisions"}],"predecessor-version":[{"id":176543,"href":"https:\/\/sportseco.com\/index.php?rest_route=\/wp\/v2\/posts\/176541\/revisions\/176543"}],"wp:featuredmedia":[{"embeddable":true,"href":"https:\/\/sportseco.com\/index.php?rest_route=\/wp\/v2\/media\/176542"}],"wp:attachment":[{"href":"https:\/\/sportseco.com\/index.php?rest_route=%2Fwp%2Fv2%2Fmedia&parent=176541"}],"wp:term":[{"taxonomy":"category","embeddable":true,"href":"https:\/\/sportseco.com\/index.php?rest_route=%2Fwp%2Fv2%2Fcategories&post=176541"},{"taxonomy":"post_tag","embeddable":true,"href":"https:\/\/sportseco.com\/index.php?rest_route=%2Fwp%2Fv2%2Ftags&post=176541"}],"curies":[{"name":"wp","href":"https:\/\/api.w.org\/{rel}","templated":true}]}}