{"id":176622,"date":"2024-12-03T08:02:57","date_gmt":"2024-12-03T13:02:57","guid":{"rendered":"https:\/\/sportseco.com\/?p=176622"},"modified":"2024-12-03T08:03:03","modified_gmt":"2024-12-03T13:03:03","slug":"dia-internacional-de-las-personas-con-discapacidad-3-de-diciembre-7","status":"publish","type":"post","link":"https:\/\/sportseco.com\/?p=176622","title":{"rendered":"D\u00eda Internacional de las Personas con Discapacidad, 3 de diciembre"},"content":{"rendered":"\n<h2 class=\"wp-block-heading\">Fomentar el liderazgo de las personas con discapacidad para un futuro m\u00e1s inclusivo y sostenible<\/h2>\n\n\n\n<p>El liderazgo de las personas con discapacidad queda plasmado en el lema del movimiento mundial por los derechos de las personas con discapacidad \u00abNada sobre nosotros sin nosotros\u00bb. En \u00e9l se condensan los principios de participaci\u00f3n, representaci\u00f3n e inclusi\u00f3n. Este lema pone de reieve, adem\u00e1s, la importancia de que las personas con discapacidad sean protagonistas en la toma de decisiones sobre sus vidas.<\/p>\n\n\n\n<p>Una de las prioridades de la agenda mundial sobre discapacidad es promover el liderazgo y la participaci\u00f3n activa de las personas con discapacidad. En las \u00faltimas d\u00e9cadas, estas personas y las organizaciones que los representan han impulsado cambios clave en sus comunidades, han llevado a cabo iniciativas que no solo promueven sus derechos y bienestar, sino que tambi\u00e9n fomentan el desarrollo inclusivo. Esto incluye garantizar el acceso universal a servicios b\u00e1sicos mediante enfoques espec\u00edficos y transversales, a trav\u00e9s de actividades como consultas, recopilaci\u00f3n y an\u00e1lisis de datos, as\u00ed como apoyo a los esfuerzos de promoci\u00f3n y rendici\u00f3n de cuentas.<\/p>\n\n\n\n<p>La conmemoraci\u00f3n del D\u00eda Internacional de las Personas con Discapacidad de 2024 coincide con un momento clave, marcado por grandes avances mundiales como la&nbsp;<a href=\"https:\/\/www.un.org\/es\/summit-of-the-future\">Cumbre del Futuro<\/a>&nbsp;y la&nbsp;<a href=\"https:\/\/social.desa.un.org\/second-world-summit-for-social-development\">Segunda Cumbre Mundial sobre Desarrollo Social<\/a>. Estas cumbres mundiales se complementar\u00e1n entre s\u00ed para proporcionar una hoja de ruta continua hacia una paz y un desarrollo sostenibles que incluyan la discapacidad. El tema del d\u00eda para 2024 resalta la necesidad de potenciar el liderazgo de las personas con discapacidad para garantizar un futuro inclusivo y sostenible para todas las personas.<\/p>\n\n\n\n<h3 class=\"wp-block-heading\">La Estrategia de las Naciones Unidas para la inclusi\u00f3n de la discapacidad<\/h3>\n\n\n\n<p>El 11 de junio de 2019, el Secretario General, Ant\u00f3nio Guterres, lanz\u00f3 la&nbsp;<a href=\"https:\/\/www.un.org\/es\/content\/disabilitystrategy\/\">Estrategia de las Naciones Unidas para la Inclusi\u00f3n de la Discapacidad<\/a>, acorde con su compromiso de hacer que las Naciones Unidas sean una organizaci\u00f3n inclusiva para todos.<\/p>\n\n\n\n<p>La&nbsp;<strong>Estrategia de las Naciones Unidas para la Inclusi\u00f3n de la Discapacidad<\/strong>&nbsp;constituye la base de un progreso sostenible y transformador hacia la inclusi\u00f3n de la discapacidad en todos los pilares de la labor de la ONU. Con esta estrategia, las organizaciones del sistema de la ONU reafirman que la realizaci\u00f3n plena y completa de los derechos humanos de todas las personas con discapacidad es un componente inalienable, indisociable e indivisible de todos los derechos humanos y libertades fundamentales.<\/p>\n\n\n\n<p>En 2024, el Secretario General present\u00f3 su&nbsp;<a href=\"https:\/\/www.un.org\/es\/disabilitystrategy\/sgreport\">quinto informe<\/a>&nbsp;sobre las medidas adoptadas por el sistema de las Naciones Unidas para aplicar la Estrategia de las Naciones Unidas para la Inclusi\u00f3n de las Personas con Discapacidad en 2022. En \u00e9l se rese\u00f1an los avances conseguidos para impulsar la inclusi\u00f3n de la discapacidad, se destacan los retos y oportunidades nuevos o permanentes que se presentan a trav\u00e9s de la aplicaci\u00f3n de la Estrategia. Adem\u00e1s, el informe esboza y esboza las \u00e1reas clave en las que hay que centrarse para seguir movilizando el sistema en favor de un mundo inclusivo, accesible y sostenible para todos.<\/p>\n\n\n\n<h3 class=\"wp-block-heading\">Evento commemorativo: Sede de la ONU, 3 de diciembre de 2024<\/h3>\n\n\n\n<p>El acto para celebrar el D\u00eda, constar\u00e1 de un segmento de apertura presencial en la sede de la ONU en Nueva York y un panel virtual.<\/p>\n\n\n\n<p><strong>De las 10 a las 11 horas (presencial): sesi\u00f3n inaugural<\/strong><\/p>\n\n\n\n<p>La inaufuraci\u00f3n ofrecer\u00e1 un repaso general a la agenda mundial sobre discapacidad durante el a\u00f1o pasado, as\u00ed como una mirada hacia los acontecimientos clave de la pol\u00edtica mundial que est\u00e1n por venir. Se pondr\u00e1n, por tanto, de relieve los avances y logros tras la Conferencia de los Estados Partes de Convenci\u00f3n sobre los derechos de las personas con discapacidad (17\u00aa sesi\u00f3n), la 79\u00aa sesi\u00f3n de la Asamblea General y la Cumbre del Futuro, adem\u00e1s de discutir la pr\u00f3xima Segunda Cumbre Mundial sobre Desarrollo Social (2025) y los esfuerzos en curso para hacer realidad la Agenda 2030 para el Desarrollo Sostenible para, con y por las personas con discapacidad.<\/p>\n\n\n\n<p><strong>De las 11.30 a las 13.15 horas (en l\u00ednea): mesa redonda<\/strong><\/p>\n\n\n\n<p>La mesa redonda, que seguir\u00e1 a la sesi\u00f3n inaugural, se organizar\u00e1 en formato virtual, con la participaci\u00f3n de expertos, defensores y dirigentes del movimiento mundial en favor de los derechos de las personas con discapacidad, y pondr\u00e1 de relieve las nuevas tendencias y oportunidades para amplificar las voces, la capacidad de acci\u00f3n y la actuaci\u00f3n de las personas con discapacidad en \u00e1mbitos clave relacionados con la paz y el desarrollo sostenibles e inclusivos para las personas con discapacidad.<\/p>\n\n\n\n<p>En la mesa redonda, se discutir\u00e1n los siguientes puntos:<\/p>\n\n\n\n<ul class=\"wp-block-list\">\n<li>la pr\u00f3xima Segunda Cumbre Mundial sobre Desarrollo Social;<\/li>\n\n\n\n<li>el quinto aniversario de la\u00a0<a href=\"https:\/\/undocs.org\/es\/s\/res\/2475(2019)\">Resoluci\u00f3n 2475 del Consejo de Seguridad de la ONU<\/a>,<\/li>\n\n\n\n<li>y la actual crisis clim\u00e1tica que afecta a las personas y al planeta en su conjunto.<\/li>\n<\/ul>\n\n\n\n<p><a href=\"https:\/\/social.desa.un.org\/sites\/default\/files\/inline-files\/Final-IDPD2024-draft-conceptnote.pdf\">Nota informativa en ingl\u00e9s<\/a><\/p>\n\n\n\n<h3 class=\"wp-block-heading\">Contexto<\/h3>\n\n\n\n<p>El D\u00eda Internacional de las Personas con Discapacidad fue declarado en 1992 por la Asamblea General de las Naciones Unidas mediante la&nbsp;<a href=\"https:\/\/undocs.org\/es\/A\/RES\/47\/3\">resoluci\u00f3n<\/a>&nbsp;<a href=\"http:\/\/undocs.org\/en\/A\/RES\/47\/3\">47\/3<\/a>. El objetivo es promover los derechos y el bienestar de las personas con discapacidades en todos los \u00e1mbitos de la sociedad y el desarrollo, as\u00ed como concienciar sobre su situaci\u00f3n en todos los aspectos de la vida pol\u00edtica, social, econ\u00f3mica y cultural.<\/p>\n\n\n\n<p>Tomando como base muchos a\u00f1os de trabajo de las Naciones Unidas en el \u00e1rea de las discapacidades, la&nbsp;<a href=\"https:\/\/www.un.org\/en\/content\/disabilitystrategy\/assets\/documentation\/UN_Disability_Inclusion_Strategy_spanish.pdf\">Convenci\u00f3n sobre los Derechos de las Personas con Discapacidad<\/a>, aprobada en 2006, ha avanzado a\u00fan m\u00e1s los derechos y el bienestar de estas personas en la&nbsp;<a href=\"https:\/\/www.un.org\/sustainabledevelopment\/es\/development-agenda\/\">Agenda 2030 para el Desarrollo Sostenible<\/a>&nbsp;y otros marcos de desarrollo internacionales, como el&nbsp;<a href=\"https:\/\/www.preventionweb.net\/files\/resolutions\/N1516720.pdf\">Marco de Send\u00e1i para la Reducci\u00f3n del Riesgo de Desastres<\/a>, la&nbsp;<a href=\"http:\/\/humanitariandisabilitycharter.org\/\">Carta sobre la Inclusi\u00f3n de las Personas con Discapacidad en la Acci\u00f3n Humanitaria<\/a>, la&nbsp;<a href=\"http:\/\/habitat3.org\/wp-content\/uploads\/NUA-Spanish.pdf\">Nueva Agenda Urbana<\/a>,&nbsp;y la&nbsp;<a href=\"https:\/\/sustainabledevelopment.un.org\/index.php?page=view&amp;type=400&amp;nr=2051&amp;menu=35\">Agenda de Acci\u00f3n de Addis Abeba sobre la Financiaci\u00f3n para el Desarrollo<\/a>.<\/p>\n\n\n\n<p><\/p>\n\n\n\n<p>un.org<\/p>\n","protected":false},"excerpt":{"rendered":"<p>Fomentar el liderazgo de las personas con discapacidad para un futuro m\u00e1s inclusivo y sostenible El liderazgo de las personas con discapacidad queda plasmado en el lema del movimiento mundial por los derechos de las personas con discapacidad \u00abNada sobre nosotros sin nosotros\u00bb. En \u00e9l se condensan los principios de participaci\u00f3n, representaci\u00f3n e inclusi\u00f3n. Este [&hellip;]<\/p>\n","protected":false},"author":1,"featured_media":176623,"comment_status":"closed","ping_status":"closed","sticky":false,"template":"","format":"standard","meta":{"_acf_changed":false,"_jetpack_memberships_contains_paid_content":false,"footnotes":"","jetpack_publicize_message":"","jetpack_publicize_feature_enabled":true,"jetpack_social_post_already_shared":true,"jetpack_social_options":{"image_generator_settings":{"template":"highway","default_image_id":0,"font":"","enabled":false},"version":2}},"categories":[6],"tags":[],"class_list":["post-176622","post","type-post","status-publish","format-standard","has-post-thumbnail","hentry","category-ecologia"],"acf":[],"jetpack_publicize_connections":[],"jetpack_featured_media_url":"https:\/\/i0.wp.com\/sportseco.com\/wp-content\/uploads\/2024\/12\/teachers-story-using-technology-learning_unicef.jpg?fit=1350%2C500&ssl=1","jetpack_sharing_enabled":true,"_links":{"self":[{"href":"https:\/\/sportseco.com\/index.php?rest_route=\/wp\/v2\/posts\/176622","targetHints":{"allow":["GET"]}}],"collection":[{"href":"https:\/\/sportseco.com\/index.php?rest_route=\/wp\/v2\/posts"}],"about":[{"href":"https:\/\/sportseco.com\/index.php?rest_route=\/wp\/v2\/types\/post"}],"author":[{"embeddable":true,"href":"https:\/\/sportseco.com\/index.php?rest_route=\/wp\/v2\/users\/1"}],"replies":[{"embeddable":true,"href":"https:\/\/sportseco.com\/index.php?rest_route=%2Fwp%2Fv2%2Fcomments&post=176622"}],"version-history":[{"count":1,"href":"https:\/\/sportseco.com\/index.php?rest_route=\/wp\/v2\/posts\/176622\/revisions"}],"predecessor-version":[{"id":176624,"href":"https:\/\/sportseco.com\/index.php?rest_route=\/wp\/v2\/posts\/176622\/revisions\/176624"}],"wp:featuredmedia":[{"embeddable":true,"href":"https:\/\/sportseco.com\/index.php?rest_route=\/wp\/v2\/media\/176623"}],"wp:attachment":[{"href":"https:\/\/sportseco.com\/index.php?rest_route=%2Fwp%2Fv2%2Fmedia&parent=176622"}],"wp:term":[{"taxonomy":"category","embeddable":true,"href":"https:\/\/sportseco.com\/index.php?rest_route=%2Fwp%2Fv2%2Fcategories&post=176622"},{"taxonomy":"post_tag","embeddable":true,"href":"https:\/\/sportseco.com\/index.php?rest_route=%2Fwp%2Fv2%2Ftags&post=176622"}],"curies":[{"name":"wp","href":"https:\/\/api.w.org\/{rel}","templated":true}]}}