{"id":176641,"date":"2024-12-03T12:13:22","date_gmt":"2024-12-03T17:13:22","guid":{"rendered":"https:\/\/sportseco.com\/?p=176641"},"modified":"2024-12-03T12:13:29","modified_gmt":"2024-12-03T17:13:29","slug":"calenos-a-debatir-sobre-los-desafios-de-la-planificacion-territorial-sostenible","status":"publish","type":"post","link":"https:\/\/sportseco.com\/?p=176641","title":{"rendered":"Cale\u00f1os, a debatir sobre los desaf\u00edos de la planificaci\u00f3n territorial sostenible"},"content":{"rendered":"\n<figure class=\"wp-block-image\"><img data-recalc-dims=\"1\" decoding=\"async\" src=\"https:\/\/i0.wp.com\/www.cali.gov.co\/planeacion\/publicaciones\/183921\/calenos-a-debatir-sobre-los-desafios-de-la-planificacion-territorial-sostenible\/info\/principal\/media\/pubInt\/thumbs\/thpub_700X400_183921.jpg?w=640&#038;ssl=1\" alt=\"Cale\u00f1os, a debatir sobre los desaf\u00edos de la planificaci\u00f3n territorial sostenible\"\/><\/figure>\n\n\n\n<blockquote class=\"wp-block-quote is-layout-flow wp-block-quote-is-layout-flow\">\n<ul class=\"wp-block-list\">\n<li><em>El pr\u00f3ximo viernes, 6 de diciembre, se realizar\u00e1 el foro \u2018Retos y desaf\u00edos de la planificaci\u00f3n en Cali con un enfoque sostenible\u2019, con participaci\u00f3n abierta de la comunidad.<\/em><br \/>\u00a0<\/li>\n\n\n\n<li><em>Se podr\u00e1n conocer detalles sobre la revisi\u00f3n y ajuste del Plan de Ordenamiento Territorial (POT) y el Plan Especial de Manejo y Protecci\u00f3n (PEMP) del Centro Hist\u00f3rico de Cali.<\/em><\/li>\n<\/ul>\n<\/blockquote>\n\n\n\n<p><strong>Santiago de Cali, 3 de diciembre de 2024<\/strong><br \/><br \/>El Departamento Administrativo de Planeaci\u00f3n Distrital realizar\u00e1 el foro \u2018Retos y desaf\u00edos de la planificaci\u00f3n en Cali con un enfoque sostenible\u2019, donde se busca plantear algunas reflexiones sobre la manera en c\u00f3mo debemos pensarnos la ciudad y el centro hist\u00f3rico, tomando como punto de partida nuestra riqueza ambiental. La gesti\u00f3n y protecci\u00f3n de nuestros recursos naturales debe ser uno de los pilares fundamentales para la planificaci\u00f3n de la ciudad y la gesti\u00f3n de su patrimonio cultural, por lo que resulta necesario aproximarse a estos planteamientos de forma cr\u00edtica e integral.<br \/><br \/>El evento, liderado por los equipos que trabajan en la revisi\u00f3n y ajuste del Plan de Ordenamiento Territorial (POT) y el Plan Especial de Manejo y Protecci\u00f3n (PEMP) del Centro Hist\u00f3rico de Cali, se realizar\u00e1 este viernes 6 de diciembre, en el Centro Cultural de Cali (Carrera 5 No. 6-05), auditorio principal, de 2:00 p.m. a 5:30 p.m.<br \/><br \/>Como parte de la agenda, habr\u00e1 un panel de discusi\u00f3n que ser\u00e1 moderado por Alexandro Banda, subdirector de Planificaci\u00f3n del Territorio. En \u00e9l, Diego Andr\u00e9s Giraldo, director del Departamento Administrativo de Planeaci\u00f3n, compartir\u00e1 con los asistentes una ponencia sobre los retos en la integraci\u00f3n de la sostenibilidad en la formulaci\u00f3n de ambos instrumentos de planificaci\u00f3n.<br \/><br \/>Asimismo, Diana Wiesner, arquitecta y activista en temas socioecol\u00f3gicos, disertar\u00e1 sobre la integraci\u00f3n de la sostenibilidad en el POT de Cali para responder a los desaf\u00edos ambientales actuales, mientras que Alberto Escovar Wilson \u2013 White, arquitecto experto en patrimonio cultural, compartir\u00e1 informaci\u00f3n sobre la puesta en valor del patrimonio natural en el enfoque de patrimonios integrados, a partir del enfoque que se est\u00e1 planteando en el PEMP CH de Cali.<br \/><br \/>Las personas interesadas en participar se pueden inscribir en el siguiente enlace<\/p>\n\n\n\n<p><strong>Comunicaciones Departamento Administrativo de Planeaci\u00f3n<\/strong><\/p>\n\n\n\n<p><\/p>\n\n\n\n<p>cali.gov.co<\/p>\n","protected":false},"excerpt":{"rendered":"<p>Santiago de Cali, 3 de diciembre de 2024 El Departamento Administrativo de Planeaci\u00f3n Distrital realizar\u00e1 el foro \u2018Retos y desaf\u00edos de la planificaci\u00f3n en Cali con un enfoque sostenible\u2019, donde se busca plantear algunas reflexiones sobre la manera en c\u00f3mo debemos pensarnos la ciudad y el centro hist\u00f3rico, tomando como punto de partida nuestra riqueza [&hellip;]<\/p>\n","protected":false},"author":1,"featured_media":176642,"comment_status":"closed","ping_status":"closed","sticky":false,"template":"","format":"standard","meta":{"_acf_changed":false,"_jetpack_memberships_contains_paid_content":false,"footnotes":"","jetpack_publicize_message":"","jetpack_publicize_feature_enabled":true,"jetpack_social_post_already_shared":true,"jetpack_social_options":{"image_generator_settings":{"template":"highway","default_image_id":0,"font":"","enabled":false},"version":2}},"categories":[6],"tags":[],"class_list":["post-176641","post","type-post","status-publish","format-standard","has-post-thumbnail","hentry","category-ecologia"],"acf":[],"jetpack_publicize_connections":[],"jetpack_featured_media_url":"https:\/\/i0.wp.com\/sportseco.com\/wp-content\/uploads\/2024\/12\/thpub_700X400_183921.jpg?fit=669%2C400&ssl=1","jetpack_sharing_enabled":true,"_links":{"self":[{"href":"https:\/\/sportseco.com\/index.php?rest_route=\/wp\/v2\/posts\/176641","targetHints":{"allow":["GET"]}}],"collection":[{"href":"https:\/\/sportseco.com\/index.php?rest_route=\/wp\/v2\/posts"}],"about":[{"href":"https:\/\/sportseco.com\/index.php?rest_route=\/wp\/v2\/types\/post"}],"author":[{"embeddable":true,"href":"https:\/\/sportseco.com\/index.php?rest_route=\/wp\/v2\/users\/1"}],"replies":[{"embeddable":true,"href":"https:\/\/sportseco.com\/index.php?rest_route=%2Fwp%2Fv2%2Fcomments&post=176641"}],"version-history":[{"count":1,"href":"https:\/\/sportseco.com\/index.php?rest_route=\/wp\/v2\/posts\/176641\/revisions"}],"predecessor-version":[{"id":176643,"href":"https:\/\/sportseco.com\/index.php?rest_route=\/wp\/v2\/posts\/176641\/revisions\/176643"}],"wp:featuredmedia":[{"embeddable":true,"href":"https:\/\/sportseco.com\/index.php?rest_route=\/wp\/v2\/media\/176642"}],"wp:attachment":[{"href":"https:\/\/sportseco.com\/index.php?rest_route=%2Fwp%2Fv2%2Fmedia&parent=176641"}],"wp:term":[{"taxonomy":"category","embeddable":true,"href":"https:\/\/sportseco.com\/index.php?rest_route=%2Fwp%2Fv2%2Fcategories&post=176641"},{"taxonomy":"post_tag","embeddable":true,"href":"https:\/\/sportseco.com\/index.php?rest_route=%2Fwp%2Fv2%2Ftags&post=176641"}],"curies":[{"name":"wp","href":"https:\/\/api.w.org\/{rel}","templated":true}]}}