{"id":176651,"date":"2024-12-03T14:10:47","date_gmt":"2024-12-03T19:10:47","guid":{"rendered":"https:\/\/sportseco.com\/?p=176651"},"modified":"2024-12-03T14:10:53","modified_gmt":"2024-12-03T19:10:53","slug":"el-cambio-climatico-en-la-corte-internacional-el-mayor-caso-jamas-presentado-ante-un-tribunal-mundial","status":"publish","type":"post","link":"https:\/\/sportseco.com\/?p=176651","title":{"rendered":"El cambio clim\u00e1tico en la Corte Internacional: el mayor caso jam\u00e1s presentado ante un tribunal mundial"},"content":{"rendered":"\n<p>La deforestaci\u00f3n libera carbono a la atmosfera, lo que contribuye al cambio clim\u00e1tico y degrada los bosques.<\/p>\n\n\n\n<p>Vanuatu, un peque\u00f1o estado insular del Pac\u00edfico, inici\u00f3 un largo camino que ha llevado a la plantear a que el tribunal se pronuncie acerca de la aplicaci\u00f3n del derechos internacional en cuestiones de cambio clim\u00e1tico. Aunque su dictamen no ser\u00e1 vinculante, marcar\u00e1 sin duda todas las relaciones legales de los Estados sobe el calentamiento global en el futuro.<\/p>\n\n\n\n<p>El&nbsp;<a href=\"https:\/\/news.un.org\/es\/news\/topic\/climate-change\">cambio clim\u00e1tico<\/a>&nbsp;ha llegado a la justicia&nbsp; de la mano de la&nbsp;<a href=\"https:\/\/www.un.org\/es\/ga\/about\/index.shtml\">Asamblea General<\/a>*, que pidi\u00f3 a la&nbsp;<a href=\"https:\/\/www.icj-cij.org\/es\" target=\"_blank\" rel=\"noreferrer noopener\">Corte Internacional de Justicia<\/a>&nbsp;una opini\u00f3n consultiva para que se aclare cu\u00e1les son las obligaciones jur\u00eddicas de los Estados con respeto al calentamiento global en virtud del derecho internacional, as\u00ed como las consecuencias de su incumplimiento.<\/p>\n\n\n\n<p>Las audiencias del cambio clim\u00e1tico, que est\u00e1n previstas del 2 al 13 de diciembre en La Haya (Pa\u00edses Bajos), donde tiene su sede la Corte, van a generar un n\u00famero r\u00e9cord de declaraciones orales de los Estados, lo que convertir\u00e1 este proceso en el mayor caso presentado ante un tribunal de rango internacional.<\/p>\n\n\n\n<p>Noticias ONU ha preparado este art\u00edculo explicativo con cuatros cuestiones clave que hay que saber sobre este hist\u00f3rico proceso:<\/p>\n\n\n\n<h2 class=\"wp-block-heading\">1. \u00bfDe qu\u00e9 tratan las audiencias?<\/h2>\n\n\n\n<p>Las audiencias versan en general sobre las obligaciones de los Estados en relaci\u00f3n con el cambio clim\u00e1tico y las consecuencias jur\u00eddicas de dichas obligaciones. Representan as\u00ed los esfuerzos de la comunidad internacional por&nbsp;<strong>establecer un marco jur\u00eddico para hacer frente al cambio clim\u00e1tico<\/strong>.<\/p>\n\n\n\n<p>En otras palabras, la Corte debe aclarar el alcance del derecho internacional en materia de cambio clim\u00e1tico. Esa opini\u00f3n, influir\u00e1 despu\u00e9s en cualquier proceso multilateral relacionado con la lucha contra este devastador fen\u00f3meno provocado por la mano del hombre.<\/p>\n\n\n\n<p>La decisi\u00f3n de la Corte se forma entorno a dos cuestiones centrales que se plantean al Tribunal. La primera la de cu\u00e1les son las obligaciones de los Estados a la hora de garantizar la protecci\u00f3n del sistema clim\u00e1tico y otras partes del medio ambiente&nbsp;<strong>para las generaciones presentes y futuras.&nbsp;<\/strong>La segunda cu\u00e1les son las consecuencias jur\u00eddicas los Estados, por sus actos y omisiones, hayan causado da\u00f1os significativos al sistema clim\u00e1tico y otras partes del medio ambiente.<\/p>\n\n\n\n<p>Esa segunda cuesti\u00f3n debe aclarar, en particular, cu\u00e1les son esas consecuencias en los da\u00f1os causados a los peque\u00f1os Estados insulares en desarrollo, as\u00ed como para los pueblos y personas de las generaciones presentes y futuras afectados por los efectos adversos del cambio clim\u00e1tico.<\/p>\n\n\n\n<figure class=\"wp-block-image\"><img data-recalc-dims=\"1\" decoding=\"async\" src=\"https:\/\/i0.wp.com\/global.unitednations.entermediadb.net\/assets\/mediadb\/services\/module\/asset\/downloads\/preset\/Libraries\/Production%20Library\/25-09-2024-GA_debate_small_islands.jpg\/image1170x530cropped.jpg?w=640&#038;ssl=1\" alt=\"Ni\u00f1os de una isla del Pac\u00edfico en una zona muy afectada por la subida del nivel del mar y la erosi\u00f3n costera. \" title=\"Ni\u00f1os de una isla del Pac\u00edfico en una zona muy afectada por la subida del nivel del mar y la erosi\u00f3n costera. \"\/><\/figure>\n\n\n\n<p>\u00a9 UNICEF\/Vlad Sokhin<\/p>\n\n\n\n<p>Ni\u00f1os de una isla del Pac\u00edfico en una zona muy afectada por la subida del nivel del mar y la erosi\u00f3n costera.<\/p>\n\n\n\n<h2 class=\"wp-block-heading\">2.&nbsp;&nbsp;&nbsp;&nbsp;&nbsp;&nbsp;&nbsp; \u00bfC\u00f3mo lleg\u00f3 este caso a la Corte Internacional?<\/h2>\n\n\n\n<p>En septiembre de 2021, el archipi\u00e9lago de Vanuatu, en el Pac\u00edfico, anunci\u00f3 su intenci\u00f3n de solicitar una opini\u00f3n consultiva de la Corte sobre el cambio clim\u00e1tico a ra\u00edz de una iniciativa impulsada por el grupo juvenil&nbsp;<em>Pacific Island Students Fighting Climate Change<\/em>&nbsp;(Estudiantes de las islas del Pac\u00edfico que luchan contra el cambio clim\u00e1tico). Vanuatu dijo que la opini\u00f3n era necesaria debido a su vulnerabilidad y a la de otros peque\u00f1os Estados insulares en desarrollo al cambio clim\u00e1tico y a la necesidad de aumentar las medidas para hacer frente a la crisis clim\u00e1tica mundial.<\/p>\n\n\n\n<p>Vanuatu presion\u00f3 entonces a otros pa\u00edses para que apoyaran esta iniciativa y form\u00f3 el grupo central de Estados miembros de la ONU para llevarla adelante en la Asamblea General.<\/p>\n\n\n\n<p>Los debates en el seno del grupo central condujeron a la elaboraci\u00f3n de la resoluci\u00f3n A\/RES\/77\/276, que finalmente fue adoptada por la Asamblea General el 29 de marzo de 2023. Un total de 132 pa\u00edses copatrocinaron la resoluci\u00f3n.<\/p>\n\n\n\n<p>La resoluci\u00f3n se basaba en la \u00abespecial consideraci\u00f3n\u00bb de la Carta de las Naciones Unidas y otros instrumentos jur\u00eddicos internacionales, entre ellos la Declaraci\u00f3n Universal de los Derechos Humanos, \u00ab<strong>del principio de prevenci\u00f3n de da\u00f1os significativos al medio ambiente y el deber de proteger y preservar el medio marino<\/strong>\u00bb.<\/p>\n\n\n\n<p>La petici\u00f3n fue transmitida al Tribunal por el&nbsp;<a href=\"https:\/\/www.un.org\/sg\/es\">Secretario General<\/a>&nbsp;de la ONU en una carta fechada el 12 de abril de 2023.<\/p>\n\n\n\n<h2 class=\"wp-block-heading\">3.&nbsp;&nbsp;&nbsp;&nbsp;&nbsp;&nbsp;&nbsp; \u00bfPor qu\u00e9 es tan importante este asunto?<\/h2>\n\n\n\n<p>Este caso es el m\u00e1s grande jam\u00e1s visto por el tribunal mundial, con 91 declaraciones escritas presentadas en la secretar\u00eda del tribunal junto con 62 comentarios escritos sobre estas declaraciones presentados antes de la fecha l\u00edmite ampliada del tribunal del 15 de agosto de 2024.<\/p>\n\n\n\n<p>Un n\u00famero r\u00e9cord similar de 97 Estados y once organizaciones internacionales participar\u00e1n en las vistas orales. Estas audiencias son una oportunidad para que los pa\u00edses y las organizaciones ampl\u00eden sus declaraciones escritas y testifiquen directamente.<\/p>\n\n\n\n<p>Las audiencias revisten especial importancia para los peque\u00f1os Estados insulares en desarrollo, que fueron los que inicialmente impulsaron el dictamen.<\/p>\n\n\n\n<p>Es significativo que se celebren justo una semana despu\u00e9s de que los pa\u00edses en desarrollo criticaran el acuerdo alcanzado en la&nbsp;<a href=\"https:\/\/news.un.org\/es\/events\/cop29\">COP29<\/a>&nbsp;de&nbsp;<a href=\"https:\/\/news.un.org\/es\/story\/2024\/11\/1534571\">aportar 300.000 millones de d\u00f3lares<\/a>&nbsp;al a\u00f1o en financiaci\u00f3n clim\u00e1tica para 2035,&nbsp;<strong>calific\u00e1ndolo de \u00abinsultante\u00bb y argumentando que no les proporcionaba los recursos vitales que necesitan<\/strong>&nbsp;para abordar realmente las complejidades de la crisis clim\u00e1tica.<\/p>\n\n\n\n<p>\u00abNos estamos hundiendo literalmente\u00bb, declar\u00f3 un representante tras la COP29, se\u00f1alando que el acuerdo pon\u00eda de manifiesto \u201cen qu\u00e9 barco tan diferente se encuentran nuestros pa\u00edses vulnerables en comparaci\u00f3n con los pa\u00edses desarrollados\u201d.<\/p>\n\n\n\n<p>Con los peque\u00f1os estados insulares en desarrollo enfrent\u00e1ndose ya a algunos de los peores impactos del cambio clim\u00e1tico, estas audiencias son vitales para establecer un marco m\u00e1s s\u00f3lido de responsabilidad que establezca obligaciones legales internacionales claras para la acci\u00f3n clim\u00e1tica.<\/p>\n\n\n\n<figure class=\"wp-block-image\"><img data-recalc-dims=\"1\" decoding=\"async\" src=\"https:\/\/i0.wp.com\/global.unitednations.entermediadb.net\/assets\/mediadb\/services\/module\/asset\/downloads\/preset\/Libraries\/Production%20Library\/09-11-2023-UN-Photo-ICJ-04.jpg\/image1170x530cropped.jpg?w=640&#038;ssl=1\" alt=\"El Palacio de la Paz, en La Haya, es sede de la Corte Internacional de Justicia.\" title=\"El Palacio de la Paz, en La Haya, es sede de la Corte Internacional de Justicia.\"\/><\/figure>\n\n\n\n<p>ONU<\/p>\n\n\n\n<p>El Palacio de la Paz, en La Haya, es sede de la Corte Internacional de Justicia.<\/p>\n\n\n\n<h2 class=\"wp-block-heading\">4.&nbsp;&nbsp;&nbsp;&nbsp;&nbsp;&nbsp;&nbsp; \u00bfQu\u00e9 efectos puede tener una opini\u00f3n consultiva?<\/h2>\n\n\n\n<p>A diferencia de las sentencias en casos contenciosos,&nbsp;<strong>las opiniones consultivas del Tribunal no son vinculantes<\/strong>. Aclaran cuestiones jur\u00eddicas. El \u00f3rgano, organismo u organizaci\u00f3n solicitante -la Asamblea General en este caso concreto- sigue siendo libre de decidir, seg\u00fan estime oportuno, qu\u00e9 efecto dar a estas opiniones.<\/p>\n\n\n\n<p>Sin embargo, aunque no son vinculantes, las opiniones consultivas&nbsp;<strong>tienen \u00abun valor de autoridad y no pueden descuidarse\u00bb<\/strong>, seg\u00fan dijo el Secretario de la Corte en una entrevista reciente con Noticias ONU. Conllevan una gran autoridad moral por parte del que se considera el m\u00e1s alto tribunal del mundo y el principal \u00f3rgano judicial de la ONU.<\/p>\n\n\n\n<p>Este dictamen sobre el cambio clim\u00e1tico&nbsp;<strong>puede contribuir a fundamentar procedimientos judiciales posteriores, como casos nacionales<\/strong>, influir en el proceso diplom\u00e1tico y probablemente se citar\u00e1 en miles de pleitos relacionados con el clima en todo el mundo, incluidos aquellos en los que los peque\u00f1os Estados insulares solicitan indemnizaciones a las naciones desarrolladas por da\u00f1os clim\u00e1ticos hist\u00f3ricos, seg\u00fan una fuente de los medios de comunicaci\u00f3n.<\/p>\n\n\n\n<p>El Secretario General de la ONU, Ant\u00f3nio Guterres, ha declarado que este dictamen ayudar\u00e1 a la Asamblea General, a las Naciones Unidas y a los Estados miembros a \u00abadoptar las medidas clim\u00e1ticas m\u00e1s audaces y firmes que nuestro mundo necesita tan desesperadamente\u00bb.<\/p>\n\n\n\n<p>\u00abTambi\u00e9n podr\u00eda orientar las acciones y la conducta de los Estados en sus relaciones entre s\u00ed, as\u00ed como hacia sus propios ciudadanos. Esto es esencial\u00bb, subray\u00f3.<\/p>\n\n\n\n<p><em>*La Asamblea General de la ONU es el mayor \u00f3rgano de deliberaci\u00f3n que tiene el mundo, donde se sientan 193 Estados.<\/em><\/p>\n\n\n\n<p><\/p>\n\n\n\n<p>news.un.org<\/p>\n","protected":false},"excerpt":{"rendered":"<p>La deforestaci\u00f3n libera carbono a la atmosfera, lo que contribuye al cambio clim\u00e1tico y degrada los bosques. Vanuatu, un peque\u00f1o estado insular del Pac\u00edfico, inici\u00f3 un largo camino que ha llevado a la plantear a que el tribunal se pronuncie acerca de la aplicaci\u00f3n del derechos internacional en cuestiones de cambio clim\u00e1tico. Aunque su dictamen [&hellip;]<\/p>\n","protected":false},"author":1,"featured_media":176652,"comment_status":"closed","ping_status":"closed","sticky":false,"template":"","format":"standard","meta":{"_acf_changed":false,"_jetpack_memberships_contains_paid_content":false,"footnotes":"","jetpack_publicize_message":"","jetpack_publicize_feature_enabled":true,"jetpack_social_post_already_shared":true,"jetpack_social_options":{"image_generator_settings":{"template":"highway","default_image_id":0,"font":"","enabled":false},"version":2}},"categories":[6],"tags":[],"class_list":["post-176651","post","type-post","status-publish","format-standard","has-post-thumbnail","hentry","category-ecologia"],"acf":[],"jetpack_publicize_connections":[],"jetpack_featured_media_url":"https:\/\/i0.wp.com\/sportseco.com\/wp-content\/uploads\/2024\/12\/image1170x530cropped.jpg?fit=1170%2C530&ssl=1","jetpack_sharing_enabled":true,"_links":{"self":[{"href":"https:\/\/sportseco.com\/index.php?rest_route=\/wp\/v2\/posts\/176651","targetHints":{"allow":["GET"]}}],"collection":[{"href":"https:\/\/sportseco.com\/index.php?rest_route=\/wp\/v2\/posts"}],"about":[{"href":"https:\/\/sportseco.com\/index.php?rest_route=\/wp\/v2\/types\/post"}],"author":[{"embeddable":true,"href":"https:\/\/sportseco.com\/index.php?rest_route=\/wp\/v2\/users\/1"}],"replies":[{"embeddable":true,"href":"https:\/\/sportseco.com\/index.php?rest_route=%2Fwp%2Fv2%2Fcomments&post=176651"}],"version-history":[{"count":1,"href":"https:\/\/sportseco.com\/index.php?rest_route=\/wp\/v2\/posts\/176651\/revisions"}],"predecessor-version":[{"id":176653,"href":"https:\/\/sportseco.com\/index.php?rest_route=\/wp\/v2\/posts\/176651\/revisions\/176653"}],"wp:featuredmedia":[{"embeddable":true,"href":"https:\/\/sportseco.com\/index.php?rest_route=\/wp\/v2\/media\/176652"}],"wp:attachment":[{"href":"https:\/\/sportseco.com\/index.php?rest_route=%2Fwp%2Fv2%2Fmedia&parent=176651"}],"wp:term":[{"taxonomy":"category","embeddable":true,"href":"https:\/\/sportseco.com\/index.php?rest_route=%2Fwp%2Fv2%2Fcategories&post=176651"},{"taxonomy":"post_tag","embeddable":true,"href":"https:\/\/sportseco.com\/index.php?rest_route=%2Fwp%2Fv2%2Ftags&post=176651"}],"curies":[{"name":"wp","href":"https:\/\/api.w.org\/{rel}","templated":true}]}}