{"id":176660,"date":"2024-12-03T17:41:41","date_gmt":"2024-12-03T22:41:41","guid":{"rendered":"https:\/\/sportseco.com\/?p=176660"},"modified":"2024-12-03T17:41:46","modified_gmt":"2024-12-03T22:41:46","slug":"mascherano-entusiasmado-por-su-rol-en-inter-miami-es-un-privilegio-estar-aqui","status":"publish","type":"post","link":"https:\/\/sportseco.com\/?p=176660","title":{"rendered":"Mascherano entusiasmado por su rol en Inter Miami: \u201cEs un privilegio estar aqu\u00ed\u201d"},"content":{"rendered":"\n<p><strong>Inter Miami CF<\/strong>&nbsp;present\u00f3 la cara m\u00e1s nueva del Club la tarde de este martes, con el&nbsp;<a href=\"https:\/\/es.intermiamicf.com\/noticias\/inter-miami-cf-nombra-a-javier-mascherano-como-director-tecnico\">recientemente nombrado director Javier Mascherano<\/a>&nbsp;compareciendo ante los medios por primera vez junto al propietario gerente Jorge Mas en una rueda de prensa en Chase Stadium.<\/p>\n\n\n\n<p>\u201cMe agrada mucho hoy poder presentar a Javier como el l\u00edder de nuestro club, para nosotros seguir so\u00f1ando, para seguir alcanzando t\u00edtulos y las metas que nosotros como propietarios, como club, nos hemos puesto por delante\u201d, dijo Mas. \u201c\u00c9l representa lo que queremos. \u00c9l representa la pasi\u00f3n, el trabajo duro. Su trayectoria como jugador en las m\u00e1s altas esferas del f\u00fatbol fue extraordinaria. tiene una experiencia para nosotros descomunal en el hecho que ha sido el entrenador de algunas nuestras promesas j\u00f3venes y tiene experiencia con los jugadores m\u00e1s importantes de este club. Pero lo m\u00e1s importante son sus caracter\u00edsticas humanas, sus valores y su filosof\u00eda de entrenamiento. Para m\u00ed, tenerlo en representaci\u00f3n de nuestro club, d\u00eda a d\u00eda, es un orgullo personal\u201d.<\/p>\n\n\n\n<p>\u201cEs un placer, un privilegio poder estar ac\u00e1. La verdad que es un reto may\u00fasculo para m\u00ed poder entrenar a este club que tiene un proyecto muy ambicioso. Que tiene obviamente grandes nombres, pero tambi\u00e9n gente muy joven que he tenido la suerte tambi\u00e9n de entrenar. As\u00ed que nada, con muchas ganas, mucha ilusi\u00f3n, por esta gran oportunidad que se me presenta en mi carrera\u201d, manifest\u00f3 Mascherano.<\/p>\n\n\n\n<p>Con su nombramiento, la historia de Mascherano para incorporarse a Inter Miami finalmente se concreta luego de casi formar parte de la plantilla inaugural del Club en el 2020. En particular, en su llegada se reencuentra con varios rostros conocidos. Comparti\u00f3 sobre los terrenos de juego con Jordi Alba, Sergio Busquets, Lionel Messi y Luis Su\u00e1rez en su \u00e9poca como jugador, y m\u00e1s recientemente trabaj\u00f3 con con varias de las estrellas emergentes Inter Miami en diferentes etapas durante su tiempo al frente de la selecci\u00f3n nacional Sub-20 y la selecci\u00f3n Ol\u00edmpica de Argentina: Tom\u00e1s Avil\u00e9s (quien form\u00f3 parte de la convocatoria de Argentina para la Copa Mundial Sub-20 de la FIFA 2023), Benjamin Cremaschi, Facundo Far\u00edas y Federico Redondo.<\/p>\n\n\n\n<p>\u201cNos pasamos una noche entera en mi despacho en Miami, hablando de f\u00fatbol, de su filosof\u00eda. En ese entonces era para intentar contratar a Javier para jugar un a\u00f1o aqu\u00ed como jugador, el primer a\u00f1o de Inter Miami en el 2020, y despu\u00e9s quedarse como entrenador y ayudarnos en el f\u00fatbol formativo\u2026 Y por alguna raz\u00f3n no se concret\u00f3. Pero cinco a\u00f1os despu\u00e9s, est\u00e1 aqu\u00ed. As\u00ed que es el destino\u201d.<\/p>\n\n\n\n<p>Mascherano, conocido en el mundo del f\u00fatbol durante su distinguida carrera como jugador como&nbsp;<em>El Jefecito<\/em>, se mostr\u00f3 con gran entusiasmo y determinaci\u00f3n de cara a su primera campa\u00f1a al mando del en la que ser\u00e1 su primera temporada dirigiendo a un club.<\/p>\n\n\n\n<p><strong>\u201c<\/strong>Es un desaf\u00edo. Uno puede tomar las cosas de diferentes maneras, yo lo tomo como un gran desaf\u00edo donde se me ha presentado una oportunidad que no estaba en mi cabeza, mi cabeza estaba en estar preparando el torneo sudamericano con la selecci\u00f3n juvenil. Se present\u00f3 esta oportunidad y claramente vi una gran oportunidad para dar un paso importante en mi carrera como entrenador y bueno, ac\u00e1 estamos. Creo que de eso se trata, hay que ser valiente cuando uno ve una oportunidad, hay que aferrarse a ella y tratar de dar lo mejor, no hay muchas vueltas que darle a las cosas, y soy muy optimista que las cosas van a ir bien\u201d.<\/p>\n\n\n\n<p><em>El Jefe<\/em>&nbsp;ahora est\u00e1 listo para poner manos a la obra, con una temporada 2025 en la que Inter Miami competir\u00e1 en varios frentes en el horizonte.<\/p>\n\n\n\n<p>\u201cLo que uno tiene que prometer es trabajar para tener un equipo competitivo. Creo que el objetivo del Club es luchar por todas las competencias en las que tenga que competir y luchar significa pelear hasta el \u00faltimo momento, teniendo opciones de t\u00edtulos en todas las competencias.<\/p>\n\n\n\n<p>\u201cNosotros tenemos que armar el mejor plantel posible para poder competir con nuestras armas y hacer, sobre todo en lo que puede ser el Mundial de Clubes, el mejor papel posible. Con respecto a las otras competiciones, creo que estamos en condiciones de poder competir de igual a igual y poder tener opciones de llegar hasta el final con la ambici\u00f3n de ganar t\u00edtulos\u201d, concluy\u00f3.<\/p>\n\n\n\n<p><\/p>\n\n\n\n<p>intermiamicf.com<\/p>\n","protected":false},"excerpt":{"rendered":"<p>Inter Miami CF&nbsp;present\u00f3 la cara m\u00e1s nueva del Club la tarde de este martes, con el&nbsp;recientemente nombrado director Javier Mascherano&nbsp;compareciendo ante los medios por primera vez junto al propietario gerente Jorge Mas en una rueda de prensa en Chase Stadium. \u201cMe agrada mucho hoy poder presentar a Javier como el l\u00edder de nuestro club, para [&hellip;]<\/p>\n","protected":false},"author":1,"featured_media":176661,"comment_status":"closed","ping_status":"closed","sticky":false,"template":"","format":"standard","meta":{"_acf_changed":false,"_jetpack_memberships_contains_paid_content":false,"footnotes":"","jetpack_publicize_message":"","jetpack_publicize_feature_enabled":true,"jetpack_social_post_already_shared":true,"jetpack_social_options":{"image_generator_settings":{"template":"highway","default_image_id":0,"font":"","enabled":false},"version":2}},"categories":[5],"tags":[],"class_list":["post-176660","post","type-post","status-publish","format-standard","has-post-thumbnail","hentry","category-futbol"],"acf":[],"jetpack_publicize_connections":[],"jetpack_featured_media_url":"https:\/\/i0.wp.com\/sportseco.com\/wp-content\/uploads\/2024\/12\/ypjkw0brcvrt0okmntcc.webp?fit=2560%2C1440&ssl=1","jetpack_sharing_enabled":true,"_links":{"self":[{"href":"https:\/\/sportseco.com\/index.php?rest_route=\/wp\/v2\/posts\/176660","targetHints":{"allow":["GET"]}}],"collection":[{"href":"https:\/\/sportseco.com\/index.php?rest_route=\/wp\/v2\/posts"}],"about":[{"href":"https:\/\/sportseco.com\/index.php?rest_route=\/wp\/v2\/types\/post"}],"author":[{"embeddable":true,"href":"https:\/\/sportseco.com\/index.php?rest_route=\/wp\/v2\/users\/1"}],"replies":[{"embeddable":true,"href":"https:\/\/sportseco.com\/index.php?rest_route=%2Fwp%2Fv2%2Fcomments&post=176660"}],"version-history":[{"count":1,"href":"https:\/\/sportseco.com\/index.php?rest_route=\/wp\/v2\/posts\/176660\/revisions"}],"predecessor-version":[{"id":176662,"href":"https:\/\/sportseco.com\/index.php?rest_route=\/wp\/v2\/posts\/176660\/revisions\/176662"}],"wp:featuredmedia":[{"embeddable":true,"href":"https:\/\/sportseco.com\/index.php?rest_route=\/wp\/v2\/media\/176661"}],"wp:attachment":[{"href":"https:\/\/sportseco.com\/index.php?rest_route=%2Fwp%2Fv2%2Fmedia&parent=176660"}],"wp:term":[{"taxonomy":"category","embeddable":true,"href":"https:\/\/sportseco.com\/index.php?rest_route=%2Fwp%2Fv2%2Fcategories&post=176660"},{"taxonomy":"post_tag","embeddable":true,"href":"https:\/\/sportseco.com\/index.php?rest_route=%2Fwp%2Fv2%2Ftags&post=176660"}],"curies":[{"name":"wp","href":"https:\/\/api.w.org\/{rel}","templated":true}]}}