{"id":176663,"date":"2024-12-03T17:44:53","date_gmt":"2024-12-03T22:44:53","guid":{"rendered":"https:\/\/sportseco.com\/?p=176663"},"modified":"2024-12-03T17:44:59","modified_gmt":"2024-12-03T22:44:59","slug":"crece-la-primera-plantacion-de-cana-sobre-un-suelo-minero","status":"publish","type":"post","link":"https:\/\/sportseco.com\/?p=176663","title":{"rendered":"Crece la primera plantaci\u00f3n de ca\u00f1a sobre un suelo minero"},"content":{"rendered":"\n<p>Sobre la plataforma de desechos de una mina de carb\u00f3n a cielo abierto en Titirib\u00ed (Antioquia) creci\u00f3 un ca\u00f1aduzal. Este proceso, que de manera natural tomar\u00eda milenios, fue posible en cuesti\u00f3n de meses tras aplicar t\u00e9cnicas sencillas y econ\u00f3micas \u2013pioneras en Am\u00e9rica Latina\u2013 para convertir en un suelo nuevamente f\u00e9rtil los escombros inertes que dejan las excavadoras a su paso.<\/p>\n\n\n\n<p>Laura Franco Salazar | Periodista Unimedios Sede Medell\u00edn<\/p>\n\n\n\n<p>La profesora Edna Ivonne Leiva y uno de sus estudiantes observan la inflorescencia del ca\u00f1aduzal, se\u00f1al de que se debe cosechar pronto. Fotos: Laura Franco, Unimedios Medell\u00edn.<\/p>\n\n\n\n<p>La mina se ve en el horizonte como un inmenso agujero gris que interrumpe la continuidad verde y ondulante de la cordillera. \u201cLa monta\u00f1a se mueve\u201d, dice uno de los operarios para advertir que el camino hasta la plantaci\u00f3n de ca\u00f1a ser\u00e1 distinto al de la \u00faltima vez, producto de las excavaciones para extraer carb\u00f3n.<\/p>\n\n\n\n<p>El carro avanza entre colinas desgastadas hasta que el paso se estrecha tanto, que se debe continuar a pie. \u201cLa semana pasada la camioneta llegaba hasta all\u00e1\u201d, cuenta la profesora Edna Ivonne Leiva, de la Facultad de Ciencias Agrarias de la Universidad Nacional de Colombia (UNAL), quien desde hace m\u00e1s de 2 a\u00f1os visita la mina con el profesor Ramiro Ram\u00edrez Pisco persiguiendo un prop\u00f3sito casi divino: que crezca vida en un suelo muerto.<\/p>\n\n\n\n<p>\u201cPara la extracci\u00f3n en minas a cielo abierto se debe remover varios mantos aleda\u00f1os al de carb\u00f3n. Por eso el paisaje cambia cada d\u00eda, mueven tierra de un lado para otro lado, sacan el carb\u00f3n y en hondonadas depositan los est\u00e9riles. Esas vetas negras de all\u00e1, eso es el carb\u00f3n\u201d, agrega la investigadora Leiva se\u00f1alando un cerro desnudo custodiado por una excavadora y un par de volquetas.<\/p>\n\n\n\n<p><img data-recalc-dims=\"1\" decoding=\"async\" src=\"https:\/\/i0.wp.com\/periodico.unal.edu.co\/uploads\/2024\/diciembre\/PeriodicoUNAL-031224-2-am.jpg?w=640&#038;ssl=1\" alt=\"La miner\u00eda de carb\u00f3n es una de las actividades extractivas m\u00e1s contaminantes del mundo.\"\/>La miner\u00eda de carb\u00f3n es una de las actividades extractivas m\u00e1s contaminantes del mundo.<\/p>\n\n\n\n<p>Obtener este mineral es una de las actividades extractivas m\u00e1s contaminantes del mundo: modifica la corteza terrestre, disminuye la biodiversidad, genera grandes cantidades de residuos, degrada la calidad del aire, el suelo y el agua. Su impacto es tan fuerte que, para no superar los 1,5\u00b0C de temperatura global en 2050, habr\u00eda que evitar explotar el 88% de las reservas de carb\u00f3n conocidas hasta la fecha.<\/p>\n\n\n\n<p>Estos efectos se ven en Titirib\u00ed, donde el entorno se mantiene absolutamente gris hasta que, al girar a la izquierda, sobre una monta\u00f1a de residuos aparece el sembrado de ca\u00f1a de az\u00facar de media hect\u00e1rea y plantas de m\u00e1s de 3m de alto. \u201cEsto no existe en ninguna otra parte de Colombia ni de Latinoam\u00e9rica. Es el primer cultivo comestible sembrado sobre una plataforma de residuos de miner\u00eda\u201d, explica el profesor Ram\u00edrez.<\/p>\n\n\n\n<h3 class=\"wp-block-heading\">Crear suelo: de millones de a\u00f1os a meses<\/h3>\n\n\n\n<p>El primer brote de \u00e9xito en el proyecto fue el enraizamiento de una pastura en un predio cercano, en el que los investigadores extendieron una capa de suelo hecho en laboratorio sobre la plataforma minera, pero la emoci\u00f3n es mucho mayor ahora porque lograron obtener un cultivo para consumo humano del que se puede obtener panela.<\/p>\n\n\n\n<p>Este trabajo inici\u00f3 en los laboratorios de la Facultad de Ciencias Agrarias de la UNAL Sede Medell\u00edn, donde ambos docentes con estudiantes de pregrado y posgrado han creado suelo a partir de escombros, adicionando materia org\u00e1nica y otros residuos, sobre los que han crecido pimentones, frijoles y cal\u00e9ndulas.<\/p>\n\n\n\n<p>\u201cSe llaman tecnosuelos o tecnosoles porque m\u00e1s del 20% de los materiales son externos. Para este caso tomamos los desechos de la mina llamados \u201cest\u00e9riles\u201d porque no tienen capacidad combustible. Por 1 tonelada de carb\u00f3n se generan 10 toneladas de estos elementos. Los trituramos a menos de 2mm, les agregamos materia org\u00e1nica, especialmente esti\u00e9rcol de bovinos, que aporta carga microbiana, y otro residuo que aqu\u00ed llaman \u201cafirmado\u201d, que es rico en calcio y azufre, elementos muy importantes para las plantas\u201d, se\u00f1ala el investigador.<\/p>\n\n\n\n<figure class=\"wp-block-image\"><img data-recalc-dims=\"1\" decoding=\"async\" src=\"https:\/\/i0.wp.com\/periodico.unal.edu.co\/uploads\/2024\/diciembre\/PeriodicoUNAL-031224-3-am.jpg?w=640&#038;ssl=1\" alt=\" Residuos no tratados.\"\/><figcaption class=\"wp-element-caption\">Residuos no tratados.<\/figcaption><\/figure>\n\n\n\n<figure class=\"wp-block-image\"><img data-recalc-dims=\"1\" decoding=\"async\" src=\"https:\/\/i0.wp.com\/periodico.unal.edu.co\/uploads\/2024\/diciembre\/PeriodicoUNAL-031224-4-am.jpg?w=640&#038;ssl=1\" alt=\"Residuos tratados y con ra\u00edces. Suelo tomado del ca\u00f1aduzal. \"\/><figcaption class=\"wp-element-caption\">Residuos tratados y con ra\u00edces. Suelo tomado del ca\u00f1aduzal.<\/figcaption><\/figure>\n\n\n\n<figure class=\"wp-block-image\"><img data-recalc-dims=\"1\" decoding=\"async\" src=\"https:\/\/i0.wp.com\/periodico.unal.edu.co\/uploads\/2024\/diciembre\/PeriodicoUNAL-031224-5-am.jpg?w=640&#038;ssl=1\" alt=\"Antes y despu\u00e9s de los residuos de miner\u00eda.\"\/><figcaption class=\"wp-element-caption\">Antes y despu\u00e9s de los residuos de miner\u00eda.<\/figcaption><\/figure>\n\n\n\n<p>La haza\u00f1a responde a dos situaciones problem\u00e1ticas latentes en el mundo: la escasez de suelo f\u00e9rtil y la alta generaci\u00f3n de residuos. Seg\u00fan la Organizaci\u00f3n de las Naciones Unidas para la Agricultura y la Alimentaci\u00f3n (FAO), solo el 12% de la superficie de la Tierra es f\u00e1cilmente cultivable, y a 2050 la erosi\u00f3n afectar\u00eda el 90% de los suelos.<\/p>\n\n\n\n<p>\u201cDebajo de nosotros hay al menos 10 m de desechos inertes, sobre los que logramos establecer una primera capa de suelo con peque\u00f1as colonias de microorganismos. Todo esto en solo 12 meses de trabajo, aunque en condiciones naturales el suelo necesita cientos o miles de a\u00f1os para formar 1cm de grosor y sustentar vida\u201d, apunta la profesora Leiva.<\/p>\n\n\n\n<h3 class=\"wp-block-heading\">Ca\u00f1a: un cultivo popular y poderoso<\/h3>\n\n\n\n<p>Mientras atraviesa el ca\u00f1aduzal apartando con fuerza las vainas y algunas hojas tostadas en el piso, el profesor Ram\u00edrez que dice entusiasmado: \u201chace unos d\u00edas los muchachos de la mina nos enviaron la foto de una huella de mam\u00edfero. No sabemos qu\u00e9 era exactamente, pero esta vegetaci\u00f3n atrae desde colibr\u00edes y roedores hasta pumas\u201d.<\/p>\n\n\n\n<p>Despu\u00e9s del caf\u00e9, la ca\u00f1a de az\u00facar es el segundo cultivo m\u00e1s extendido en la zona cafetera, de la que el Suroeste Antioque\u00f1o forma parte. \u201cLa elegimos porque es un cultivo r\u00fastico, de crecimiento r\u00e1pido, con alt\u00edsima producci\u00f3n de biomasa y que no es ajeno en la regi\u00f3n\u201d, se\u00f1ala la profesora Leiva.<\/p>\n\n\n\n<p><img data-recalc-dims=\"1\" decoding=\"async\" src=\"https:\/\/i0.wp.com\/periodico.unal.edu.co\/uploads\/2024\/diciembre\/PeriodicoUNAL-031224-6-am.jpg?w=640&#038;ssl=1\" alt=\"Insectos, aves y mam\u00edferos ya visitan la zona revegetalizada.\"\/>Insectos, aves y mam\u00edferos ya visitan la zona revegetalizada.<\/p>\n\n\n\n<p>Para asegurar su crecimiento, las ra\u00edces deben alcanzar al menos 25 cm y las hojas recibir bastante luz solar. \u201cEl proceso de siembra fue similar al de la ca\u00f1a convencional, sin sofisticaciones: trazamos las l\u00edneas, aplicamos la materia org\u00e1nica con distintos tratamientos y sembramos la ca\u00f1a\u201d, narra.<\/p>\n\n\n\n<p>Para el estudio emplearon una de las variedades de ca\u00f1a reina (CC 85-92) del Valle del Cauca, adquirida en el Centro de Investigaci\u00f3n de la Ca\u00f1a de Az\u00facar de Colombia (Cenica\u00f1a), que sobre el tecnosol alcanz\u00f3 niveles de concentraci\u00f3n de sacarosa del 20 al 22%, valores considerados como altos en la zona azucarera, donde cortan cuando ya est\u00e1n por encima del 18%.<\/p>\n\n\n\n<p>El riego se estableci\u00f3 por goteo y con Fertirriego, una soluci\u00f3n de nutrientes disueltos en agua que se liberan a partir de tubos distribuidos en el suelo. \u201cEvaluamos los cambios en el sustrato y vimos que en algunas zonas el pH subi\u00f3 mucho. Eso no era favorable. Luego entendimos que el agua de riego normal ten\u00eda un pH de 8, por lo que empezamos a tratarla antes de regarla\u201d, detalla la profesora.<\/p>\n\n\n\n<h3 class=\"wp-block-heading\">\u201cYo soy las dos cosas: minero y agricultor\u201d<\/h3>\n\n\n\n<p>La mina est\u00e1 en el municipio de Titirib\u00ed, a dos horas y media de Medell\u00edn, sobre una de las estribaciones de la cordillera Central. Formar parte de la cuenca carbon\u00edfera de la Sinifan\u00e1, que tambi\u00e9n incluye a Venecia, Fredonia, Amag\u00e1 y Angel\u00f3polis.<\/p>\n\n\n\n<figure class=\"wp-block-image\"><img data-recalc-dims=\"1\" decoding=\"async\" src=\"https:\/\/i0.wp.com\/periodico.unal.edu.co\/uploads\/2024\/diciembre\/PeriodicoUNAL-031224-7-am.jpg?w=640&#038;ssl=1\" alt=\"La ca\u00f1a acumul\u00f3 niveles altos de sacarosa.\"\/><figcaption class=\"wp-element-caption\">La ca\u00f1a acumul\u00f3 niveles altos de sacarosa.<\/figcaption><\/figure>\n\n\n\n<figure class=\"wp-block-image\"><img data-recalc-dims=\"1\" decoding=\"async\" src=\"https:\/\/i0.wp.com\/periodico.unal.edu.co\/uploads\/2024\/diciembre\/PeriodicoUNAL-031224-8-am.jpg?w=640&#038;ssl=1\" alt=\"La miner\u00eda es una de las principales actividades econ\u00f3micas de la cuenca de la Sinifan\u00e1.\"\/><figcaption class=\"wp-element-caption\">La miner\u00eda es una de las principales actividades econ\u00f3micas de la cuenca de la Sinifan\u00e1.<\/figcaption><\/figure>\n\n\n\n<figure class=\"wp-block-image\"><img data-recalc-dims=\"1\" decoding=\"async\" src=\"https:\/\/i0.wp.com\/periodico.unal.edu.co\/uploads\/2024\/diciembre\/PeriodicoUNAL-031224-9-am.jpg?w=640&#038;ssl=1\" alt=\" La ca\u00f1a alcanz\u00f3 una altura promedio de 3 m.\"\/><figcaption class=\"wp-element-caption\">La ca\u00f1a alcanz\u00f3 una altura promedio de 3 m.<\/figcaption><\/figure>\n\n\n\n<p>\u201cAqu\u00ed somos muchos los que trabajamos en las minas, pero tambi\u00e9n hay quienes se dedican al campo. Yo, por ejemplo, soy las dos cosas: minero y agricultor\u201d, comenta Antonio Ortiz, supervisor de la mina en operaciones a cielo abierto y habitante de la vereda El Barro, un conjunto de casas y plantaciones dispersas que se ven en la monta\u00f1a de enfrente.<\/p>\n\n\n\n<p>\u201cDesde all\u00e1 algunos vecinos ven este cuadro verde y me preguntan \u2018qu\u00e9 es eso tan bonito en medio de ese desierto\u2019 y yo les explico que es un proceso de recuperaci\u00f3n de suelos y se ponen a la expectativa. Somos familias que hemos trabajado toda la vida con ca\u00f1a panelera y sabemos que es una actividad que genera mucho empleo. Para cortar media hect\u00e1rea se necesitan por lo menos 14 personas, sin los arrieros ni el personal del trapiche\u201d.<\/p>\n\n\n\n<p>Los profesores esperan que el cultivo pueda proveer a los campesinos semillas mejoradas y originales. As\u00ed mismo extender el uso de la carbonilla, uno de los materiales residuales que arroj\u00f3 mejores resultados para plantaciones, que contribuye al crecimiento de ra\u00edces y microorganismos, y que ser\u00eda \u00fatil en zonas en las que la aplicaci\u00f3n de fertilizantes es restringida, pues ayuda en la liberaci\u00f3n lenta de nutrientes.<\/p>\n\n\n\n<p>Del cultivo obtendr\u00e1n de 18 a 20 toneladas de tallos molibles y de 2 a 3 toneladas de hojarasca seca, que se debe encallar para el rebrote. \u201cAqu\u00ed hemos recibido universitarios y les hemos mostrado que la miner\u00eda podr\u00eda tener cierres sostenibles. Incluso hemos quebrado y probado ca\u00f1a, y el sabor es igual al de toda la vida\u201d, agrega el supervisor Ortiz.<\/p>\n\n\n\n<figure class=\"wp-block-image\"><img data-recalc-dims=\"1\" decoding=\"async\" src=\"https:\/\/i0.wp.com\/periodico.unal.edu.co\/uploads\/2024\/diciembre\/PeriodicoUNAL-031224-10-am.jpg?w=640&#038;ssl=1\" alt=\"Carb\u00f3n acumulado cerca del ca\u00f1aduzal.\"\/><figcaption class=\"wp-element-caption\">Carb\u00f3n acumulado cerca del ca\u00f1aduzal.<\/figcaption><\/figure>\n\n\n\n<figure class=\"wp-block-image\"><img data-recalc-dims=\"1\" decoding=\"async\" src=\"https:\/\/i0.wp.com\/periodico.unal.edu.co\/uploads\/2024\/diciembre\/PeriodicoUNAL-031224-11-am.jpg?w=640&#038;ssl=1\" alt=\"El profesor Ramiro Ram\u00edrez entre el ca\u00f1aduzal.\"\/><figcaption class=\"wp-element-caption\">El profesor Ramiro Ram\u00edrez entre el ca\u00f1aduzal.<\/figcaption><\/figure>\n\n\n\n<p>En el camino de regreso se aprecian m\u00e1s colores que el gris de la mina, rocas amarillas, anaranjadas y caf\u00e9s, helechos que han crecido en el entorno \u00e1rido y un verde encendido que se extiende imponente e inmenso en el horizonte. \u201cHace mucho le\u00edmos un art\u00edculo en el que una profesora muy prestigiosa hablaba sobre terraformar Marte, lo mismo que hicimos en la mina, pero en otro planeta\u201d, cuenta el profesor Ram\u00edrez.<\/p>\n\n\n\n<p><\/p>\n\n\n\n<p>periodico.unal.edu.co<\/p>\n","protected":false},"excerpt":{"rendered":"<p>Sobre la plataforma de desechos de una mina de carb\u00f3n a cielo abierto en Titirib\u00ed (Antioquia) creci\u00f3 un ca\u00f1aduzal. Este proceso, que de manera natural tomar\u00eda milenios, fue posible en cuesti\u00f3n de meses tras aplicar t\u00e9cnicas sencillas y econ\u00f3micas \u2013pioneras en Am\u00e9rica Latina\u2013 para convertir en un suelo nuevamente f\u00e9rtil los escombros inertes que dejan [&hellip;]<\/p>\n","protected":false},"author":1,"featured_media":176664,"comment_status":"closed","ping_status":"closed","sticky":false,"template":"","format":"standard","meta":{"_acf_changed":false,"_jetpack_memberships_contains_paid_content":false,"footnotes":"","jetpack_publicize_message":"","jetpack_publicize_feature_enabled":true,"jetpack_social_post_already_shared":true,"jetpack_social_options":{"image_generator_settings":{"template":"highway","default_image_id":0,"font":"","enabled":false},"version":2}},"categories":[6],"tags":[],"class_list":["post-176663","post","type-post","status-publish","format-standard","has-post-thumbnail","hentry","category-ecologia"],"acf":[],"jetpack_publicize_connections":[],"jetpack_featured_media_url":"https:\/\/i0.wp.com\/sportseco.com\/wp-content\/uploads\/2024\/12\/PeriodicoUNAL-031224-1-am.jpg?fit=1400%2C1050&ssl=1","jetpack_sharing_enabled":true,"_links":{"self":[{"href":"https:\/\/sportseco.com\/index.php?rest_route=\/wp\/v2\/posts\/176663","targetHints":{"allow":["GET"]}}],"collection":[{"href":"https:\/\/sportseco.com\/index.php?rest_route=\/wp\/v2\/posts"}],"about":[{"href":"https:\/\/sportseco.com\/index.php?rest_route=\/wp\/v2\/types\/post"}],"author":[{"embeddable":true,"href":"https:\/\/sportseco.com\/index.php?rest_route=\/wp\/v2\/users\/1"}],"replies":[{"embeddable":true,"href":"https:\/\/sportseco.com\/index.php?rest_route=%2Fwp%2Fv2%2Fcomments&post=176663"}],"version-history":[{"count":1,"href":"https:\/\/sportseco.com\/index.php?rest_route=\/wp\/v2\/posts\/176663\/revisions"}],"predecessor-version":[{"id":176665,"href":"https:\/\/sportseco.com\/index.php?rest_route=\/wp\/v2\/posts\/176663\/revisions\/176665"}],"wp:featuredmedia":[{"embeddable":true,"href":"https:\/\/sportseco.com\/index.php?rest_route=\/wp\/v2\/media\/176664"}],"wp:attachment":[{"href":"https:\/\/sportseco.com\/index.php?rest_route=%2Fwp%2Fv2%2Fmedia&parent=176663"}],"wp:term":[{"taxonomy":"category","embeddable":true,"href":"https:\/\/sportseco.com\/index.php?rest_route=%2Fwp%2Fv2%2Fcategories&post=176663"},{"taxonomy":"post_tag","embeddable":true,"href":"https:\/\/sportseco.com\/index.php?rest_route=%2Fwp%2Fv2%2Ftags&post=176663"}],"curies":[{"name":"wp","href":"https:\/\/api.w.org\/{rel}","templated":true}]}}