{"id":176678,"date":"2024-12-04T07:30:40","date_gmt":"2024-12-04T12:30:40","guid":{"rendered":"https:\/\/sportseco.com\/?p=176678"},"modified":"2024-12-04T07:30:43","modified_gmt":"2024-12-04T12:30:43","slug":"un-nuevo-estudio-anticipa-un-artico-libre-de-hielo-en-2027","status":"publish","type":"post","link":"https:\/\/sportseco.com\/?p=176678","title":{"rendered":"Un nuevo estudio anticipa un \u00c1rtico libre de hielo en 2027"},"content":{"rendered":"\n<p>Madrid, 3 dic (EFE).- La imagen del \u00c1rtico totalmente liberado de hielo marino en verano podr\u00eda producirse antes de lo esperado: en 2027, seg\u00fan una nueva investigaci\u00f3n que advierte de la aceleraci\u00f3n de los plazos de deshielo en la revista Nature Communications.<\/p>\n\n\n\n<p>Un equipo internacional de investigadores dirigidos por las climat\u00f3logas Alexandra Jahn (universidad estadounidense de Colorado en Boulder) y C\u00e9line Heuz\u00e9 (universidad de Gotemburgo en Suecia), ha utilizado modelos inform\u00e1ticos para predecir cu\u00e1ndo podr\u00eda producirse el primer d\u00eda sin hielo en el oc\u00e9ano m\u00e1s septentrional.<\/p>\n\n\n\n<p>Un \u00c1rtico sin hielo, como advierten los cient\u00edficos desde hace d\u00e9cadas, podr\u00eda afectar significativamente al ecosistema y al clima de la Tierra al cambiar los patrones meteorol\u00f3gicos.<\/p>\n\n\n\n<p>\u201cEl primer d\u00eda sin hielo en el \u00c1rtico no cambiar\u00e1 las cosas radicalmente, pero demostrar\u00e1 que hemos alterado una de las caracter\u00edsticas definitorias del entorno natural del \u00c1rtico debido a las emisiones de gases de efecto invernadero\u201d, se\u00f1ala Alexandra Jahn en un comunicado.<\/p>\n\n\n\n<p>Para llegar a la conclusi\u00f3n de que el \u00c1rtico quedar\u00e1 libre de hielo dentro de tres a\u00f1os, los investigadores proyectaron el primer d\u00eda sin hielo utilizando los resultados de m\u00e1s de 300 simulaciones por ordenador.<\/p>\n\n\n\n<p>Comprobaron que la mayor\u00eda de los modelos preve\u00edan que el primer d\u00eda sin hielo podr\u00eda producirse entre nueve y veinte a\u00f1os despu\u00e9s de 2023, independientemente de c\u00f3mo evolucionaran las emisiones de gases de efecto invernadero.<\/p>\n\n\n\n<p>Pero los autores han visto que hay una serie de fen\u00f3menos meteorol\u00f3gicos extremos que podr\u00eda derretir dos millones de kil\u00f3metros cuadrados o m\u00e1s de hielo marino en un corto periodo de tiempo: un oto\u00f1o inusualmente c\u00e1lido debilita primero el hielo marino, seguido de un invierno y una primavera c\u00e1lidos en el \u00c1rtico que impiden la formaci\u00f3n de hielo marino.<\/p>\n\n\n\n<p>Cuando el \u00c1rtico experimenta un calentamiento tan extremo como el citado durante tres o m\u00e1s a\u00f1os seguidos, el primer d\u00eda sin hielo podr\u00eda producirse a finales del verano.<\/p>\n\n\n\n<p>De acuerdo a estas \u00faltimas variables, nueve simulaciones sugirieron que podr\u00eda producirse un d\u00eda sin hielo dentro de tres a\u00f1os, o como mucho dentro de seis.<\/p>\n\n\n\n<p>No obstante, las investigadoras alertan de que no todo est\u00e1 perdido y de que en sus modelos han visto que una reducci\u00f3n dr\u00e1stica de las emisiones podr\u00eda retrasar la desaparici\u00f3n del hielo en el \u00c1rtico y reducir el tiempo que el oc\u00e9ano permanece sin hielo.<\/p>\n\n\n\n<p>\u00abCualquier reducci\u00f3n de las emisiones ayudar\u00eda a preservar el hielo marino\u00bb, subraya Jahn.<\/p>\n\n\n\n<h2 class=\"wp-block-heading\"><strong>Un \u00c1rtico azul &nbsp;<\/strong><\/h2>\n\n\n\n<p>A medida que el clima se calienta por el aumento de las emisiones de gases de efecto invernadero, el hielo marino del \u00c1rtico ha desaparecido a una velocidad sin precedentes de m\u00e1s del 12% cada d\u00e9cada.<\/p>\n\n\n\n<p>El pasado septiembre, el Centro Nacional de Datos sobre Nieve y Hielo de Colorado inform\u00f3 de que el d\u00eda con menor cantidad de agua marina congelada en el \u00c1rtico fue uno de los m\u00e1s bajos registrados desde 1978: 4,28 millones de kil\u00f3metros cuadrados, el m\u00ednimo de este a\u00f1o estuvo por encima del m\u00ednimo hist\u00f3rico observado en septiembre de 2012.<\/p>\n\n\n\n<p>Ese m\u00ednimo marca un descenso en comparaci\u00f3n con la cobertura media de 6,85 millones de kil\u00f3metros cuadrados entre 1979 y 1992.<\/p>\n\n\n\n<p>Cuando el Oc\u00e9ano \u00c1rtico tiene menos de 1 mill\u00f3n de kil\u00f3metros cuadrados de hielo, los cient\u00edficos consideran que el \u00c1rtico est\u00e1 libre de hielo.<\/p>\n\n\n\n<p>Estudios anteriores del mismo equipo trataron de predecir cu\u00e1ndo quedar\u00e1 este oc\u00e9ano totalmente libre de hielo durante un mes completo, concluyendo que esto ocurrir\u00eda en la d\u00e9cada de 2030.EFE<\/p>\n","protected":false},"excerpt":{"rendered":"<p>Madrid, 3 dic (EFE).- La imagen del \u00c1rtico totalmente liberado de hielo marino en verano podr\u00eda producirse antes de lo esperado: en 2027, seg\u00fan una nueva investigaci\u00f3n que advierte de la aceleraci\u00f3n de los plazos de deshielo en la revista Nature Communications. Un equipo internacional de investigadores dirigidos por las climat\u00f3logas Alexandra Jahn (universidad estadounidense [&hellip;]<\/p>\n","protected":false},"author":1,"featured_media":176679,"comment_status":"closed","ping_status":"closed","sticky":false,"template":"","format":"standard","meta":{"_acf_changed":false,"_jetpack_memberships_contains_paid_content":false,"footnotes":"","jetpack_publicize_message":"","jetpack_publicize_feature_enabled":true,"jetpack_social_post_already_shared":true,"jetpack_social_options":{"image_generator_settings":{"template":"highway","default_image_id":0,"font":"","enabled":false},"version":2}},"categories":[6],"tags":[],"class_list":["post-176678","post","type-post","status-publish","format-standard","has-post-thumbnail","hentry","category-ecologia"],"acf":[],"jetpack_publicize_connections":[],"jetpack_featured_media_url":"https:\/\/i0.wp.com\/sportseco.com\/wp-content\/uploads\/2024\/12\/Artico-scaled-1-2048x1536-1.webp?fit=1920%2C1440&ssl=1","jetpack_sharing_enabled":true,"_links":{"self":[{"href":"https:\/\/sportseco.com\/index.php?rest_route=\/wp\/v2\/posts\/176678","targetHints":{"allow":["GET"]}}],"collection":[{"href":"https:\/\/sportseco.com\/index.php?rest_route=\/wp\/v2\/posts"}],"about":[{"href":"https:\/\/sportseco.com\/index.php?rest_route=\/wp\/v2\/types\/post"}],"author":[{"embeddable":true,"href":"https:\/\/sportseco.com\/index.php?rest_route=\/wp\/v2\/users\/1"}],"replies":[{"embeddable":true,"href":"https:\/\/sportseco.com\/index.php?rest_route=%2Fwp%2Fv2%2Fcomments&post=176678"}],"version-history":[{"count":1,"href":"https:\/\/sportseco.com\/index.php?rest_route=\/wp\/v2\/posts\/176678\/revisions"}],"predecessor-version":[{"id":176680,"href":"https:\/\/sportseco.com\/index.php?rest_route=\/wp\/v2\/posts\/176678\/revisions\/176680"}],"wp:featuredmedia":[{"embeddable":true,"href":"https:\/\/sportseco.com\/index.php?rest_route=\/wp\/v2\/media\/176679"}],"wp:attachment":[{"href":"https:\/\/sportseco.com\/index.php?rest_route=%2Fwp%2Fv2%2Fmedia&parent=176678"}],"wp:term":[{"taxonomy":"category","embeddable":true,"href":"https:\/\/sportseco.com\/index.php?rest_route=%2Fwp%2Fv2%2Fcategories&post=176678"},{"taxonomy":"post_tag","embeddable":true,"href":"https:\/\/sportseco.com\/index.php?rest_route=%2Fwp%2Fv2%2Ftags&post=176678"}],"curies":[{"name":"wp","href":"https:\/\/api.w.org\/{rel}","templated":true}]}}