{"id":176687,"date":"2024-12-04T07:51:16","date_gmt":"2024-12-04T12:51:16","guid":{"rendered":"https:\/\/sportseco.com\/?p=176687"},"modified":"2024-12-04T07:51:21","modified_gmt":"2024-12-04T12:51:21","slug":"parques-nacionales-no-tiene-autoridad-sobre-la-medida-de-pico-y-placa-en-la-via-murillo-manizales-murillo","status":"publish","type":"post","link":"https:\/\/sportseco.com\/?p=176687","title":{"rendered":"Parques Nacionales no tiene autoridad sobre la medida de pico y placa en la v\u00eda Murillo Manizales Murillo"},"content":{"rendered":"\n<ul class=\"wp-block-list\">\n<li><em><strong>Parques Nacionales Naturales de Colombia (PNNC)<\/strong>\u00a0aclara que la v\u00eda Murillo-Manizales-Murillo no atraviesa el Parque Nacional Natural Los Nevados, y resalta que la medida de pico y placa implementada en este tramo busca mitigar los riesgos que genera el alto flujo vehicular en la zona de amortiguamiento del parque. Asimismo, la entidad reitera su compromiso con la conservaci\u00f3n del parque y el manejo responsable del ecoturismo.<\/em><\/li>\n<\/ul>\n\n\n\n<p><strong>Manizales \u2013<\/strong>&nbsp;<strong>Parques Nacionales Naturales de Colombia (PNNC)<\/strong>&nbsp;aclara algunos aspectos relacionados con la medida de pico y placa implementada en la v\u00eda&nbsp;<strong>Murillo-Manizales-Murillo<\/strong>&nbsp;y su posible impacto en el&nbsp;<strong>Parque Nacional Natural Los Nevados.<\/strong><\/p>\n\n\n\n<p>En primer lugar, es importante resaltar que la v\u00eda Murillo-Manizales-Murillo no atraviesa el \u00e1rea protegida del&nbsp;<strong>Parque Nacional Natural Los Nevados.<\/strong>&nbsp;Seg\u00fan la&nbsp;<strong>Resoluci\u00f3n 148 de 1974<\/strong>, los l\u00edmites del parque se ubican sobre el margen superior de la carretera, respetando el derecho de v\u00eda. Aunque esta carretera no forma parte del \u00e1rea protegida, constituye la principal ruta de acceso al sector norte del parque.<\/p>\n\n\n\n<p>El 24 de octubre, se emiti\u00f3 una sentencia ordenando la implementaci\u00f3n de una medida provisional de pico y placa en el tramo que conecta Murillo con Manizales. Esta medida busca mitigar los riesgos que puede derivar del alto flujo vehicular en dicho tramo, protegiendo la zona con funci\u00f3n amortiguadora del parque y los ecosistemas circundantes.<\/p>\n\n\n\n<p>Parques Nacionales Naturales aclara que no tiene autoridad directa sobre la v\u00eda, ya que su administraci\u00f3n corresponde a las autoridades regionales y nacionales, dado que se trata de una v\u00eda secundaria de car\u00e1cter nacional. No obstante, la Consejer\u00eda para las Regiones, encargada de coordinar la implementaci\u00f3n de la sentencia que declara al PNN Los Nevados sujetos de derechos, ha convocado mesas de trabajo con las entidades involucradas para garantizar el cumplimiento de lo dispuesto. En estos espacios, personal de Parques Nacionales Naturales participa activamente, contribuyendo desde su competencia.<\/p>\n\n\n\n<p>Respecto a las actividades ecotur\u00edsticas en el parque, se destaca que&nbsp;<strong>PNNC adopt\u00f3 la Resoluci\u00f3n 0531 de 2023<\/strong>, que establece directrices para la planificaci\u00f3n y ordenamiento del ecoturismo en las \u00e1reas protegidas.&nbsp;<strong>El Parque Nacional Natural Los Nevados<\/strong>&nbsp;cuenta con un Plan de Ordenamiento Ecotur\u00edstico que regula los 12 senderos habilitados y establece la capacidad de carga de cada uno, garantizando as\u00ed un manejo sostenible del ecoturismo.<\/p>\n\n\n\n<p>Adem\u00e1s, el parque opera bajo un contrato de concesi\u00f3n con la&nbsp;<strong>Uni\u00f3n Temporal Operaci\u00f3n Nevados (UTON)<\/strong>&nbsp;desde 2019, lo que permite una gesti\u00f3n controlada y responsable de las actividades tur\u00edsticas en el sector norte-centro del \u00e1rea protegida.<\/p>\n\n\n\n<p>Finalmente, es importante recordar que, conforme a la Constituci\u00f3n de 1991, los parques nacionales son inalienables, inembargables e imprescriptibles, lo que garantiza su conservaci\u00f3n. En este sentido,&nbsp;<strong>Parques Nacioanles Naturales de Colombia<\/strong>&nbsp;realiza gestiones prediales en coordinaci\u00f3n con las autoridades locales y nacionales, para abordar situaciones relacionadas con el uso, ocupaci\u00f3n y tenencia de tierras dentro del \u00e1rea protegida, siempre con el objetivo de preservar la integridad ecol\u00f3gica del parque.<\/p>\n\n\n\n<p><strong>Parques Nacionales Naturales de Colombia<\/strong>&nbsp;reafirma su compromiso con la conservaci\u00f3n del&nbsp;<strong>Parque Los Nevados<\/strong>, el manejo responsable del ecoturismo y la colaboraci\u00f3n con las autoridades y las comunidades locales para promover un desarrollo sostenible que beneficie tanto al entorno natural como a las poblaciones que dependen del ecoturismo en la regi\u00f3n.<\/p>\n\n\n\n<p><\/p>\n\n\n\n<p>parquesnacionales.gov.co<\/p>\n","protected":false},"excerpt":{"rendered":"<p>Manizales \u2013&nbsp;Parques Nacionales Naturales de Colombia (PNNC)&nbsp;aclara algunos aspectos relacionados con la medida de pico y placa implementada en la v\u00eda&nbsp;Murillo-Manizales-Murillo&nbsp;y su posible impacto en el&nbsp;Parque Nacional Natural Los Nevados. En primer lugar, es importante resaltar que la v\u00eda Murillo-Manizales-Murillo no atraviesa el \u00e1rea protegida del&nbsp;Parque Nacional Natural Los Nevados.&nbsp;Seg\u00fan la&nbsp;Resoluci\u00f3n 148 de 1974, los [&hellip;]<\/p>\n","protected":false},"author":1,"featured_media":176688,"comment_status":"closed","ping_status":"closed","sticky":false,"template":"","format":"standard","meta":{"_acf_changed":false,"_jetpack_memberships_contains_paid_content":false,"footnotes":"","jetpack_publicize_message":"","jetpack_publicize_feature_enabled":true,"jetpack_social_post_already_shared":true,"jetpack_social_options":{"image_generator_settings":{"template":"highway","default_image_id":0,"font":"","enabled":false},"version":2}},"categories":[6],"tags":[],"class_list":["post-176687","post","type-post","status-publish","format-standard","has-post-thumbnail","hentry","category-ecologia"],"acf":[],"jetpack_publicize_connections":[],"jetpack_featured_media_url":"https:\/\/i0.wp.com\/sportseco.com\/wp-content\/uploads\/2024\/12\/PNN_Los_Nevados_Abierto-e1733161483947.jpg?fit=960%2C339&ssl=1","jetpack_sharing_enabled":true,"_links":{"self":[{"href":"https:\/\/sportseco.com\/index.php?rest_route=\/wp\/v2\/posts\/176687","targetHints":{"allow":["GET"]}}],"collection":[{"href":"https:\/\/sportseco.com\/index.php?rest_route=\/wp\/v2\/posts"}],"about":[{"href":"https:\/\/sportseco.com\/index.php?rest_route=\/wp\/v2\/types\/post"}],"author":[{"embeddable":true,"href":"https:\/\/sportseco.com\/index.php?rest_route=\/wp\/v2\/users\/1"}],"replies":[{"embeddable":true,"href":"https:\/\/sportseco.com\/index.php?rest_route=%2Fwp%2Fv2%2Fcomments&post=176687"}],"version-history":[{"count":1,"href":"https:\/\/sportseco.com\/index.php?rest_route=\/wp\/v2\/posts\/176687\/revisions"}],"predecessor-version":[{"id":176689,"href":"https:\/\/sportseco.com\/index.php?rest_route=\/wp\/v2\/posts\/176687\/revisions\/176689"}],"wp:featuredmedia":[{"embeddable":true,"href":"https:\/\/sportseco.com\/index.php?rest_route=\/wp\/v2\/media\/176688"}],"wp:attachment":[{"href":"https:\/\/sportseco.com\/index.php?rest_route=%2Fwp%2Fv2%2Fmedia&parent=176687"}],"wp:term":[{"taxonomy":"category","embeddable":true,"href":"https:\/\/sportseco.com\/index.php?rest_route=%2Fwp%2Fv2%2Fcategories&post=176687"},{"taxonomy":"post_tag","embeddable":true,"href":"https:\/\/sportseco.com\/index.php?rest_route=%2Fwp%2Fv2%2Ftags&post=176687"}],"curies":[{"name":"wp","href":"https:\/\/api.w.org\/{rel}","templated":true}]}}