{"id":176721,"date":"2024-12-05T08:38:08","date_gmt":"2024-12-05T13:38:08","guid":{"rendered":"https:\/\/sportseco.com\/?p=176721"},"modified":"2024-12-05T08:38:14","modified_gmt":"2024-12-05T13:38:14","slug":"hay-que-mentalizarnos-para-ser-campeones-tecnico-del-once-caldas-hernan-dario-herrera","status":"publish","type":"post","link":"https:\/\/sportseco.com\/?p=176721","title":{"rendered":"Hay que mentalizarnos para ser campeones: t\u00e9cnico del Once Caldas, Hern\u00e1n Dar\u00edo Herrera"},"content":{"rendered":"\n<p>El Once Caldas venci\u00f3 3-0 al Am\u00e9rica de Cali con dos goles de Dayro Moreno (foto) y uno de Jes\u00fas Hern\u00e1ndez. Est\u00e1 a un partido de clasificar a la final de la Liga. El domingo enfrentar\u00e1 al Deportes Tolima.<\/p>\n\n\n\n<p>El&nbsp;<strong>estadio Palogrande&nbsp;<\/strong>presion\u00f3, casi lleno, y el&nbsp;<strong>Once Caldas&nbsp;<\/strong>respondi\u00f3. En la noche de este mi\u00e9rcoles (4 de diciembre)&nbsp;<strong>venci\u00f3 3-0 al Am\u00e9rica de Cali&nbsp;<\/strong>por la fecha 5 de los cuadrangulares de la&nbsp;<strong>Liga BetPlay Dimayor 2024-2<\/strong>, se convirti\u00f3 en el l\u00edder del cuadrangular B y qued\u00f3 a un partido de acceder a la gran final del semestre, en busca de su quinta estrella.<\/p>\n\n\n\n<p><strong>Dayro Moreno&nbsp;<\/strong>abri\u00f3 el marcador con un&nbsp;<strong>golazo de tiro libre&nbsp;<\/strong>en el minuto 18. Desde una distancia de alrededor 30 metros, sac\u00f3 un riflazo que fue inatajable para el arquero&nbsp;<strong>Jorge Soto&nbsp;<\/strong>y termin\u00f3 en el fondo de la red.<\/p>\n\n\n\n<p>El primer tiempo fue parejo, con el bal\u00f3n dividido. El Am\u00e9rica tuvo tres oportunidades manifiestas de anotar, pero la falta de punter\u00eda y la seguridad de&nbsp;<a href=\"https:\/\/www.lapatria.com\/deportes\/james-aguirre-el-antipenal-recuerde-los-seis-cobros-atajados-en-el-once-caldas\"><strong>James Aguirre en el p\u00f3rtico local<\/strong><\/a>&nbsp;le pasaron factura.<\/p>\n\n\n\n<p>Apenas arrancando el complemento, en el 47, otra vez explot\u00f3 de j\u00fabilo el&nbsp;<strong>Palogrande<\/strong>, y de nuevo el encargado de hacerlo fue&nbsp;<strong>Dayro<\/strong>.&nbsp;<strong>Esteban Beltr\u00e1n&nbsp;<\/strong>cobr\u00f3 un tiro libre que el delantero tolimense desvi\u00f3 ligeramente con el taco para&nbsp;<strong>anotar el segundo tanto&nbsp;<\/strong>del juego.<\/p>\n\n\n\n<p>La noche estaba destinada para ser redonda para el &#8217;17&#8217;. En el minuto 61, consigui\u00f3 el&nbsp;<strong>triplete&nbsp;<\/strong>para llevarse el bal\u00f3n a casa.&nbsp;<strong>Beltr\u00e1n&nbsp;<\/strong>de nuevo se visti\u00f3 de asistidor y dej\u00f3 solo frente al guardameta rival al de Chicoral, quien defini\u00f3 a placer al segundo palo y&nbsp;<strong>marc\u00f3 su tercera diana<\/strong>. No obstante, todo fue en vano:&nbsp;<strong>el volante albo toc\u00f3 el esf\u00e9rico con la mano&nbsp;<\/strong>y el \u00e1rbitro&nbsp;<strong>W\u00edlmar Rold\u00e1n<\/strong>, tras revisar la jugada en el VAR,&nbsp;<strong>anul\u00f3 el gol<\/strong>.<\/p>\n\n\n\n<p>En lo que sigui\u00f3 del compromiso, los acercamientos peligrosos fueron para&nbsp;<strong>La Mechita<\/strong>, cuyos jugadores estuvieron absolutamente err\u00e1ticos de cara al arco: estrellaron tres disparos en el palo y mandaron otros tantos a la tribuna.&nbsp;<\/p>\n\n\n\n<p>Y para liquidar el partido lleg\u00f3 el tercero, desde el punto penal. En el 86,&nbsp;<strong>Jes\u00fas Hern\u00e1ndez<\/strong>, que entr\u00f3 por Dayro, recibi\u00f3 una falta dentro del \u00e1rea de&nbsp;<strong>\u00c9der \u00c1lvarez Balanta&nbsp;<\/strong>y fue el encargado de cobrar desde los once pasos para sellar el&nbsp;<strong>3-0 definitivo<\/strong>.&nbsp;<\/p>\n\n\n\n<p>Con esta victoria, los dirigidos por&nbsp;<strong>Hern\u00e1n Dar\u00edo Herrera&nbsp;<\/strong>suman&nbsp;<strong>9 puntos&nbsp;<\/strong>y se ubican provisionalmente en la primera posici\u00f3n del cuadrangular B, a espera de lo que suceda en el partido entre&nbsp;<strong>Junior de Barranquilla&nbsp;<\/strong>y&nbsp;<strong>Deportes Tolima<\/strong>.<\/p>\n\n\n\n<p><a href=\"https:\/\/www.lapatria.com\/autores\/santiago-zapata-zapata\">Santiago Zapata Zapata<\/a><\/p>\n\n\n\n<p><strong>LA PATRIA | Manizales<\/strong><\/p>\n\n\n\n<p>Visiblemente feliz y lanzando miradas ocasionales al museo del&nbsp;<strong>Once Caldas<\/strong>,&nbsp;<strong>Hern\u00e1n Dar\u00edo Herrera<\/strong>, el director t\u00e9cnico del&nbsp;<strong>Blanco<\/strong>, atendi\u00f3 en la noche de este mi\u00e9rcoles (4 de diciembre) la rueda de prensa posterior a&nbsp;la&nbsp;<a href=\"https:\/\/www.lapatria.com\/deportes\/once-caldas-90-minutos-de-una-nueva-final-goleo-3-0-al-america-con-doblete-de-dayro\">goleada 3-0 de su equipo contra el&nbsp;<strong>Am\u00e9rica de&nbsp;<\/strong><\/a><strong><a href=\"https:\/\/www.lapatria.com\/deportes\/once-caldas-90-minutos-de-una-nueva-final-goleo-3-0-al-america-con-doblete-de-dayro\">Cali<\/a>&nbsp;<\/strong>por la fecha 5 de los cuadrangulares de la&nbsp;<strong>Liga BetPlay Dimayor 2024-2<\/strong>.<\/p>\n\n\n\n<p>Al preguntarle un periodista por su inter\u00e9s en observar las fotos de la historia del&nbsp;<strong>Once<\/strong>, &#8216;<strong>el Arriero<\/strong>&#8216;, como es conocido el estratega antioque\u00f1o, respondi\u00f3: \u00abYo siempre he estado con gente ganadora a mi lado. Uno mira a todos estos personajes que hay ac\u00e1 y le dan ganas de estar ah\u00ed metido tambi\u00e9n.&nbsp;<strong>Estamos buscando estar en este muro<\/strong>\u00ab.<\/p>\n\n\n\n<p>A\u00f1adi\u00f3 que el equipo est\u00e1 haciendo cosas buenas, pero que debe terminar bien y es consciente de la responsabilidad que tiene ahora.&nbsp;Con esta victoria, los de&nbsp;<strong>Manizales dependen de ellos mismos para clasificar a la final&nbsp;<\/strong>y optar por su quinta estrella. Les queda un partido, ante&nbsp;<strong>Deportes Tolima&nbsp;<\/strong>en Ibagu\u00e9, que al menos deber\u00e1n empatar para ratificarse como l\u00edderes del grupo B de la presente fase del torneo. Ser\u00e1 el pr\u00f3ximo domingo (8 de diciembre), a las 4:30 p. m.<\/p>\n\n\n\n<p>Continuando con su admiraci\u00f3n por el museo, Herrera dijo: \u00abMe gusta mirar todo esto porque hay una copa muy grande por ah\u00ed (Libertadores) y uno se tiene que untar de lo bueno, de los t\u00edtulos.&nbsp;<strong>Hay que mentalizar a los jugadores que tenemos ahora para ser campeones<\/strong>\u00ab.<\/p>\n\n\n\n<figure class=\"wp-block-embed is-type-rich is-provider-gestor-del-servicio wp-block-embed-gestor-del-servicio\"><div class=\"wp-block-embed__wrapper\">\nhttps:\/\/youtube.com\/watch?v=ug86mxefA_E%3Fenablejsapi%3D1\n<\/div><\/figure>\n\n\n\n<h2 class=\"wp-block-heading\">Sobre la victoria contra el Am\u00e9rica<\/h2>\n\n\n\n<p>Pese al resultado abultado, el entrenador albo reconoci\u00f3 que&nbsp;<strong>ante el conjunto escarlata fue un partido dif\u00edcil<\/strong>, pues lo considera un gran equipo.&nbsp;<\/p>\n\n\n\n<p>Calific\u00f3&nbsp;<strong>el rendimiento de sus dirigidos como inteligente<\/strong>, pues cedi\u00f3 el bal\u00f3n para defenderse y no desgastarse tanto f\u00edsicamente cuando ya dominaba el marcador: \u00abNosotros \u00edbamos 2-0, tampoco \u00e9ramos tan folcl\u00f3ricos para ir a atacar. Ellos nos metieron jugadores importantes, entraron a jugarse todo, entonces esperamos y salimos en contraataque.&nbsp;<strong>Hoy hab\u00eda que jugar con inteligencia<\/strong>\u00ab.<\/p>\n\n\n\n<p>Herrera hizo \u00e9nfasis en que en todos los entrenamientos trabajan las&nbsp;<strong>jugadas a bal\u00f3n parado<\/strong>, que este mi\u00e9rcoles originaron los tres goles anotados (dos tiros libres y uno penal). \u00abHoy salieron varias, pero nos falta m\u00e1s\u00bb, acot\u00f3.<\/p>\n\n\n\n<p>De igual manera, resalt\u00f3 el trabajo de sus dos estrellas actuales, el goleador&nbsp;<strong>Dayro Moreno&nbsp;<\/strong>y el arquero&nbsp;<strong>James Aguirre<\/strong>, pero defendi\u00f3 la importancia de todo el equipo: \u00abTenemos arquero y goleador, una berraquera, pero tambi\u00e9n hay muchas piezas que trabajan para todo eso, entonces&nbsp;<strong>hay que felicitarlos a ellos<\/strong>\u00ab.<\/p>\n\n\n\n<h4 class=\"wp-block-heading\">Siga leyendo:&nbsp;<a href=\"https:\/\/www.lapatria.com\/deportes\/once-caldas-90-minutos-de-una-nueva-final-goleo-3-0-al-america-con-doblete-de-dayro\">Once Caldas, a 90 minutos de una nueva final: gole\u00f3 3-0 al Am\u00e9rica con doblete de Dayro<\/a><\/h4>\n\n\n\n<h2 class=\"wp-block-heading\">Ayudas desde el cielo<\/h2>\n\n\n\n<p>\u00abDe pronto&nbsp;<a href=\"https:\/\/www.lapatria.com\/deportes\/hospital-confirma-el-fallecimiento-de-pedro-sarmiento-extecnico-del-once-caldas\"><strong>Pedro Sarmiento&nbsp;<\/strong>(recientemente fallecido exentrenador del&nbsp;<strong>Once Caldas<\/strong>)<\/a>&nbsp;nos est\u00e1 ayudando (&#8230;). Vea todos los tiros del&nbsp;<strong>Am\u00e9rica&nbsp;<\/strong>que pegaron en el palo, yo creo que los estaban sacando desde arriba. Un \u00e1ngel nos est\u00e1 cuidando y espero que nos d\u00e9 la clasificaci\u00f3n\u00bb, coment\u00f3&nbsp;<strong>Hern\u00e1n Dar\u00edo Herrera<\/strong>.<\/p>\n\n\n\n<figure class=\"wp-block-image\"><img data-recalc-dims=\"1\" decoding=\"async\" src=\"https:\/\/i0.wp.com\/www.lapatria.com\/sites\/default\/files\/noticia\/2024-12\/Once-Caldas-America-de-Cali-3-0-diciembre-2024%20%281%29.jpg?w=640&#038;ssl=1\" alt=\"\"\/><\/figure>\n\n\n\n<p><em>Con un estadio Palogrande casi lleno, el Once Caldas tuvo una presentaci\u00f3n destacada ante el Am\u00e9rica de Cali.<\/em><\/p>\n\n\n\n<h2 class=\"wp-block-heading\">El Once, con la mira en la final<\/h2>\n\n\n\n<p>\u00ab<strong>Hay que ir a ganar a Ibagu\u00e9<\/strong>, donde va a ser un partido complicado. Esperamos ir con las mismas ganas que tuvimos hoy contra Am\u00e9rica, porque&nbsp;<strong>el equipo mostr\u00f3 muchas ganas de clasificar y de buscar el t\u00edtulo<\/strong>\u00ab, manifest\u00f3 &#8216;<strong>el Arriero<\/strong>&#8216;.&nbsp;<\/p>\n\n\n\n<p>Para concluir, recalc\u00f3 que&nbsp;<strong>el Once Caldas es la \u00fanica escuadra del grupo que a\u00fan no ha perdido<\/strong>, por lo cual se deshizo en elogios para sus jugadores, la hinchada que casi llen\u00f3 el&nbsp;<strong>estadio Palogrande&nbsp;<\/strong>y los directivos de la instituci\u00f3n.<\/p>\n\n\n\n<p>Y record\u00f3 que hab\u00eda quienes dudaban de las capacidades del&nbsp;<strong>Blanco<\/strong>, que empat\u00f3 sus tres primeros partidos, pero que ha ganado los otros dos, por lo cual invit\u00f3 a la confianza: \u00ab<strong>No es como se empieza, sino como se termina<\/strong>\u00ab.<\/p>\n\n\n\n<p><\/p>\n\n\n\n<p>lapatria.com<\/p>\n","protected":false},"excerpt":{"rendered":"<p>El Once Caldas venci\u00f3 3-0 al Am\u00e9rica de Cali con dos goles de Dayro Moreno (foto) y uno de Jes\u00fas Hern\u00e1ndez. Est\u00e1 a un partido de clasificar a la final de la Liga. El domingo enfrentar\u00e1 al Deportes Tolima. El&nbsp;estadio Palogrande&nbsp;presion\u00f3, casi lleno, y el&nbsp;Once Caldas&nbsp;respondi\u00f3. En la noche de este mi\u00e9rcoles (4 de diciembre)&nbsp;venci\u00f3 [&hellip;]<\/p>\n","protected":false},"author":1,"featured_media":176723,"comment_status":"closed","ping_status":"closed","sticky":false,"template":"","format":"standard","meta":{"_acf_changed":false,"_jetpack_memberships_contains_paid_content":false,"footnotes":"","jetpack_publicize_message":"","jetpack_publicize_feature_enabled":true,"jetpack_social_post_already_shared":true,"jetpack_social_options":{"image_generator_settings":{"template":"highway","default_image_id":0,"font":"","enabled":false},"version":2}},"categories":[5],"tags":[],"class_list":["post-176721","post","type-post","status-publish","format-standard","has-post-thumbnail","hentry","category-futbol"],"acf":[],"jetpack_publicize_connections":[],"jetpack_featured_media_url":"https:\/\/i0.wp.com\/sportseco.com\/wp-content\/uploads\/2024\/12\/Dayro-Moreno-gol-Once-Caldas-America-de-Cali-diciembre-2024.jpg?fit=945%2C630&ssl=1","jetpack_sharing_enabled":true,"_links":{"self":[{"href":"https:\/\/sportseco.com\/index.php?rest_route=\/wp\/v2\/posts\/176721","targetHints":{"allow":["GET"]}}],"collection":[{"href":"https:\/\/sportseco.com\/index.php?rest_route=\/wp\/v2\/posts"}],"about":[{"href":"https:\/\/sportseco.com\/index.php?rest_route=\/wp\/v2\/types\/post"}],"author":[{"embeddable":true,"href":"https:\/\/sportseco.com\/index.php?rest_route=\/wp\/v2\/users\/1"}],"replies":[{"embeddable":true,"href":"https:\/\/sportseco.com\/index.php?rest_route=%2Fwp%2Fv2%2Fcomments&post=176721"}],"version-history":[{"count":1,"href":"https:\/\/sportseco.com\/index.php?rest_route=\/wp\/v2\/posts\/176721\/revisions"}],"predecessor-version":[{"id":176724,"href":"https:\/\/sportseco.com\/index.php?rest_route=\/wp\/v2\/posts\/176721\/revisions\/176724"}],"wp:featuredmedia":[{"embeddable":true,"href":"https:\/\/sportseco.com\/index.php?rest_route=\/wp\/v2\/media\/176723"}],"wp:attachment":[{"href":"https:\/\/sportseco.com\/index.php?rest_route=%2Fwp%2Fv2%2Fmedia&parent=176721"}],"wp:term":[{"taxonomy":"category","embeddable":true,"href":"https:\/\/sportseco.com\/index.php?rest_route=%2Fwp%2Fv2%2Fcategories&post=176721"},{"taxonomy":"post_tag","embeddable":true,"href":"https:\/\/sportseco.com\/index.php?rest_route=%2Fwp%2Fv2%2Ftags&post=176721"}],"curies":[{"name":"wp","href":"https:\/\/api.w.org\/{rel}","templated":true}]}}