{"id":176749,"date":"2024-12-05T14:05:00","date_gmt":"2024-12-05T19:05:00","guid":{"rendered":"https:\/\/sportseco.com\/?p=176749"},"modified":"2024-12-05T14:05:05","modified_gmt":"2024-12-05T19:05:05","slug":"los-ninos-de-los-barrios-marginados-de-buenos-aires-lloran-de-alegria-cuando-ven-la-naturaleza-por-primera-vez","status":"publish","type":"post","link":"https:\/\/sportseco.com\/?p=176749","title":{"rendered":"Los ni\u00f1os de los barrios marginados de Buenos Aires lloran de alegr\u00eda cuando ven la naturaleza por primera vez"},"content":{"rendered":"\n<p>Una Fundaci\u00f3n ambientalista lleva a los ni\u00f1os de una zona contaminada a las afueras de la capital argentina a visitar proyectos de recuperaci\u00f3n de tierras degradas. Los menores sienten la emoci\u00f3n de su primer contacto con el campo. &nbsp;<\/p>\n\n\n\n<p>Una Fundaci\u00f3n ambientalista lleva a los ni\u00f1os de una zona contaminada a las afueras de la capital argentina a visitar proyectos de recuperaci\u00f3n de tierras degradas. Los menores sienten la emoci\u00f3n de su primer contacto con el campo.&nbsp;<\/p>\n\n\n\n<p>Una abogada ambientalista ha contado a Noticias ONU c\u00f3mo ni\u00f1os y adolescentes de algunos de los barrios m\u00e1s vulnerables de Buenos Aires, la capital de Argentina, se han emocionado hasta las l\u00e1grimas tras encontrarse por primera vez con la naturaleza.<\/p>\n\n\n\n<p>Ana Di Pangracio trabaja para la organizaci\u00f3n de la sociedad civil&nbsp;<a href=\"https:\/\/farn.org.ar\/\" target=\"_blank\" rel=\"noreferrer noopener\">Fundaci\u00f3n Ambiente y Recursos Naturales<\/a>, que participa en proyectos de recuperaci\u00f3n de tierras degradadas en Argentina.<\/p>\n\n\n\n<p>Di Pangracio habl\u00f3 con Noticias ONU en Riad, capital de Arabia Saud\u00ed, donde asiste a la &nbsp;<a href=\"https:\/\/www.unccd.int\/convention\/overview\" target=\"_blank\" rel=\"noreferrer noopener\">Convenci\u00f3n de las Naciones Unidas de Lucha contra la Desertificaci\u00f3n<\/a>&nbsp;(COP16) centrada en la degradaci\u00f3n de los suelos, la sequ\u00eda y la recuperaci\u00f3n de tierras.<\/p>\n\n\n\n<p><strong>La letrada trabaja en la cuenca de Matanza Riachuelo<\/strong>, una zona contaminada en las afueras de Buenos Aires,&nbsp;<strong>donde viven unos 4,5 millones de personas<\/strong>, muchas de ellas en situaci\u00f3n de vulnerabilidad socioambiental u otras circunstancias dif\u00edciles.<\/p>\n\n\n\n<p>Las actividades de restauraci\u00f3n que lleva a cabo su Fundaci\u00f3n incluyen la plantaci\u00f3n de flora aut\u00f3ctona y la eliminaci\u00f3n de especies invasoras no aut\u00f3ctonas en unas 4,5 hect\u00e1reas, as\u00ed como la construcci\u00f3n de miradores y senderos interpretativos y la limpieza de vertederos ilegales.<\/p>\n\n\n\n<p>\u201cParte de nuestro trabajo consiste en acercar a la gente, sobre todo a los j\u00f3venes, a este humedal natural restaurado. Muchos viven cerca, en zonas muy urbanas y urbanizadas, y pueden proceder de entornos dif\u00edciles o violentos, pero&nbsp;<strong>nunca han visto esta tierra o ni siquiera sab\u00edan de su existencia<\/strong>\u201d, explica Di Pangracio.<\/p>\n\n\n\n<figure class=\"wp-block-image\"><img data-recalc-dims=\"1\" decoding=\"async\" src=\"https:\/\/i0.wp.com\/global.unitednations.entermediadb.net\/assets\/mediadb\/services\/module\/asset\/downloads\/preset\/Collections\/Embargoed\/04-12-2024-Ana-Di-Pangracio.jpg\/image1170x530cropped.jpg?w=640&#038;ssl=1\" alt=\"Ana Di Pangracio asiste a la conferencia sobre desertificaci\u00f3n COP16 en Riad, Arabia Saud\u00ed.\" title=\"Ana Di Pangracio asiste a la conferencia sobre desertificaci\u00f3n COP16 en Riad, Arabia Saud\u00ed.\"\/><\/figure>\n\n\n\n<p>ONU\/Daniel Dickinson<\/p>\n\n\n\n<p>Ana Di Pangracio asiste a la conferencia sobre desertificaci\u00f3n COP16 en Riad, Arabia Saud\u00ed.<\/p>\n\n\n\n<h2 class=\"wp-block-heading\">Emociones y l\u00e1grimas<\/h2>\n\n\n\n<p>La abogada asegura que \u201calgunos se emocionan hasta las l\u00e1grimas\u201d cuando experimentan la naturaleza por primera vez en su vida: \u201c<strong>Les consolamos y les decimos que no pasa nada por emocionarse<\/strong>; me alegro mucho de que puedan conectar con la naturaleza de esta manera, porque veo que nuestro trabajo est\u00e1 teniendo un gran impacto\u201d.<\/p>\n\n\n\n<p>Los ni\u00f1os tambi\u00e9n cuentan la experiencia a sus amigos y profesores, y de esa forma&nbsp; la Fundaci\u00f3n recibr m\u00e1s visitantes.<\/p>\n\n\n\n<p>\u201cMe entusiasma dar a los m\u00e1s j\u00f3venes la oportunidad de disfrutar de la naturaleza y que ellos&nbsp;<strong>se conviertan en los nuevos guardianes de los humedales<\/strong>&nbsp;y lleven el mensaje a sus compa\u00f1eros sobre la importancia de preservar los ecosistemas para las generaciones futuras\u201d, explica.<\/p>\n\n\n\n<p>El trabajo de la Fundaci\u00f3n tiene un componente educativo, ya que ense\u00f1a a los ni\u00f1os la importancia de proteger los humedales, pero tambi\u00e9n las praderas y los bosques aut\u00f3ctonos adyacentes.<\/p>\n\n\n\n<p>\u201cMe dedico a la observaci\u00f3n de aves y, aunque no soy una experta, disfruto mostrando a nuestros visitantes mi ave favorita, el carancho, que es un p\u00e1jaro muy inteligente y divertido que se puede ver en toda Argentina, incluso en zonas urbanas. Es mi forma de conectar con la naturaleza\u201d, comenta.<\/p>\n\n\n\n<p>El reconocimiento de que el derecho a un medio ambiente sano es un derecho humano sustenta todo el trabajo de la Fundaci\u00f3n.<\/p>\n\n\n\n<p><strong>En Argentina hay mucha p\u00e9rdida de tierras, incluidas zonas degradadas por la sequ\u00eda<\/strong>. En 2020, se registr\u00f3 una sequ\u00eda de tres a\u00f1os, la peor en m\u00e1s de 60 a\u00f1os. Esto tuvo graves repercusiones sociales y medioambientales.<\/p>\n\n\n\n<figure class=\"wp-block-image\"><img data-recalc-dims=\"1\" decoding=\"async\" src=\"https:\/\/i0.wp.com\/global.unitednations.entermediadb.net\/assets\/mediadb\/services\/module\/asset\/downloads\/preset\/Collections\/Embargoed\/04-12-2024-FARN-carancho.jpg\/image1170x530cropped.jpg?w=640&#038;ssl=1\" alt=\"Un carancho se posa sobre un cartel en los humedales de la provincia de Buenos Aires.\" title=\"Un carancho se posa sobre un cartel en los humedales de la provincia de Buenos Aires.\"\/><\/figure>\n\n\n\n<p>\u00a9 FARN<\/p>\n\n\n\n<p>Un carancho se posa sobre un cartel en los humedales de la provincia de Buenos Aires.<\/p>\n\n\n\n<h2 class=\"wp-block-heading\">Conferencia de la ONU sobre desertificaci\u00f3n<\/h2>\n\n\n\n<p>Di Pangracio destaca la importancia de participar en la COP16, ya que&nbsp;<strong>brinda la oportunidad de comprometerse con los grupos de la sociedad civil&nbsp;<\/strong>y de considerar la interfaz entre la pol\u00edtica nacional y la mundial en una serie de cuestiones como la restauraci\u00f3n de la tierra y la biodiversidad.<\/p>\n\n\n\n<p>\u201cSi crees en el multilateralismo, es importante estar aqu\u00ed y las organizaciones de la sociedad civil pueden marcar la diferencia\u201d, asegura antes de se\u00f1alar que fue la presi\u00f3n de esas organizaciones la que llev\u00f3 a la inclusi\u00f3n de elementos relacionados con los&nbsp;<a href=\"https:\/\/news.un.org\/es\/news\/topic\/human-rights\">derechos humanos<\/a>&nbsp;y el g\u00e9nero en el&nbsp;<a href=\"https:\/\/www.cbd.int\/\" target=\"_blank\" rel=\"noreferrer noopener\">Convenio sobre la Diversidad Biol\u00f3gica<\/a>&nbsp;y en su recientemente adoptado&nbsp;<a href=\"https:\/\/www.unep.org\/es\/resources\/marco-mundial-de-biodiversidad-de-kunming-montreal\" target=\"_blank\" rel=\"noreferrer noopener\">Marco Mundial para la Diversidad Biol\u00f3gica<\/a>.<\/p>\n\n\n\n<p>En la Convenci\u00f3n de Lucha contra la Desertificaci\u00f3n, la cuesti\u00f3n de la tenencia de la tierra, reflejada en las decisiones de la COP, tambi\u00e9n fue promovida por las organizaciones de la sociedad civil.<\/p>\n\n\n\n<p><strong>El proceso de estas reuniones facilita la inclusi\u00f3n<\/strong>, ya que la sociedad civil puede acceder a las sesiones plenarias y hacer declaraciones, por lo que se nos escucha.<\/p>\n\n\n\n<p>Estas organizaciones a\u00fan no pueden participar en las reuniones de los grupos de contacto de las COP, pero Di Pangracio espera que alg\u00fan d\u00eda lo hagan. \u201cSomos conscientes de que en de otros foros internacionales, como las COP de la ONU sobre el clima, no tienen el mismo nivel de acceso\u201d.<\/p>\n\n\n\n<p><\/p>\n\n\n\n<p>news.un.org<\/p>\n","protected":false},"excerpt":{"rendered":"<p>Una Fundaci\u00f3n ambientalista lleva a los ni\u00f1os de una zona contaminada a las afueras de la capital argentina a visitar proyectos de recuperaci\u00f3n de tierras degradas. Los menores sienten la emoci\u00f3n de su primer contacto con el campo. &nbsp; Una Fundaci\u00f3n ambientalista lleva a los ni\u00f1os de una zona contaminada a las afueras de la [&hellip;]<\/p>\n","protected":false},"author":1,"featured_media":176750,"comment_status":"closed","ping_status":"closed","sticky":false,"template":"","format":"standard","meta":{"_acf_changed":false,"_jetpack_memberships_contains_paid_content":false,"footnotes":"","jetpack_publicize_message":"","jetpack_publicize_feature_enabled":true,"jetpack_social_post_already_shared":true,"jetpack_social_options":{"image_generator_settings":{"template":"highway","default_image_id":0,"font":"","enabled":false},"version":2}},"categories":[6],"tags":[],"class_list":["post-176749","post","type-post","status-publish","format-standard","has-post-thumbnail","hentry","category-ecologia"],"acf":[],"jetpack_publicize_connections":[],"jetpack_featured_media_url":"https:\/\/i0.wp.com\/sportseco.com\/wp-content\/uploads\/2024\/12\/image1170x530cropped-2.jpg?fit=1170%2C530&ssl=1","jetpack_sharing_enabled":true,"_links":{"self":[{"href":"https:\/\/sportseco.com\/index.php?rest_route=\/wp\/v2\/posts\/176749","targetHints":{"allow":["GET"]}}],"collection":[{"href":"https:\/\/sportseco.com\/index.php?rest_route=\/wp\/v2\/posts"}],"about":[{"href":"https:\/\/sportseco.com\/index.php?rest_route=\/wp\/v2\/types\/post"}],"author":[{"embeddable":true,"href":"https:\/\/sportseco.com\/index.php?rest_route=\/wp\/v2\/users\/1"}],"replies":[{"embeddable":true,"href":"https:\/\/sportseco.com\/index.php?rest_route=%2Fwp%2Fv2%2Fcomments&post=176749"}],"version-history":[{"count":1,"href":"https:\/\/sportseco.com\/index.php?rest_route=\/wp\/v2\/posts\/176749\/revisions"}],"predecessor-version":[{"id":176751,"href":"https:\/\/sportseco.com\/index.php?rest_route=\/wp\/v2\/posts\/176749\/revisions\/176751"}],"wp:featuredmedia":[{"embeddable":true,"href":"https:\/\/sportseco.com\/index.php?rest_route=\/wp\/v2\/media\/176750"}],"wp:attachment":[{"href":"https:\/\/sportseco.com\/index.php?rest_route=%2Fwp%2Fv2%2Fmedia&parent=176749"}],"wp:term":[{"taxonomy":"category","embeddable":true,"href":"https:\/\/sportseco.com\/index.php?rest_route=%2Fwp%2Fv2%2Fcategories&post=176749"},{"taxonomy":"post_tag","embeddable":true,"href":"https:\/\/sportseco.com\/index.php?rest_route=%2Fwp%2Fv2%2Ftags&post=176749"}],"curies":[{"name":"wp","href":"https:\/\/api.w.org\/{rel}","templated":true}]}}