{"id":176760,"date":"2024-12-05T17:50:06","date_gmt":"2024-12-05T22:50:06","guid":{"rendered":"https:\/\/sportseco.com\/?p=176760"},"modified":"2024-12-05T17:50:28","modified_gmt":"2024-12-05T22:50:28","slug":"tras-acuerdo-de-paz-la-deforestacion-en-la-amazonia-colombiana-se-disparo-177","status":"publish","type":"post","link":"https:\/\/sportseco.com\/?p=176760","title":{"rendered":"Tras Acuerdo de Paz la deforestaci\u00f3n en la Amazonia colombiana se dispar\u00f3 177 %"},"content":{"rendered":"\n<p>La salida de la guerrilla de las Fuerzas Armadas Revolucionarias de Colombia (FARC-EP) de la regi\u00f3n amaz\u00f3nica, donde hicieron presencia desde mediados de 1980 para controlar las econom\u00edas il\u00edcitas, permiti\u00f3 que se desarrollaran actividades como la ganader\u00eda a gran escala, el acaparamiento de tierras y la explotaci\u00f3n de hidrocarburos; y adem\u00e1s se aumentaron la miner\u00eda ilegal y los cultivos de uso il\u00edcito, que han acelerado la devastaci\u00f3n de la selva.<\/p>\n\n\n\n<p><em>5 de diciembre de 2024<\/em><\/p>\n\n\n\n<p>Stephanie Garz\u00f3n | Periodista Unimedios Sede Bogot\u00e1s<\/p>\n\n\n\n<p><img data-recalc-dims=\"1\" decoding=\"async\" src=\"https:\/\/i0.wp.com\/periodico.unal.edu.co\/uploads\/2024\/diciembre\/PeriodicoUNAL-051224-1-am.jpg?w=640&#038;ssl=1\" alt=\"La tala de bosques se duplic\u00f3 en los municipios donde la guerrilla de las FARC ten\u00eda presencia. Foto: Juancho Torres Anadolu AgencyAnadolu v\u00eda AFP.\"\/>La tala de bosques se duplic\u00f3 en los municipios donde la guerrilla de las FARC ten\u00eda presencia. Foto: Juancho Torres Anadolu AgencyAnadolu v\u00eda AFP.<\/p>\n\n\n\n<p>Luego de la firma del Acuerdo Final de Paz en 2016, en los municipios que estaban controlados por esta organizaci\u00f3n se registr\u00f3 un aumento de 177% en la deforestaci\u00f3n \u2013frente a 90% en los municipios sin su influencia\u2013, acelerando la amenaza de uno de los ecosistemas m\u00e1s biodiversos del pa\u00eds, una consecuencia asociada con el vac\u00edo de autoridad tras el retiro de las FARC, que se tradujo en cambios en las reglas de uso del suelo y en la llegada de nuevos actores tanto armados como civiles.<\/p>\n\n\n\n<p>Esta cifra es producto de la investigaci\u00f3n de Valentina Cano Giraldo, mag\u00edster en Medio Ambiente y Desarrollo de la Universidad Nacional de Colombia (UNAL), quien realiz\u00f3 un an\u00e1lisis detallado de las 79 entidades territoriales amaz\u00f3nicas, incluyendo municipios y \u00e1reas no municipalizadas como El Encanto y La Chorrera, utilizando datos del Ideam y alertas tempranas de deforestaci\u00f3n, de 2013 a 2022, para evidenciar la evoluci\u00f3n de este fen\u00f3meno.<\/p>\n\n\n\n<p>\u201cMi investigaci\u00f3n aborda c\u00f3mo la transici\u00f3n del control territorial en la Amazonia, tras m\u00e1s de 5 d\u00e9cadas de conflicto armado, ha dejado a estos ecosistemas vulnerables frente a actores legales e ilegales\u201d, comenta la mag\u00edster Cano.<\/p>\n\n\n\n<p><img data-recalc-dims=\"1\" decoding=\"async\" src=\"https:\/\/i0.wp.com\/periodico.unal.edu.co\/uploads\/2024\/diciembre\/PeriodicoUNAL-051224-2-am.jpg?w=640&#038;ssl=1\" alt=\"Mapa de la deforestaci\u00f3n en la Amazonia colombiana como porcentaje del total nacional (2014-2021). Mapa: Valentina Cano Giraldo, mag\u00edster en Medio Ambiente y Desarrollo de la UNAL.\"\/>Mapa de la deforestaci\u00f3n en la Amazonia colombiana como porcentaje del total nacional (2014-2021). Mapa: Valentina Cano Giraldo, mag\u00edster en Medio Ambiente y Desarrollo de la UNAL.<\/p>\n\n\n\n<h3 class=\"wp-block-heading\">Un vac\u00edo de control con consecuencias ambientales<\/h3>\n\n\n\n<p>Las FARC-EP tuvieron presencia en 42 de las 79 entidades territoriales de la regi\u00f3n Amaz\u00f3nica, en las que impusieron normas e impuestos a actividades econ\u00f3micas, lo que generaba un control sobre el uso del suelo. \u201cTras la firma del Acuerdo, estos territorios, antes inasequibles, se convirtieron en un objetivo para actividades como la miner\u00eda ilegal, el acaparamiento de tierras y la expansi\u00f3n de la ganader\u00eda\u201d, se\u00f1ala la investigadora.<\/p>\n\n\n\n<p>Antes de la reincorporaci\u00f3n, el 49% de la deforestaci\u00f3n nacional se concentraba en la Amazonia, pero tras este proceso la cifra lleg\u00f3 al 70,3%. Solo de 2016 (cuando se firm\u00f3 el Acuerdo) a 2017 este fen\u00f3meno aument\u00f3 87%, al pasar de 83.533 a 156.560 hect\u00e1reas de selva arrasadas respectivamente, seg\u00fan los resultados de la investigaci\u00f3n.<\/p>\n\n\n\n<p>Aunque este proceso de paz marc\u00f3 un hito crucial para la superaci\u00f3n del conflicto en Colombia, la implementaci\u00f3n del Acuerdo ha puesto de manifiesto las profundas dificultades que enfrentan los territorios antes controlados por la guerrilla para adaptarse a las nuevas condiciones. Por ejemplo, San Vicente del Cagu\u00e1n, Cartagena del Chair\u00e1, San Jos\u00e9 del Guaviare y La Macarena han sido los municipios con mayor deforestaci\u00f3n en el pa\u00eds entre 2017 y 2021.<\/p>\n\n\n\n<p>Entre 2013 y 2021 Colombia registr\u00f3 1.485.734 hect\u00e1reas deforestadas, con un marcado aumento a partir de 2016, a\u00f1o que coincide con la firma del Acuerdo. En el contexto de la Amazonia la situaci\u00f3n es a\u00fan m\u00e1s cr\u00edtica: entre 2014 y 2021 se perdieron 866.779 hect\u00e1reas, siendo Caquet\u00e1 el departamento con mayor deforestaci\u00f3n, con 290.560 hect\u00e1reas afectadas. Las entidades territoriales del Meta tambi\u00e9n presentan cifras alarmantes, con 229.898 hect\u00e1reas deforestadas en el mismo per\u00edodo.<\/p>\n\n\n\n<p><img data-recalc-dims=\"1\" decoding=\"async\" src=\"https:\/\/i0.wp.com\/periodico.unal.edu.co\/uploads\/2024\/diciembre\/PeriodicoUNAL-051224-3-am.jpg?w=640&#038;ssl=1\" alt=\"Caquet\u00e1, Meta y Guaviare pasaron de representar el 35 % de la deforestaci\u00f3n nacional antes de 2016, al 59 % en el posacuerdo. Foto: Juancho Torres Anadolu AgencyAnadolu v\u00eda AFP. \"\/>Caquet\u00e1, Meta y Guaviare pasaron de representar el 35 % de la deforestaci\u00f3n nacional antes de 2016, al 59 % en el posacuerdo. Foto: Juancho Torres Anadolu AgencyAnadolu v\u00eda AFP.<\/p>\n\n\n\n<h3 class=\"wp-block-heading\">Causas de la deforestaci\u00f3n<\/h3>\n\n\n\n<p>El principal motor de la deforestaci\u00f3n es la expansi\u00f3n de la frontera agr\u00edcola, impulsada por la ganader\u00eda extensiva. Los tres departamentos que lideran las cifras de p\u00e9rdida de cobertura vegetal son a su vez los que lideran esta actividad en la regi\u00f3n. As\u00ed mismo, en el posacuerdo se han incrementado las cabezas de ganado, de cerca de 3 millones en 2016 a casi 4,5 millones en 2021.<\/p>\n\n\n\n<p>Esta din\u00e1mica, impulsada por grupos armados, genera praderizaci\u00f3n de terrenos para convertirlos en pastizales para la cr\u00eda de ganado. Mientras las FARC limitaban las hect\u00e1reas que se pod\u00edan deforestar por cantidad de animales, de 4 a 5 anuales, despu\u00e9s de la firma los colonos y otros actores han establecido fincas de hasta 1.000 hect\u00e1reas, seg\u00fan los resultados de la investigaci\u00f3n. Este fen\u00f3meno tambi\u00e9n ha sido incentivado por la promesa de formalizaci\u00f3n de 7 millones de hect\u00e1reas contempladas en el Acuerdo.<\/p>\n\n\n\n<p>En este contexto, las \u00c1reas Protegidas del Sistema de Parques Nacionales Naturales (SPNN) en la regi\u00f3n Amaz\u00f3nica tambi\u00e9n han experimentado un aumento del 169% en la deforestaci\u00f3n entre el per\u00edodo anterior a la firma del Acuerdo (2013-2016) y el posterior (2017-2021). Este incremento resalta la falta de capacidad del Estado para gestionar y proteger estos territorios estrat\u00e9gicos.<\/p>\n\n\n\n<p>Entre los impulsores identificados tambi\u00e9n destaca la miner\u00eda, tanto la l\u00edcita como la il\u00edcita. Desde 2013 la primera registra 196 t\u00edtulos mineros y 1.208 solicitudes, varios de ellos en municipios donde la guerrilla ten\u00eda presencia. En cuanto a las actividades al margen de la ley, la miner\u00eda de oro de aluvi\u00f3n ha mostrado un incremento y se encuentra presente en 30 entidades territoriales.<\/p>\n\n\n\n<p><img data-recalc-dims=\"1\" decoding=\"async\" src=\"https:\/\/i0.wp.com\/periodico.unal.edu.co\/uploads\/2024\/diciembre\/PeriodicoUNAL-051224-4-am.jpg?w=640&#038;ssl=1\" alt=\"Los factores detr\u00e1s de la deforestaci\u00f3n son: miner\u00eda il\u00edcita, cultivos il\u00edcitos y ganader\u00eda extensiva, y explotaci\u00f3n de hidrocarburos. Foto: Andr\u00e9s Almeida.\"\/>Los factores detr\u00e1s de la deforestaci\u00f3n son: miner\u00eda il\u00edcita, cultivos il\u00edcitos y ganader\u00eda extensiva, y explotaci\u00f3n de hidrocarburos. Foto: Andr\u00e9s Almeida.<\/p>\n\n\n\n<p>En cuanto a los cultivos de uso il\u00edcito, entre 2020 y 2021 se registr\u00f3 un incremento en todos los departamentos de la regi\u00f3n, as\u00ed: Amazonas 20%, Meta 33%, Guaviare 37%, Putumayo 41%, Cauca 51%, Caquet\u00e1 79%, Nari\u00f1o 84%, Vichada 157%, y Guain\u00eda 158% (c\u00e1lculos propios realizados a partir del Ap\u00e9ndice 5). Esto genera preocupaci\u00f3n, pues, seg\u00fan la investigadora, para producir un gramo de clorhidrato de coca\u00edna puro se requiere un \u00e1rea de 1,26m2, que se convierten en bosques deforestados.<\/p>\n\n\n\n<p>Los datos presentados en la investigaci\u00f3n demuestran que la deforestaci\u00f3n en la Amazonia no solo ha aumentado en cifras absolutas, sino que adem\u00e1s ha comprometido a\u00fan m\u00e1s la estabilidad de uno de los ecosistemas m\u00e1s vitales del planeta. Esto pone en duda el cumplimiento del objetivo del Gobierno nacional de alcanzar una deforestaci\u00f3n neta cero para 2030, tal como se propone en el Conpes 4021 de 2020 (documento de pol\u00edtica p\u00fablica que establece acciones para alcanzar objetivos propuestos por el Consejo Nacional de Pol\u00edtica Econ\u00f3mica y Social).<\/p>\n\n\n\n<h3 class=\"wp-block-heading\">Un legado ambiental en riesgo<\/h3>\n\n\n\n<p>\u201cEl Acuerdo de Paz, aunque crucial para la reconstrucci\u00f3n social, dej\u00f3 un vac\u00edo de autoridad en la Amazonia, lo cual permiti\u00f3 que actores con intereses econ\u00f3micos avanzaran sobre territorios vulnerables exacerbando la crisis ambiental\u201d, enfatiza la investigadora.<\/p>\n\n\n\n<p><img data-recalc-dims=\"1\" decoding=\"async\" src=\"https:\/\/i0.wp.com\/periodico.unal.edu.co\/uploads\/2024\/diciembre\/PeriodicoUNAL-051224-5-am.jpg?w=640&#038;ssl=1\" alt=\"Entre 2014 y 2021 se deforestaron 290.000 hect\u00e1reas en Caquet\u00e1. Foto: Ra\u00fal Arboleda AFP.\"\/>Entre 2014 y 2021 se deforestaron 290.000 hect\u00e1reas en Caquet\u00e1. Foto: Ra\u00fal Arboleda AFP.<\/p>\n\n\n\n<p>El impacto de esta deforestaci\u00f3n no es solo local, pues la p\u00e9rdida de bosques tropicales tambi\u00e9n tiene consecuencias globales, desde la disminuci\u00f3n de biodiversidad hasta el aumento de emisiones de carbono.<\/p>\n\n\n\n<p>Para la mag\u00edster, \u201ces importante integrar un enfoque ambiental en las pol\u00edticas p\u00fablicas posconflicto. La Amazonia es m\u00e1s que el pulm\u00f3n del planeta, es un patrimonio cultural y ecol\u00f3gico invaluable; protegerla requiere una gesti\u00f3n territorial efectiva que involucre a las comunidades locales y garantice su sostenibilidad\u201d.<\/p>\n\n\n\n<p>Este estudio no solo aporta datos alarmantes sobre la deforestaci\u00f3n, sino que adem\u00e1s plantea la necesidad urgente de repensar las estrategias de desarrollo en zonas hist\u00f3ricamente afectadas por el conflicto armado. \u201cEl futuro de la Amazonia depende de las decisiones que tomemos hoy como pa\u00eds y como comunidad internacional\u201d, concluye la investigadora.<\/p>\n\n\n\n<p><\/p>\n\n\n\n<p>periodico.unal.edu.co<\/p>\n","protected":false},"excerpt":{"rendered":"<p>La salida de la guerrilla de las Fuerzas Armadas Revolucionarias de Colombia (FARC-EP) de la regi\u00f3n amaz\u00f3nica, donde hicieron presencia desde mediados de 1980 para controlar las econom\u00edas il\u00edcitas, permiti\u00f3 que se desarrollaran actividades como la ganader\u00eda a gran escala, el acaparamiento de tierras y la explotaci\u00f3n de hidrocarburos; y adem\u00e1s se aumentaron la miner\u00eda [&hellip;]<\/p>\n","protected":false},"author":1,"featured_media":176761,"comment_status":"closed","ping_status":"closed","sticky":false,"template":"","format":"standard","meta":{"_acf_changed":false,"_jetpack_memberships_contains_paid_content":false,"footnotes":"","jetpack_publicize_message":"","jetpack_publicize_feature_enabled":true,"jetpack_social_post_already_shared":true,"jetpack_social_options":{"image_generator_settings":{"template":"highway","default_image_id":0,"font":"","enabled":false},"version":2}},"categories":[6],"tags":[],"class_list":["post-176760","post","type-post","status-publish","format-standard","has-post-thumbnail","hentry","category-ecologia"],"acf":[],"jetpack_publicize_connections":[],"jetpack_featured_media_url":"https:\/\/i0.wp.com\/sportseco.com\/wp-content\/uploads\/2024\/12\/PeriodicoUNAL-051224-1-am.jpg?fit=1400%2C787&ssl=1","jetpack_sharing_enabled":true,"_links":{"self":[{"href":"https:\/\/sportseco.com\/index.php?rest_route=\/wp\/v2\/posts\/176760","targetHints":{"allow":["GET"]}}],"collection":[{"href":"https:\/\/sportseco.com\/index.php?rest_route=\/wp\/v2\/posts"}],"about":[{"href":"https:\/\/sportseco.com\/index.php?rest_route=\/wp\/v2\/types\/post"}],"author":[{"embeddable":true,"href":"https:\/\/sportseco.com\/index.php?rest_route=\/wp\/v2\/users\/1"}],"replies":[{"embeddable":true,"href":"https:\/\/sportseco.com\/index.php?rest_route=%2Fwp%2Fv2%2Fcomments&post=176760"}],"version-history":[{"count":2,"href":"https:\/\/sportseco.com\/index.php?rest_route=\/wp\/v2\/posts\/176760\/revisions"}],"predecessor-version":[{"id":176763,"href":"https:\/\/sportseco.com\/index.php?rest_route=\/wp\/v2\/posts\/176760\/revisions\/176763"}],"wp:featuredmedia":[{"embeddable":true,"href":"https:\/\/sportseco.com\/index.php?rest_route=\/wp\/v2\/media\/176761"}],"wp:attachment":[{"href":"https:\/\/sportseco.com\/index.php?rest_route=%2Fwp%2Fv2%2Fmedia&parent=176760"}],"wp:term":[{"taxonomy":"category","embeddable":true,"href":"https:\/\/sportseco.com\/index.php?rest_route=%2Fwp%2Fv2%2Fcategories&post=176760"},{"taxonomy":"post_tag","embeddable":true,"href":"https:\/\/sportseco.com\/index.php?rest_route=%2Fwp%2Fv2%2Ftags&post=176760"}],"curies":[{"name":"wp","href":"https:\/\/api.w.org\/{rel}","templated":true}]}}