{"id":176781,"date":"2024-12-06T08:39:58","date_gmt":"2024-12-06T13:39:58","guid":{"rendered":"https:\/\/sportseco.com\/?p=176781"},"modified":"2024-12-06T08:40:03","modified_gmt":"2024-12-06T13:40:03","slug":"colombia-las-desapariciones-forzadas-no-son-un-legado-del-pasado-sino-una-realidad-cotidiana","status":"publish","type":"post","link":"https:\/\/sportseco.com\/?p=176781","title":{"rendered":"Colombia: las desapariciones forzadas no son un legado del pasado, sino una realidad cotidiana"},"content":{"rendered":"\n<p>A pesar de d\u00e9cadas de esfuerzos por poner fin a este flagelo, decenas de miles de v\u00edctimas siguen en paradero desconocido y las familias viven sumidas en la desesperaci\u00f3n. La ONU pide acciones inmediatas para acabar con un sistema que deja a las v\u00edctimas y sus familias atrapadas \u201cen callejones burocr\u00e1ticos sin salida\u201d.&nbsp;<\/p>\n\n\n\n<p>El&nbsp;<a href=\"https:\/\/www.ohchr.org\/es\/treaty-bodies\/ced\" target=\"_blank\" rel=\"noreferrer noopener\">Comit\u00e9 de la ONU contra la Desaparici\u00f3n Forzada<\/a>&nbsp;concluy\u00f3 este jueves su visita a Colombia, resaltando deficiencias sist\u00e9micas como la fragmentaci\u00f3n del marco jur\u00eddico, la ineficacia institucional, y la falta de claridad sobre el n\u00famero real de personas desaparecidas.<\/p>\n\n\n\n<p>Durante su misi\u00f3n, que comenz\u00f3 el 21 de noviembre, la delegaci\u00f3n se reuni\u00f3 con 80 autoridades, entre ellas la ministra de Justicia, la fiscal general, la defensora del pueblo, v\u00edctimas y organizaciones de la sociedad civil en Bogot\u00e1, Cali, C\u00facuta, Medell\u00edn, Santa Marta y Villavicencio.<\/p>\n\n\n\n<p>Tambi\u00e9n visit\u00f3 cinco centros de detenci\u00f3n y asisti\u00f3 a diligencias en cementerios desbordados de cuerpos sin identificar, y un crematorio.<\/p>\n\n\n\n<p>\u201cAunque las desapariciones forzadas en Colombia comenzaron en la d\u00e9cada de 1940, no son s\u00f3lo un crimen del pasado.&nbsp;<strong>Siguen ocurriendo a diario en todo el pa\u00eds en diferentes circunstancias<\/strong>\u201d, declar\u00f3 la delegaci\u00f3n.<\/p>\n\n\n\n<h2 class=\"wp-block-heading\">Familias que no saben a qui\u00e9n acudir<\/h2>\n\n\n\n<p>Los hallazgos preliminares de la delegaci\u00f3n apuntan a que la desaparici\u00f3n forzada abarca todos los grupos de edad y demogr\u00e1ficos, y afecta a ni\u00f1os, ni\u00f1as y adolescentes, l\u00edderes sociales, migrantes, periodistas, combatientes desmovilizados y maestros, entre otros.<\/p>\n\n\n\n<p>Son especialmente alarmantes los casos de reclutamiento forzado, trata de personas, desplazamiento forzado y migraci\u00f3n, as\u00ed como las desapariciones vinculadas a protestas sociales, indica la Comisi\u00f3n.<\/p>\n\n\n\n<p>Tambi\u00e9n son preocupantes las barreras a las que se enfrentan las familias a la hora de buscar apoyo, debido al complejo marco legal e institucional.<\/p>\n\n\n\n<p>Una v\u00edctima comparti\u00f3 su frustraci\u00f3n con la delegaci\u00f3n: \u201c<strong>No sabemos a d\u00f3nde acudir. No tenemos la informaci\u00f3n y conocimiento para exigir nuestros derechos<\/strong>. Lo que nos digan las autoridades, lo creemos. Pero, muchas veces, dicen cosas confusas y parece que no quieren atender nuestro caso. Nosotros, la familia, estamos baleados entre las instituciones, sin final a la vista\u201d.<\/p>\n\n\n\n<h2 class=\"wp-block-heading\">Mandatos que se duplican y un sinf\u00edn de instituciones<\/h2>\n\n\n\n<p>La Comisi\u00f3n enfatiz\u00f3 que hay mandatos que se solapan y una coordinaci\u00f3n ineficaz. Entidades como la Comisi\u00f3n Nacional de B\u00fasqueda, el Sistema Nacional de B\u00fasqueda y la Unidad de B\u00fasqueda de Personas Desaparecidas creada por la Jurisdicci\u00f3n Especial para la Paz, por ejemplo, cuentan mandatos duplicados.&nbsp;<\/p>\n\n\n\n<p>Se estima que, si una de estas unidades inicia un proceso de b\u00fasqueda, tendr\u00eda que coordinarse con alrededor de 60 otras autoridades nacionales y territoriales. Estas instituciones suelen trabajar en silos, dejando a las v\u00edctimas atrapadas \u201cen callejones burocr\u00e1ticos sin salida\u201d.<\/p>\n\n\n\n<p>Los funcionarios admitieron que las reuniones de coordinaci\u00f3n, aunque numerosas, rara vez se traducen en acciones concretas. \u201cNos reunimos y nos reunimos m\u00e1s\u201d, dijo un funcionario a la delegaci\u00f3n. \u201cPero hay tantas mesas que nos quedan dos opciones: no ir, o no hacer nuestro trabajo base\u201d.<\/p>\n\n\n\n<p>La ausencia de un registro centralizado y fiable de personas desaparecidas agrava el problema. Las cifras comunicadas al Comit\u00e9 oscilan entre 98.000 y 200.000.&nbsp;<strong>Las discrepancias entre los registros institucionales hacen imposible determinar el verdadero alcance.<\/strong><\/p>\n\n\n\n<p>El miedo a las represalias y la falta de confianza en las autoridades desalientan a\u00fan m\u00e1s las denuncias, sobre todo en las zonas controladas por grupos armados y el crimen organizado.<\/p>\n\n\n\n<p>Las v\u00edctimas de comunidades marginadas, como migrantes, personas con discapacidad, pueblos ind\u00edgenas, personas afrocolombianas y personas LGBTIQ+, se enfrentan adem\u00e1s a obst\u00e1culos geogr\u00e1ficos, ling\u00fc\u00edsticos y de otro tipo.<\/p>\n\n\n\n<p>Miles de cad\u00e1veres sin identificar yacen en cementerios o dep\u00f3sitos mal administrados, como un hangar del aeropuerto de Bogot\u00e1, donde actualmente se almacenan unos 20.000 cuerpos sin identificar.<\/p>\n\n\n\n<h2 class=\"wp-block-heading\">Simplificar el sistema para que sirva a las v\u00edctimas y no al rev\u00e9s<\/h2>\n\n\n\n<p>El Comit\u00e9 pidi\u00f3 acciones inmediatas y concretas, haciendo hincapi\u00e9 en que reforzar la coordinaci\u00f3n entre las instituciones existentes es un primer paso fundamental.<\/p>\n\n\n\n<p>\u201cRacionalizar los mandatos, reducir el solapamiento burocr\u00e1tico y fomentar la colaboraci\u00f3n son esenciales para que el sistema trabaje a favor de las v\u00edctimas y no en su contra\u201d, afirm\u00f3 la delegaci\u00f3n, a\u00f1adiendo que \u201cno se trata de crear m\u00e1s instituciones o leyes, sino de articular y reforzar las que ya existen\u201d.<\/p>\n\n\n\n<p>El Comit\u00e9 tambi\u00e9n subray\u00f3 la necesidad de contar con suficiente financiaci\u00f3n y personal especializado y hacer frente a la impunidad. \u201cDeben reforzarse los mecanismos de rendici\u00f3n de cuentas para garantizar que los funcionarios y las instituciones sean considerados responsables de sus acciones, o de su inacci\u00f3n\u201d, afirm\u00f3.<\/p>\n\n\n\n<p>Por otra parte, destacaron el compromiso y la profesionalidad de algunos funcionarios para hacer frente a la desaparici\u00f3n forzada. \u201cEste nivel de dedicaci\u00f3n debe convertirse en la norma\u201d, indicaron.<\/p>\n\n\n\n<p>\u201cLas familias de los desaparecidos merecen claridad, justicia y rendici\u00f3n de cuentas. Cada persona desaparecida representa una familia que espera respuestas, una comunidad desgarrada y una sociedad que se enfrenta a un dolor sin resolver\u201d, afirm\u00f3 la delegaci\u00f3n.<\/p>\n\n\n\n<p>El Comit\u00e9, que ha compartido sus&nbsp;<a href=\"https:\/\/tbinternet.ohchr.org\/_layouts\/15\/treatybodyexternal\/Download.aspx?symbolno=INT%2FCED%2FSTA%2FCOL%2F60557&amp;Lang=en\" target=\"_blank\" rel=\"noreferrer noopener\">hallazgos preliminares<\/a>&nbsp;con las autoridades colombianas, publicar\u00e1 un informe completo en abril de 2025.<\/p>\n\n\n\n<p>La delegaci\u00f3n estuvo compuesta por Carmen Rosa Villa Quintana, miembro y ex presidenta del Comit\u00e9, Juan Pablo Alb\u00e1n Alencastro, relator del Comit\u00e9, Albane Prophette-Pallasco, secretaria del Comit\u00e9, y Carla Villarreal L\u00f3pez, oficial de&nbsp;<a href=\"https:\/\/news.un.org\/es\/news\/topic\/human-rights\">derechos humanos<\/a>.<\/p>\n\n\n\n<p><\/p>\n\n\n\n<p>news.un.org<\/p>\n","protected":false},"excerpt":{"rendered":"<p>A pesar de d\u00e9cadas de esfuerzos por poner fin a este flagelo, decenas de miles de v\u00edctimas siguen en paradero desconocido y las familias viven sumidas en la desesperaci\u00f3n. La ONU pide acciones inmediatas para acabar con un sistema que deja a las v\u00edctimas y sus familias atrapadas \u201cen callejones burocr\u00e1ticos sin salida\u201d.&nbsp; El&nbsp;Comit\u00e9 de [&hellip;]<\/p>\n","protected":false},"author":1,"featured_media":176782,"comment_status":"closed","ping_status":"closed","sticky":false,"template":"","format":"standard","meta":{"_acf_changed":false,"_jetpack_memberships_contains_paid_content":false,"footnotes":"","jetpack_publicize_message":"","jetpack_publicize_feature_enabled":true,"jetpack_social_post_already_shared":true,"jetpack_social_options":{"image_generator_settings":{"template":"highway","default_image_id":0,"font":"","enabled":false},"version":2}},"categories":[6],"tags":[],"class_list":["post-176781","post","type-post","status-publish","format-standard","has-post-thumbnail","hentry","category-ecologia"],"acf":[],"jetpack_publicize_connections":[],"jetpack_featured_media_url":"https:\/\/i0.wp.com\/sportseco.com\/wp-content\/uploads\/2024\/12\/image1170x530cropped-1-1.jpg?fit=1170%2C530&ssl=1","jetpack_sharing_enabled":true,"_links":{"self":[{"href":"https:\/\/sportseco.com\/index.php?rest_route=\/wp\/v2\/posts\/176781","targetHints":{"allow":["GET"]}}],"collection":[{"href":"https:\/\/sportseco.com\/index.php?rest_route=\/wp\/v2\/posts"}],"about":[{"href":"https:\/\/sportseco.com\/index.php?rest_route=\/wp\/v2\/types\/post"}],"author":[{"embeddable":true,"href":"https:\/\/sportseco.com\/index.php?rest_route=\/wp\/v2\/users\/1"}],"replies":[{"embeddable":true,"href":"https:\/\/sportseco.com\/index.php?rest_route=%2Fwp%2Fv2%2Fcomments&post=176781"}],"version-history":[{"count":1,"href":"https:\/\/sportseco.com\/index.php?rest_route=\/wp\/v2\/posts\/176781\/revisions"}],"predecessor-version":[{"id":176783,"href":"https:\/\/sportseco.com\/index.php?rest_route=\/wp\/v2\/posts\/176781\/revisions\/176783"}],"wp:featuredmedia":[{"embeddable":true,"href":"https:\/\/sportseco.com\/index.php?rest_route=\/wp\/v2\/media\/176782"}],"wp:attachment":[{"href":"https:\/\/sportseco.com\/index.php?rest_route=%2Fwp%2Fv2%2Fmedia&parent=176781"}],"wp:term":[{"taxonomy":"category","embeddable":true,"href":"https:\/\/sportseco.com\/index.php?rest_route=%2Fwp%2Fv2%2Fcategories&post=176781"},{"taxonomy":"post_tag","embeddable":true,"href":"https:\/\/sportseco.com\/index.php?rest_route=%2Fwp%2Fv2%2Ftags&post=176781"}],"curies":[{"name":"wp","href":"https:\/\/api.w.org\/{rel}","templated":true}]}}