{"id":176799,"date":"2024-12-06T13:29:46","date_gmt":"2024-12-06T18:29:46","guid":{"rendered":"https:\/\/sportseco.com\/?p=176799"},"modified":"2024-12-06T13:29:51","modified_gmt":"2024-12-06T18:29:51","slug":"convocatoria-de-la-seleccion-colombia-masculina-sub-20-para-microciclo-de-trabajo-diciembre-2024","status":"publish","type":"post","link":"https:\/\/sportseco.com\/?p=176799","title":{"rendered":"Convocatoria de la Selecci\u00f3n Colombia Masculina Sub 20 para microciclo de trabajo \u2013 diciembre 2024"},"content":{"rendered":"\n<p>El director t\u00e9cnico de la Selecci\u00f3n Colombia Masculina Sub-20,&nbsp;<strong>C\u00e9sar Torres, dio a conocer la lista de 26 jugadores que concentrar\u00e1n del 12 al 22 de diciembre del 2024 en la Sede Deportiva de la Federaci\u00f3n Colombiana de F\u00fatbol en Barranquilla<\/strong>.&nbsp;Luego, para cerrar el a\u00f1o, volver\u00e1n a reunirse del 26 al 30 de diciembre en la Sede Deportiva de la FCF en Bogot\u00e1.<\/p>\n\n\n\n<p>El ciclo hace parte del proceso de preparaci\u00f3n hacia el CONMEBOL Sudamericano Sub-20 del 2025.&nbsp;<\/p>\n\n\n\n<p>A continuaci\u00f3n l<strong>a lista de jugadores llamados a participar en el ciclo de preparaci\u00f3n:<\/strong><\/p>\n\n\n\n<ul class=\"wp-block-list\">\n<li>Royner Andr\u00e9s Ben\u00edtez Hern\u00e1ndez \u2013 \u00c1guilas Doradas\u00a0<strong>\u00a0\u00a0\u00a0\u00a0\u00a0\u00a0\u00a0\u00a0\u00a0\u00a0\u00a0\u00a0\u00a0\u00a0\u00a0\u00a0\u00a0\u00a0\u00a0\u00a0\u00a0\u00a0\u00a0\u00a0\u00a0\u00a0\u00a0<\/strong><\/li>\n\n\n\n<li>Juan Manuel Machado Zu\u00f1iga \u2013 FC Cincinnati (USA)<\/li>\n\n\n\n<li>Sim\u00f3n Garc\u00eda Valero \u2013 Atl. Nacional\u00a0\u00a0<strong>\u00a0\u00a0\u00a0\u00a0\u00a0<\/strong><\/li>\n\n\n\n<li>Jaime Peralta Gonz\u00e1lez \u2013 C\u00facuta Deportivo<strong>\u00a0\u00a0\u00a0\u00a0\u00a0\u00a0\u00a0\u00a0\u00a0\u00a0\u00a0\u00a0\u00a0\u00a0\u00a0\u00a0\u00a0\u00a0\u00a0\u00a0<\/strong><\/li>\n\n\n\n<li>Juan Arizala Micolta \u2013 Ind. Medell\u00edn<\/li>\n\n\n\n<li>Andr\u00e9s Felipe Tovar Escalante \u2013 Envigado FC<\/li>\n\n\n\n<li>Jordan Javier Garc\u00eda Bonnet \u2013 Fortaleza Ceif\u00a0\u00a0<\/li>\n\n\n\n<li>Enmanuel Arrechea Carabal\u00ed \u2013 Fortaleza Ceif<\/li>\n\n\n\n<li>Sebasti\u00e1n Ram\u00edrez Maya \u2013 Fortaleza Ceif\u00a0<strong>\u00a0\u00a0\u00a0\u00a0\u00a0\u00a0\u00a0\u00a0\u00a0\u00a0\u00a0\u00a0\u00a0\u00a0\u00a0<\/strong><\/li>\n\n\n\n<li>Andy Duvan Batioja Renter\u00eda \u2013 Houston Dynamo (USA)<\/li>\n\n\n\n<li>\u00d3scar Perea Abonce \u2013\u00a0 Racing Club de Strasbourg Alsace (FRA) (26 al 30 de diciembre)<\/li>\n\n\n\n<li>Neiser Villarreal Qui\u00f1ones \u2013 Millonarios FC<\/li>\n\n\n\n<li>Kener Gonz\u00e1lez Mosquera \u2013 Internacional F.C. de Palmira<strong>\u00a0\u00a0\u00a0<\/strong><\/li>\n\n\n\n<li>Keimer Sandoval Rodr\u00edguez \u2013 Real Betis Balompi\u00e9 (ESP)<\/li>\n\n\n\n<li>Yeimar Mosquera Mosquera \u2013 Real Uni\u00f3n Club (ESP) (26 al 30 de diciembre)<\/li>\n\n\n\n<li>Juli\u00e1n Baz\u00e1n Medina \u2013 Deportivo Pereira F.C. S.A<\/li>\n\n\n\n<li>Alejandro Ararat D\u00edaz \u2013 Atl. Huila es de Huila<\/li>\n\n\n\n<li>Luis Land\u00e1zuri Cuenu \u2013 Atl. Nacional\u00a0<\/li>\n\n\n\n<li>Jordan Barrera Herrera \u2013 Barranquilla FC<\/li>\n\n\n\n<li>Jhon Monta\u00f1o Preciado \u2013 Ind. Medell\u00edn<\/li>\n\n\n\n<li>Nilzo Ronaldo Ram\u00edrez Orozco \u2013 Envigado FC<\/li>\n\n\n\n<li>Edwin Santiago Cabezas Rico \u2013 Fortaleza Ceif<\/li>\n\n\n\n<li>Joel Canchimbo Morales \u2013 Junior FC<\/li>\n\n\n\n<li>Elkin Dario Qui\u00f1ones Bonilla \u2013 Orsomarso S.C<\/li>\n\n\n\n<li>Alejandro Villarreal Zuluaga \u2013 Santos SP (BRA)<\/li>\n\n\n\n<li>Giancarlo Garc\u00eda Pulgarin \u2013 Deportivo Pereira F.C. S.A (12 al 22 de diciembre)\u00a0<\/li>\n<\/ul>\n\n\n\n<p><strong>Cuerpo t\u00e9cnico&nbsp;&nbsp;<\/strong><\/p>\n\n\n\n<ul class=\"wp-block-list\">\n<li>C\u00e9sar Torres Ram\u00edrez Director T\u00e9cnico\u00a0\u00a0\u00a0\u00a0\u00a0\u00a0\u00a0\u00a0\u00a0\u00a0\u00a0\u00a0\u00a0\u00a0\u00a0\u00a0\u00a0\u00a0\u00a0\u00a0\u00a0\u00a0\u00a0<\/li>\n\n\n\n<li>Yeisson Galvis Torres \u2013 Asistente T\u00e9cnico<\/li>\n\n\n\n<li>Marbin Sandoval Bola\u00f1os \u2013 Asistente T\u00e9cnico\u00a0\u00a0\u00a0\u00a0\u00a0\u00a0\u00a0\u00a0\u00a0<\/li>\n\n\n\n<li>Christian Juliao Camacho \u2013 Preparador F\u00edsico<\/li>\n\n\n\n<li>Hugo Guzm\u00e1n Pinto \u2013 Preparador de Arqueros<\/li>\n\n\n\n<li>Rafael Sabara\u00edn Pinto \u2013 Psic\u00f3logo\u00a0<\/li>\n\n\n\n<li>Nestor Bustamante Sierra \u2013 M\u00e9dico\u00a0\u00a0\u00a0\u00a0\u00a0\u00a0\u00a0\u00a0\u00a0\u00a0\u00a0\u00a0\u00a0\u00a0\u00a0\u00a0<\/li>\n\n\n\n<li>Juan Felipe Ram\u00edrez Soto \u2013 Fisioterapeuta\u00a0\u00a0\u00a0\u00a0\u00a0\u00a0\u00a0\u00a0\u00a0\u00a0\u00a0\u00a0\u00a0\u00a0\u00a0\u00a0\u00a0\u00a0\u00a0\u00a0\u00a0\u00a0\u00a0\u00a0<\/li>\n\n\n\n<li>Jorge Mejia Castro \u2013 Fisioterapeuta\u00a0\u00a0\u00a0\u00a0\u00a0\u00a0\u00a0\u00a0\u00a0\u00a0\u00a0\u00a0\u00a0\u00a0\u00a0\u00a0\u00a0\u00a0\u00a0\u00a0\u00a0\u00a0\u00a0\u00a0\u00a0\u00a0\u00a0\u00a0\u00a0\u00a0\u00a0\u00a0\u00a0\u00a0\u00a0\u00a0\u00a0\u00a0\u00a0\u00a0\u00a0\u00a0\u00a0\u00a0\u00a0\u00a0\u00a0\u00a0\u00a0\u00a0\u00a0\u00a0\u00a0\u00a0\u00a0\u00a0\u00a0<\/li>\n\n\n\n<li>Jafeth Orejuela \u2013 Kinesi\u00f3logo\u00a0\u00a0\u00a0\u00a0\u00a0\u00a0\u00a0\u00a0\u00a0\u00a0\u00a0\u00a0\u00a0\u00a0\u00a0\u00a0\u00a0<\/li>\n\n\n\n<li>Juan Gut\u00ederrez Panneflek \u2013 Video Analista\u00a0\u00a0\u00a0\u00a0\u00a0\u00a0\u00a0\u00a0\u00a0\u00a0\u00a0\u00a0\u00a0\u00a0\u00a0\u00a0\u00a0\u00a0\u00a0\u00a0\u00a0\u00a0\u00a0\u00a0\u00a0<\/li>\n\n\n\n<li>Manuel Dolores D\u00edaz \u2013 Utilero\u00a0\u00a0\u00a0<\/li>\n<\/ul>\n\n\n\n<figure class=\"wp-block-image\"><img data-recalc-dims=\"1\" height=\"360\" width=\"640\" decoding=\"async\" src=\"https:\/\/i0.wp.com\/fcf.com.co\/wp-content\/uploads\/2024\/12\/LISTA-CONVOCADOS-MASCULINA_SUB-20-WEB-1024x576.png?resize=640%2C360&#038;ssl=1\" alt=\"\" class=\"wp-image-116757\"\/><\/figure>\n","protected":false},"excerpt":{"rendered":"<p>El director t\u00e9cnico de la Selecci\u00f3n Colombia Masculina Sub-20,&nbsp;C\u00e9sar Torres, dio a conocer la lista de 26 jugadores que concentrar\u00e1n del 12 al 22 de diciembre del 2024 en la Sede Deportiva de la Federaci\u00f3n Colombiana de F\u00fatbol en Barranquilla.&nbsp;Luego, para cerrar el a\u00f1o, volver\u00e1n a reunirse del 26 al 30 de diciembre en la [&hellip;]<\/p>\n","protected":false},"author":1,"featured_media":176800,"comment_status":"closed","ping_status":"closed","sticky":false,"template":"","format":"standard","meta":{"_acf_changed":false,"_jetpack_memberships_contains_paid_content":false,"footnotes":"","jetpack_publicize_message":"","jetpack_publicize_feature_enabled":true,"jetpack_social_post_already_shared":true,"jetpack_social_options":{"image_generator_settings":{"template":"highway","default_image_id":0,"font":"","enabled":false},"version":2}},"categories":[5],"tags":[],"class_list":["post-176799","post","type-post","status-publish","format-standard","has-post-thumbnail","hentry","category-futbol"],"acf":[],"jetpack_publicize_connections":[],"jetpack_featured_media_url":"https:\/\/i0.wp.com\/sportseco.com\/wp-content\/uploads\/2024\/12\/grupo-col-web-2-768x432-1.png?fit=768%2C432&ssl=1","jetpack_sharing_enabled":true,"_links":{"self":[{"href":"https:\/\/sportseco.com\/index.php?rest_route=\/wp\/v2\/posts\/176799","targetHints":{"allow":["GET"]}}],"collection":[{"href":"https:\/\/sportseco.com\/index.php?rest_route=\/wp\/v2\/posts"}],"about":[{"href":"https:\/\/sportseco.com\/index.php?rest_route=\/wp\/v2\/types\/post"}],"author":[{"embeddable":true,"href":"https:\/\/sportseco.com\/index.php?rest_route=\/wp\/v2\/users\/1"}],"replies":[{"embeddable":true,"href":"https:\/\/sportseco.com\/index.php?rest_route=%2Fwp%2Fv2%2Fcomments&post=176799"}],"version-history":[{"count":1,"href":"https:\/\/sportseco.com\/index.php?rest_route=\/wp\/v2\/posts\/176799\/revisions"}],"predecessor-version":[{"id":176801,"href":"https:\/\/sportseco.com\/index.php?rest_route=\/wp\/v2\/posts\/176799\/revisions\/176801"}],"wp:featuredmedia":[{"embeddable":true,"href":"https:\/\/sportseco.com\/index.php?rest_route=\/wp\/v2\/media\/176800"}],"wp:attachment":[{"href":"https:\/\/sportseco.com\/index.php?rest_route=%2Fwp%2Fv2%2Fmedia&parent=176799"}],"wp:term":[{"taxonomy":"category","embeddable":true,"href":"https:\/\/sportseco.com\/index.php?rest_route=%2Fwp%2Fv2%2Fcategories&post=176799"},{"taxonomy":"post_tag","embeddable":true,"href":"https:\/\/sportseco.com\/index.php?rest_route=%2Fwp%2Fv2%2Ftags&post=176799"}],"curies":[{"name":"wp","href":"https:\/\/api.w.org\/{rel}","templated":true}]}}