{"id":176811,"date":"2024-12-06T17:12:06","date_gmt":"2024-12-06T22:12:06","guid":{"rendered":"https:\/\/sportseco.com\/?p=176811"},"modified":"2024-12-06T17:12:11","modified_gmt":"2024-12-06T22:12:11","slug":"america-registro-incendios-forestales-especialmente-intensos-en-2024-segun-copernicus","status":"publish","type":"post","link":"https:\/\/sportseco.com\/?p=176811","title":{"rendered":"Am\u00e9rica registr\u00f3 incendios forestales especialmente intensos en 2024, seg\u00fan Copernicus"},"content":{"rendered":"\n<p>Berl\u00edn, 5 dic (EFE).- El continente americano han sufrido este a\u00f1o unos incendios forestales especialmente activos, seg\u00fan inform\u00f3 este jueves el Servicio de Monitoreo Atmosf\u00e9rico de Copernicus, el componente de observaci\u00f3n de la Tierra del programa espacial de la Uni\u00f3n Europea (UE).<\/p>\n\n\n\n<p>Las condiciones de sequ\u00eda presentes en gran parte del continente agravaron el riesgo de que se produjeran grandes incendios forestales, se\u00f1al\u00f3 la instituci\u00f3n con sede en Bonn (Alemania).<\/p>\n\n\n\n<p>En las regiones tropicales del norte del Ecuador, la temporada de incendios fue particularmente intensa entre enero y abril de este a\u00f1o, con una actividad \u00absignificativa\u00bb en Venezuela y en el estado brasilero de Roraima, mientras que tambi\u00e9n en Bolivia las emisiones causadas por los incendios se incrementaron en los primeros meses del a\u00f1o.<\/p>\n\n\n\n<h2 class=\"wp-block-heading\">Incendios sin precedente en el Pantanal<\/h2>\n\n\n\n<p>En la regi\u00f3n del Pantanal, el humedal m\u00e1s grande del mundo, se registraron incendios forestales sin precedentes, con \u00abgraves consecuencias para el ecosistema\u00bb, seg\u00fan Copernicus.<\/p>\n\n\n\n<p>As\u00ed, en el estado brasilero de Mato Grosso do Sul, donde se halla la mayor parte de la regi\u00f3n, se registraron entre mayo y junio unas emisiones estimadas de 3,3 megatoneladas de carbono, el dato m\u00e1s elevado en los 22 a\u00f1os desde que se recaba la estad\u00edstica y casi el triple del anterior r\u00e9cord en 2009.<\/p>\n\n\n\n<p>En la temporada de incendios en M\u00e9xico y Am\u00e9rica Central, entre marzo y mayo, tambi\u00e9n se registraron emisiones por encima de la media y en concreto para Nicaragua las emisiones de carbono fueron las m\u00e1s altas detectadas para ese periodo.<\/p>\n\n\n\n<h2 class=\"wp-block-heading\">Altas emisiones en Bolivia<\/h2>\n\n\n\n<p>Lo mismo ocurri\u00f3 con Bolivia, donde las emisiones anuales fueron las m\u00e1s altas desde que se elabora la estad\u00edstica y donde en algunas zonas, como pas\u00f3 tambi\u00e9n con Brasil, los incendios degradaron severamente la calidad del aire durante periodos prolongados de tiempo.<\/p>\n\n\n\n<p>En el caso de Norteam\u00e9rica, se vieron afectadas en especial zonas del oeste de Canad\u00e1, como la Columbia Brit\u00e1nica, de modo que al t\u00e9rmino de la estaci\u00f3n de incendios el pa\u00eds registr\u00f3 las segundas emisiones m\u00e1s altas por detr\u00e1s tan solo de 2023.<\/p>\n\n\n\n<h2 class=\"wp-block-heading\">Am\u00e9rica del norte<\/h2>\n\n\n\n<p>\u00abAm\u00e9rica del norte y del sur fueron las regiones que m\u00e1s destacaron en t\u00e9rminos de emisiones globales por incendios en 2024. La escala de algunos de estos incendios fue de nivel hist\u00f3rico, especialmente en Bolivia, el Pantanal y partes de la Amazon\u00eda\u00bb, declar\u00f3 Mark Parrington, investigador del Servicio de Monitoreo Atmosf\u00e9rico de Copernicus.<\/p>\n\n\n\n<p>\u00abEl impacto de todos estos incendios ha tenido repercusi\u00f3n a escala continental en la calidad del aire, con altas concentraciones en superficie de part\u00edculas y otros agentes contaminantes que persistieron durante varias semanas\u00bb, agreg\u00f3. EFE<\/p>\n","protected":false},"excerpt":{"rendered":"<p>Berl\u00edn, 5 dic (EFE).- El continente americano han sufrido este a\u00f1o unos incendios forestales especialmente activos, seg\u00fan inform\u00f3 este jueves el Servicio de Monitoreo Atmosf\u00e9rico de Copernicus, el componente de observaci\u00f3n de la Tierra del programa espacial de la Uni\u00f3n Europea (UE). Las condiciones de sequ\u00eda presentes en gran parte del continente agravaron el riesgo [&hellip;]<\/p>\n","protected":false},"author":1,"featured_media":176812,"comment_status":"closed","ping_status":"closed","sticky":false,"template":"","format":"standard","meta":{"_acf_changed":false,"_jetpack_memberships_contains_paid_content":false,"footnotes":"","jetpack_publicize_message":"","jetpack_publicize_feature_enabled":true,"jetpack_social_post_already_shared":true,"jetpack_social_options":{"image_generator_settings":{"template":"highway","default_image_id":0,"font":"","enabled":false},"version":2}},"categories":[6],"tags":[],"class_list":["post-176811","post","type-post","status-publish","format-standard","has-post-thumbnail","hentry","category-ecologia"],"acf":[],"jetpack_publicize_connections":[],"jetpack_featured_media_url":"https:\/\/i0.wp.com\/sportseco.com\/wp-content\/uploads\/2024\/12\/AME8461-BRASIL-INCENDIOS.jpg?fit=1920%2C1280&ssl=1","jetpack_sharing_enabled":true,"_links":{"self":[{"href":"https:\/\/sportseco.com\/index.php?rest_route=\/wp\/v2\/posts\/176811","targetHints":{"allow":["GET"]}}],"collection":[{"href":"https:\/\/sportseco.com\/index.php?rest_route=\/wp\/v2\/posts"}],"about":[{"href":"https:\/\/sportseco.com\/index.php?rest_route=\/wp\/v2\/types\/post"}],"author":[{"embeddable":true,"href":"https:\/\/sportseco.com\/index.php?rest_route=\/wp\/v2\/users\/1"}],"replies":[{"embeddable":true,"href":"https:\/\/sportseco.com\/index.php?rest_route=%2Fwp%2Fv2%2Fcomments&post=176811"}],"version-history":[{"count":1,"href":"https:\/\/sportseco.com\/index.php?rest_route=\/wp\/v2\/posts\/176811\/revisions"}],"predecessor-version":[{"id":176813,"href":"https:\/\/sportseco.com\/index.php?rest_route=\/wp\/v2\/posts\/176811\/revisions\/176813"}],"wp:featuredmedia":[{"embeddable":true,"href":"https:\/\/sportseco.com\/index.php?rest_route=\/wp\/v2\/media\/176812"}],"wp:attachment":[{"href":"https:\/\/sportseco.com\/index.php?rest_route=%2Fwp%2Fv2%2Fmedia&parent=176811"}],"wp:term":[{"taxonomy":"category","embeddable":true,"href":"https:\/\/sportseco.com\/index.php?rest_route=%2Fwp%2Fv2%2Fcategories&post=176811"},{"taxonomy":"post_tag","embeddable":true,"href":"https:\/\/sportseco.com\/index.php?rest_route=%2Fwp%2Fv2%2Ftags&post=176811"}],"curies":[{"name":"wp","href":"https:\/\/api.w.org\/{rel}","templated":true}]}}