{"id":176823,"date":"2024-12-06T17:56:28","date_gmt":"2024-12-06T22:56:28","guid":{"rendered":"https:\/\/sportseco.com\/?p=176823"},"modified":"2024-12-06T17:56:33","modified_gmt":"2024-12-06T22:56:33","slug":"el-afiche-de-la-67-feria-de-cali-tiene-el-sello-de-la-linterna-iluminando-el-arte-de-nuestra-cultura-salsera","status":"publish","type":"post","link":"https:\/\/sportseco.com\/?p=176823","title":{"rendered":"El afiche de la \u201867 Feria de Cali\u2019 tiene el sello de La Linterna: iluminando el arte de nuestra cultura salsera"},"content":{"rendered":"\n<figure class=\"wp-block-image\"><img data-recalc-dims=\"1\" decoding=\"async\" src=\"https:\/\/i0.wp.com\/www.cali.gov.co\/cultura\/publicaciones\/183981\/el-afiche-de-la-67-feria-de-cali-tiene-el-sello-de-la-linterna-iluminando-el-arte-de-nuestra-cultura-salsera\/info\/principal\/media\/pubInt\/thumbs\/thpub_700X400_183981.jpg?w=640&#038;ssl=1\" alt=\"El afiche de la \u201867 Feria de Cali\u2019 tiene el sello de La Linterna: iluminando el arte de nuestra cultura salsera\"\/><\/figure>\n\n\n\n<p>En la imagen, los maestros impresores de La Linterna entregando el afiche oficial al alcalde Alejandro Eder.<\/p>\n\n\n\n<blockquote class=\"wp-block-quote is-layout-flow wp-block-quote-is-layout-flow\">\n<ul class=\"wp-block-list\">\n<li><em>El afiche de la \u201867 Feria de Cali\u2019 fue cedido, en su conceptualizaci\u00f3n y dise\u00f1o, por la imprenta tipogr\u00e1fica cale\u00f1a La Linterna.<\/em><\/li>\n\n\n\n<li><em>A partir del 13 de diciembre se podr\u00e1 adquirir el afiche en las instalaciones de La Linterna.<\/em><\/li>\n<\/ul>\n<\/blockquote>\n\n\n\n<p><br \/><strong>Santiago de Cali, 6 de diciembre de 2024<\/strong><br \/><br \/>El afiche de la&nbsp;<strong><em>\u201867 Feria de Cali\u2019<\/em><\/strong>&nbsp;es un arte basado en el sentir de los cale\u00f1os, que recoge elementos de la cultura salsera expuestos en las tradicionales verbenas. Su conceptualizaci\u00f3n y dise\u00f1o fueron cedidos por la imprenta tipogr\u00e1fica&nbsp;<strong><em>La Linterna<\/em><\/strong>.<\/p>\n\n\n\n<p><em>\u201cEs un cartel que trae todo este sentir del barrio en un solo concepto, en una sola gr\u00e1fica. Tratamos de involucrarlos a todos y a todas desde los barrios, desde las casas, la familia, las mujeres; desde ese sentimiento que representan los \u2018diablitos\u2019. Esperamos que a trav\u00e9s del afiche la gente pueda volver otra vez a la \u2018Feria de Cali\u2019 y que sientan como propia la versi\u00f3n 67\u201d<\/em>, contextualiz\u00f3 Fabi\u00e1n Villa, gestor de proyectos de&nbsp;<em>La Linterna<\/em>.<br \/><br \/>Seg\u00fan el dise\u00f1ador Carlos Andr\u00e9s Carrillo,&nbsp;<em>\u201cgr\u00e1ficamente lo que hicimos fue retomar las ra\u00edces del barrio y de la cale\u00f1idad; todo este tema de las verbenas que tanto gusta a las personas oriundas de Cali\u201d<\/em>.<\/p>\n\n\n\n<p>El cartel que identifica la&nbsp;<em>Feria de 2024<\/em>&nbsp;fue impreso por&nbsp;<em>La Linterna<\/em>&nbsp;con una t\u00e9cnica de&nbsp;<em>lino-grabado&nbsp;<\/em>y en m\u00e1quinas tipogr\u00e1ficas de 1870, para lo cual se necesitaron siete colores impresos en cuatro capas.<\/p>\n\n\n\n<ul class=\"wp-block-list\">\n<li><a href=\"https:\/\/www.cali.gov.co\/cultura\/publicaciones\/183981\/el-afiche-de-la-67-feria-de-cali-tiene-el-sello-de-la-linterna-iluminando-el-arte-de-nuestra-cultura-salsera\/#\"><\/a><a href=\"https:\/\/www.cali.gov.co\/cultura\/publicaciones\/183981\/el-afiche-de-la-67-feria-de-cali-tiene-el-sello-de-la-linterna-iluminando-el-arte-de-nuestra-cultura-salsera\/#\"><\/a><\/li>\n<\/ul>\n\n\n\n<p>El afiche es producto de un trabajo mancomunado entre la Alcald\u00eda de Cali, que orienta Alejandro Eder; la Corporaci\u00f3n de Eventos, Ferias y Espect\u00e1culos (<em>Corfecali<\/em>); y la Secretar\u00eda de Cultura Distrital.<\/p>\n\n\n\n<p>Los interesados en conservar esta obra de arte ferial, podr\u00e1n adquirirla gracias a una\u00a0<em>edici\u00f3n limitada<\/em>\u00a0que ofrecer\u00e1\u00a0<em>La Linterna<\/em>\u00a0(<em>carrera 5 # 2-27, San Antonio<\/em>) a partir del viernes 13 diciembre de 2024.<br \/><br \/><strong>Le puede interesar\u2026<\/strong><br \/>&#8211;\u00a0<a href=\"https:\/\/www.cali.gov.co\/turismo\/publicaciones\/183957\/cali-se-tomo-bogota-para-lanzar-la-edicion-67-feria-de-cali-y-atraer-mas-visitantes-musicos-bailarines-y-artistas-pusieron-a-bailar-a-la-capital-del-pais\/\" target=\"_blank\" rel=\"noreferrer noopener\">Cali se tom\u00f3 Bogot\u00e1 para lanzar la edici\u00f3n 67 Feria de Cali y atraer m\u00e1s visitantes: m\u00fasicos, bailarines y artistas pusieron a bailar a la capital del pa\u00eds<\/a><\/p>\n\n\n\n<p><\/p>\n\n\n\n<p><\/p>\n\n\n\n<p>cali.gov.co<br \/><br \/><\/p>\n\n\n\n<ul class=\"wp-block-list\">\n<li><a href=\"https:\/\/www.cali.gov.co\/cultura\/publicaciones\/183981\/el-afiche-de-la-67-feria-de-cali-tiene-el-sello-de-la-linterna-iluminando-el-arte-de-nuestra-cultura-salsera\/#\"><\/a><a href=\"https:\/\/www.cali.gov.co\/cultura\/publicaciones\/183981\/el-afiche-de-la-67-feria-de-cali-tiene-el-sello-de-la-linterna-iluminando-el-arte-de-nuestra-cultura-salsera\/#\"><\/a><\/li>\n\n\n\n<li><a href=\"https:\/\/www.cali.gov.co\/cultura\/publicaciones\/183981\/el-afiche-de-la-67-feria-de-cali-tiene-el-sello-de-la-linterna-iluminando-el-arte-de-nuestra-cultura-salsera\/#\"><\/a><a href=\"https:\/\/www.cali.gov.co\/cultura\/publicaciones\/183981\/el-afiche-de-la-67-feria-de-cali-tiene-el-sello-de-la-linterna-iluminando-el-arte-de-nuestra-cultura-salsera\/#\"><\/a><\/li>\n<\/ul>\n\n\n\n<p><strong><br \/><br \/><br \/>Jorge Guti\u00e9rrez Leyva<\/strong><\/p>\n\n\n\n<p><strong><em>Comunicaciones Corfecali<\/em><\/strong><\/p>\n","protected":false},"excerpt":{"rendered":"<p>En la imagen, los maestros impresores de La Linterna entregando el afiche oficial al alcalde Alejandro Eder. Santiago de Cali, 6 de diciembre de 2024 El afiche de la&nbsp;\u201867 Feria de Cali\u2019&nbsp;es un arte basado en el sentir de los cale\u00f1os, que recoge elementos de la cultura salsera expuestos en las tradicionales verbenas. Su conceptualizaci\u00f3n [&hellip;]<\/p>\n","protected":false},"author":1,"featured_media":176824,"comment_status":"closed","ping_status":"closed","sticky":false,"template":"","format":"standard","meta":{"_acf_changed":false,"_jetpack_memberships_contains_paid_content":false,"footnotes":"","jetpack_publicize_message":"","jetpack_publicize_feature_enabled":true,"jetpack_social_post_already_shared":true,"jetpack_social_options":{"image_generator_settings":{"template":"highway","default_image_id":0,"font":"","enabled":false},"version":2}},"categories":[6],"tags":[],"class_list":["post-176823","post","type-post","status-publish","format-standard","has-post-thumbnail","hentry","category-ecologia"],"acf":[],"jetpack_publicize_connections":[],"jetpack_featured_media_url":"https:\/\/i0.wp.com\/sportseco.com\/wp-content\/uploads\/2024\/12\/thgaleria_700X400_313845.jpg?fit=286%2C400&ssl=1","jetpack_sharing_enabled":true,"_links":{"self":[{"href":"https:\/\/sportseco.com\/index.php?rest_route=\/wp\/v2\/posts\/176823","targetHints":{"allow":["GET"]}}],"collection":[{"href":"https:\/\/sportseco.com\/index.php?rest_route=\/wp\/v2\/posts"}],"about":[{"href":"https:\/\/sportseco.com\/index.php?rest_route=\/wp\/v2\/types\/post"}],"author":[{"embeddable":true,"href":"https:\/\/sportseco.com\/index.php?rest_route=\/wp\/v2\/users\/1"}],"replies":[{"embeddable":true,"href":"https:\/\/sportseco.com\/index.php?rest_route=%2Fwp%2Fv2%2Fcomments&post=176823"}],"version-history":[{"count":1,"href":"https:\/\/sportseco.com\/index.php?rest_route=\/wp\/v2\/posts\/176823\/revisions"}],"predecessor-version":[{"id":176825,"href":"https:\/\/sportseco.com\/index.php?rest_route=\/wp\/v2\/posts\/176823\/revisions\/176825"}],"wp:featuredmedia":[{"embeddable":true,"href":"https:\/\/sportseco.com\/index.php?rest_route=\/wp\/v2\/media\/176824"}],"wp:attachment":[{"href":"https:\/\/sportseco.com\/index.php?rest_route=%2Fwp%2Fv2%2Fmedia&parent=176823"}],"wp:term":[{"taxonomy":"category","embeddable":true,"href":"https:\/\/sportseco.com\/index.php?rest_route=%2Fwp%2Fv2%2Fcategories&post=176823"},{"taxonomy":"post_tag","embeddable":true,"href":"https:\/\/sportseco.com\/index.php?rest_route=%2Fwp%2Fv2%2Ftags&post=176823"}],"curies":[{"name":"wp","href":"https:\/\/api.w.org\/{rel}","templated":true}]}}