{"id":176857,"date":"2024-12-07T11:44:14","date_gmt":"2024-12-07T16:44:14","guid":{"rendered":"https:\/\/sportseco.com\/?p=176857"},"modified":"2024-12-07T11:44:19","modified_gmt":"2024-12-07T16:44:19","slug":"con-una-inversion-de-124-millones-cvc-y-resguardo-indigena-continuaran-cuidando-el-agua-de-florida","status":"publish","type":"post","link":"https:\/\/sportseco.com\/?p=176857","title":{"rendered":"CON UNA INVERSI\u00d3N DE 124 MILLONES, CVC Y RESGUARDO IND\u00cdGENA CONTINUAR\u00c1N CUIDANDO EL AGUA DE FLORIDA"},"content":{"rendered":"\n<h2 class=\"wp-block-heading\">SE CONSERVAR\u00c1N 50.8 HECT\u00c1REAS DE BOSQUE, FRANJA FORESTAL Y NACIMIENTOS EN LA CUENCA DEL R\u00cdO FRAYLE<\/h2>\n\n\n\n<p>Preservar los ecosistemas reguladores, ampliar sus \u00e1reas, generar corredores biol\u00f3gicos para la fauna presente y reducir amenazas directas hacen parte de los objetivos de este acuerdo.<\/p>\n\n\n\n<p>B-294 Florida, 6 de diciembre de 2024<\/p>\n\n\n\n<p>Con la firma de un tercer Acuerdo Rec\u00edproco por el Agua (ARA) suscrito entre la CVC y el Resguardo KWE\u00b4SX YU KIWE, contin\u00faa la ampliaci\u00f3n de este importante proyecto de conservaci\u00f3n en la parte alta de Florida, donde la CVC ha venido trabajando con la comunidad ind\u00edgena, en este caso, de Granates. En el nuevo convenio, se implementar\u00e1n acciones para la protecci\u00f3n y conservaci\u00f3n de bosques, franjas forestales protectoras, nacimientos de agua y reconversi\u00f3n o mejoramiento de actividades productivas, que permitir\u00e1n disminuir el impacto sobre los ecosistemas, especialmente, los recursos agua y bosque.<\/p>\n\n\n\n<p>El objetivo de este ARA es establecer compromisos mutuos para contribuir en la protecci\u00f3n y restauraci\u00f3n de la subcuenca Santa B\u00e1rbara, cuenca Frayle, que permita el mejoramiento de la disponibilidad y calidad de agua para el municipio de Florida.<\/p>\n\n\n\n<p>A trav\u00e9s del ejercicio de la planificaci\u00f3n predial agroambiental, el predio La Frontera, propiedad de este resguardo, fue el escogido para trabajar en la conservaci\u00f3n de la parte alta de dicha cuenca, donde se implementar\u00e1n herramientas del manejo del paisaje para la protecci\u00f3n y restauraci\u00f3n de bosques, franjas forestales protectoras, nacimientos de agua y reconversi\u00f3n de pr\u00e1cticas productivas m\u00e1s amigables con el ambiente.<\/p>\n\n\n\n<p>Al respecto, Wilson Fernando Parra, profesional especializado de la CVC y coordinador de la Campa\u00f1a por el orgullo de la Cuenca Frayle, explic\u00f3 que es fundamental articular acciones de conservaci\u00f3n con las comunidades que habitan las partes altas de las cuencas, ya que en estos territorios existen importantes ecosistemas que son necesarios para la regulaci\u00f3n h\u00eddrica y la pervivencia de la biodiversidad, las comunidades que all\u00ed habitan y la poblaci\u00f3n que est\u00e1 aguas abajo.<\/p>\n\n\n\n<p>\u201cYa es el tercer acuerdo que se firma con este resguardo y esperamos poder seguir ampliando los trabajos con otras comunidades ind\u00edgenas que hacen parte de \u00e9l\u201d, agreg\u00f3 el funcionario.<\/p>\n\n\n\n<p><br \/>En el mencionado ejercicio de planificaci\u00f3n, se determinaron las \u00e1reas de conservaci\u00f3n y las que actualmente est\u00e1n amenazadas por las actividades productivas. Asimismo, se identificaron los insumos y materiales necesarios para el establecimiento e implementaci\u00f3n de 2.6 kil\u00f3metros de aislamiento de protecci\u00f3n, correspondientes a 32.62 hect\u00e1reas de bosque, nacimientos, franjas forestales protectoras, entre otros, los cuales ser\u00e1n entregados por la CVC, al igual que 2,6 kil\u00f3metros de cerca viva y 2 kil\u00f3metros de sistemas silvopastoriles que impactar\u00e1n a 18,19 hect\u00e1reas, para reducir la amenaza por la actividad ganadera.<\/p>\n\n\n\n<p>James Quitumbo, gobernador local (E) de la comunidad de Granates, coment\u00f3 que para ellos es \u201cmuy significativo trabajar con la CVC en este proyecto, pues el inter\u00e9s es procurar el cuidado y protecci\u00f3n de los recursos naturales, como ancestralmente lo hemos venido realizando con nuestro saber tradicional\u201d.<\/p>\n\n\n\n<p>La estrategia ARA, implementada por la CVC en diferentes cuencas del departamento, busca que cada d\u00eda m\u00e1s propietarios de predios y comunidades firmen acuerdos de conservaci\u00f3n en beneficio de la protecci\u00f3n y cuidado de nuestro l\u00edquido m\u00e1s preciado.<\/p>\n\n\n\n<p>Proyect\u00f3: Paula Andrea Sep\u00falveda Z. \u2013 Comunicaciones CVC<br \/>Revis\u00f3: &nbsp;&nbsp;&nbsp;&nbsp;Wilson Fernando Parra<br \/>&nbsp;&nbsp;&nbsp;&nbsp;Wilson Garc\u00eda y Mauricio Guzm\u00e1n Ferraro \u2013 Comunicaciones CVC<\/p>\n\n\n\n<p><\/p>\n\n\n\n<p>cvc.gov.co<\/p>\n","protected":false},"excerpt":{"rendered":"<p>SE CONSERVAR\u00c1N 50.8 HECT\u00c1REAS DE BOSQUE, FRANJA FORESTAL Y NACIMIENTOS EN LA CUENCA DEL R\u00cdO FRAYLE Preservar los ecosistemas reguladores, ampliar sus \u00e1reas, generar corredores biol\u00f3gicos para la fauna presente y reducir amenazas directas hacen parte de los objetivos de este acuerdo. B-294 Florida, 6 de diciembre de 2024 Con la firma de un tercer [&hellip;]<\/p>\n","protected":false},"author":1,"featured_media":176858,"comment_status":"closed","ping_status":"closed","sticky":false,"template":"","format":"standard","meta":{"_acf_changed":false,"_jetpack_memberships_contains_paid_content":false,"footnotes":"","jetpack_publicize_message":"","jetpack_publicize_feature_enabled":true,"jetpack_social_post_already_shared":true,"jetpack_social_options":{"image_generator_settings":{"template":"highway","default_image_id":0,"font":"","enabled":false},"version":2}},"categories":[6],"tags":[],"class_list":["post-176857","post","type-post","status-publish","format-standard","has-post-thumbnail","hentry","category-ecologia"],"acf":[],"jetpack_publicize_connections":[],"jetpack_featured_media_url":"https:\/\/i0.wp.com\/sportseco.com\/wp-content\/uploads\/2024\/12\/194-5.jpg?fit=540%2C315&ssl=1","jetpack_sharing_enabled":true,"_links":{"self":[{"href":"https:\/\/sportseco.com\/index.php?rest_route=\/wp\/v2\/posts\/176857","targetHints":{"allow":["GET"]}}],"collection":[{"href":"https:\/\/sportseco.com\/index.php?rest_route=\/wp\/v2\/posts"}],"about":[{"href":"https:\/\/sportseco.com\/index.php?rest_route=\/wp\/v2\/types\/post"}],"author":[{"embeddable":true,"href":"https:\/\/sportseco.com\/index.php?rest_route=\/wp\/v2\/users\/1"}],"replies":[{"embeddable":true,"href":"https:\/\/sportseco.com\/index.php?rest_route=%2Fwp%2Fv2%2Fcomments&post=176857"}],"version-history":[{"count":1,"href":"https:\/\/sportseco.com\/index.php?rest_route=\/wp\/v2\/posts\/176857\/revisions"}],"predecessor-version":[{"id":176859,"href":"https:\/\/sportseco.com\/index.php?rest_route=\/wp\/v2\/posts\/176857\/revisions\/176859"}],"wp:featuredmedia":[{"embeddable":true,"href":"https:\/\/sportseco.com\/index.php?rest_route=\/wp\/v2\/media\/176858"}],"wp:attachment":[{"href":"https:\/\/sportseco.com\/index.php?rest_route=%2Fwp%2Fv2%2Fmedia&parent=176857"}],"wp:term":[{"taxonomy":"category","embeddable":true,"href":"https:\/\/sportseco.com\/index.php?rest_route=%2Fwp%2Fv2%2Fcategories&post=176857"},{"taxonomy":"post_tag","embeddable":true,"href":"https:\/\/sportseco.com\/index.php?rest_route=%2Fwp%2Fv2%2Ftags&post=176857"}],"curies":[{"name":"wp","href":"https:\/\/api.w.org\/{rel}","templated":true}]}}