{"id":176860,"date":"2024-12-07T14:50:57","date_gmt":"2024-12-07T19:50:57","guid":{"rendered":"https:\/\/sportseco.com\/?p=176860"},"modified":"2024-12-07T14:51:03","modified_gmt":"2024-12-07T19:51:03","slug":"bayern-munich-liderato-reforzado-con-3-puntos-en-casa","status":"publish","type":"post","link":"https:\/\/sportseco.com\/?p=176860","title":{"rendered":"Bayern Munich \u00a1Liderato reforzado con 3 puntos en casa!"},"content":{"rendered":"\n<ul class=\"wp-block-list\">\n<li><strong>El Bayern vence al Heidenheim<\/strong><\/li>\n\n\n\n<li><strong>Doblete de\u00a0Musiala<\/strong><\/li>\n\n\n\n<li><strong>R\u00e9cord de posesi\u00f3n en la Bundesliga<\/strong><\/li>\n<\/ul>\n\n\n\n<p>\u00a1Liderato y racha ampliados! El FC Bayern se impuso este s\u00e1bado al Heidenheim con un claro 4-2 (1-0). Con este resultado son 13 las jornadas de Bundesliga imbatido. Una vez m\u00e1s se colg\u00f3 el&nbsp;<em>no hay billetes<\/em>&nbsp;en el&nbsp;<a href=\"http:\/\/allianz-arena.com\/\" target=\"_blank\" rel=\"noreferrer noopener\">Allianz Arena<\/a>.&nbsp;El primer tanto de la tarde fue obra de&nbsp;<a href=\"https:\/\/fcbayern.com\/de\/teams\/profis\/dayot-upamecano\">Dayot Upamecano<\/a>&nbsp;(18\u00b4). En la segunda mitad, un error defensivo permiti\u00f3 el moment\u00e1neo empate visitante, obra de Tim Siersleben (51\u00b4). 6 minutos despu\u00e9s&nbsp;<a href=\"https:\/\/fcbayern.com\/de\/teams\/profis\/jamal-musiala\">Jamal Musiala<\/a>, con un potente remate, puso de nuevo al frente al Bayern. En los instantes finales har\u00eda Goretzka el 3-1. Sin embargo, Niklas Dorsch (86\u00b4) recortar\u00eda para el Heidenheim. Pero el Bayern frenar\u00eda r\u00e1pidamente cualquier temor por un posible empate con un nuevo tanto: de nuevo Musiala ver\u00eda puerta y sell\u00f3 as\u00ed una nueva victoria para los nuestros (90\u00b4+1). Con este resultado, los hombres de&nbsp;<a href=\"https:\/\/fcbayern.com\/de\/teams\/profis\/trainer-und-betreuer\/vincent-kompany\">Vincent Kompany<\/a>&nbsp;se sit\u00faan ya a 6 puntos del 2\u00ba clasificado, el Eintracht Frankfurt.<\/p>\n\n\n\n<p>El pr\u00f3ximo martes (21h) el cuadro muniqu\u00e9s se pondr\u00e1 de nuevo el traje de la Champios League para visitar al Shakhtar Donetsk.<\/p>\n\n\n\n<h2 class=\"wp-block-heading\">5 cambios en el once<\/h2>\n\n\n\n<figure class=\"wp-block-image\"><img data-recalc-dims=\"1\" decoding=\"async\" src=\"https:\/\/i0.wp.com\/img.fcbayern.com\/image\/upload\/f_auto\/q_auto\/ar_16%3A9%2Cc_fill%2Cg_custom%2Cw_1024\/v1733589261\/cms\/public\/images\/fcbayern-com\/homepage\/Saison-24-25\/Galerien\/Spiele\/fcb-heidenheim\/02-fcbayern-heidenheim-241207-mel.jpg?w=640&#038;ssl=1\" alt=\"Escena del FC Bayern - 1. FC Heidenheim de Bundesliga\"\/><\/figure>\n\n\n\n<p>Vincent Kompany introdujo 5 permutas en el once que&nbsp;<a href=\"https:\/\/fcbayern.com\/es\/matches\/profis\/dfb-pokal\/2024-2025\/fc-bayern-muenchen-bayer-04-leverkusen-03-12-2024\/report\">cay\u00f3 ante el Bayer Leverkusen en copa.<\/a>&nbsp;Bajo palos,&nbsp;<a href=\"https:\/\/fcbayern.com\/de\/teams\/profis\/manuel-neuer\">Manuel Neuer<\/a>&nbsp;caus\u00f3 baja por molestias en las costillas. Su sitio lo ocup\u00f3&nbsp;<a href=\"https:\/\/fcbayern.com\/de\/teams\/profis\/daniel-peretz\">Daniel Peretz<\/a>, quien debut\u00f3 as\u00ed en la Bundesliga.&nbsp;<a href=\"https:\/\/fcbayern.com\/de\/teams\/profis\/leon-goretzka\">Leon Goretzka<\/a>,&nbsp;<a href=\"https:\/\/fcbayern.com\/de\/teams\/profis\/kingsley-coman\">Kingsley Coman<\/a>,&nbsp;<a href=\"https:\/\/fcbayern.com\/de\/teams\/profis\/thomas-mueller\">Konrad Laimer<\/a>&nbsp;y&nbsp;<a href=\"https:\/\/fcbayern.com\/de\/teams\/profis\/jamal-musiala\">Jamal Musiala<\/a>&nbsp;arrancaron el duelo en el banquillo.&nbsp;<a href=\"https:\/\/fcbayern.com\/de\/teams\/profis\/aleksandar-pavlovic\">Aleksandar Pavlovi\u0107<\/a>,&nbsp;<a href=\"https:\/\/fcbayern.com\/de\/teams\/profis\/raphael-guerreiro\">Rapha\u00ebl Guerreiro<\/a>,&nbsp;<a href=\"https:\/\/fcbayern.com\/de\/teams\/profis\/sacha-boey\">Sacha Boey<\/a>&nbsp;y&nbsp;<a href=\"https:\/\/fcbayern.com\/de\/teams\/profis\/thomas-mueller\">Thomas M\u00fcller<\/a>&nbsp;fueron de la partida.<\/p>\n\n\n\n<p><em>Os resumimos lo sucedido en el partido con los momentos m\u00e1s destacados:<\/em><\/p>\n\n\n\n<h2 class=\"wp-block-heading\">14\u00b4\/15\u00b4: doble ocasi\u00f3n de San\u00e9&nbsp;<\/h2>\n\n\n\n<figure class=\"wp-block-image\"><img data-recalc-dims=\"1\" decoding=\"async\" src=\"https:\/\/i0.wp.com\/img.fcbayern.com\/image\/upload\/f_auto\/q_auto\/ar_16%3A9%2Cc_fill%2Cg_custom%2Cw_1024\/v1733584016\/cms\/public\/images\/fcbayern-com\/homepage\/Saison-24-25\/Galerien\/Spiele\/fcb-heidenheim\/03-fcbayern-heidenheim-241207-ima.jpg?w=640&#038;ssl=1\" alt=\"Escena del FC Bayern - 1. FC Heidenheim de Bundesliga\"\/><\/figure>\n\n\n\n<p>La intensa lluvia de hoy en M\u00fanich no fren\u00f3 el energ\u00e9tico arranque del FC Bayern .Las primeras ocasiones no tardaron en llegar.&nbsp;<a href=\"https:\/\/fcbayern.com\/de\/teams\/profis\/michael-olise\">Michael Olise<\/a>&nbsp;centr\u00f3 desde la derecha para que San\u00e9 rematara, pero su cabezazo se escap\u00f3 por poco. Un minuto m\u00e1s tarde, de nuevo Olise encontr\u00f3 a San\u00e9, pero otra vez su remate se marchar\u00eda rozando el palo.<\/p>\n\n\n\n<h2 class=\"wp-block-heading\">18\u00b4: Upamecano adelanta al Bayern<\/h2>\n\n\n\n<figure class=\"wp-block-image\"><img data-recalc-dims=\"1\" decoding=\"async\" src=\"https:\/\/i0.wp.com\/img.fcbayern.com\/image\/upload\/f_auto\/q_auto\/ar_16%3A9%2Cc_fill%2Cg_custom%2Cw_1024\/v1733583776\/cms\/public\/images\/fcbayern-com\/homepage\/Saison-24-25\/Galerien\/Spiele\/fcb-heidenheim\/05-fcbayern-heidenheim-241207-get.jpg?w=640&#038;ssl=1\" alt=\"Spielszene aus dem Bundesliga-Duell FC Bayern gegen 1. FC Heidenheim\"\/><\/figure>\n\n\n\n<p>\u00a1Abre la lata Upamecano! El central martille\u00f3 la meta visitante aprovechando el medido servicio de Kimmich desde la esquina. 1-0 m\u00e1s que merecido.<\/p>\n\n\n\n<h2 class=\"wp-block-heading\">39\u00b4\/41\u00b4: el Bayern busca el segundo<\/h2>\n\n\n\n<figure class=\"wp-block-image\"><img data-recalc-dims=\"1\" decoding=\"async\" src=\"https:\/\/i0.wp.com\/img.fcbayern.com\/image\/upload\/f_auto\/q_auto\/ar_16%3A9%2Cc_fill%2Cg_custom%2Cw_1024\/v1733588959\/cms\/public\/images\/fcbayern-com\/homepage\/Saison-24-25\/Galerien\/Spiele\/fcb-heidenheim\/11-fcbayern-heidenheim-241207-ima.jpg?w=640&#038;ssl=1\" alt=\"Escena del FC Bayern - 1. FC Heidenheim de Bundesliga\"\/><\/figure>\n\n\n\n<p>Los hombres de Kompany elevaron el ritmo para lograr el segundo antes del descanso. Rapha\u00ebl&nbsp;Guerreiro, con un taconazo, encontr\u00f3 a&nbsp;<a href=\"https:\/\/fcbayern.com\/de\/teams\/profis\/alphonso-davies\">Alphonso Davies<\/a>,&nbsp;pero el canadiense se top\u00f3 con la madera. Kimmich golpear\u00eda poco despu\u00e9s de 25 metros, pero Kevin M\u00fcller toc\u00f3 lo suficienta para que la pelota se marchara rozando el larguero.<\/p>\n\n\n\n<h2 class=\"wp-block-heading\">50\u00b4: empata el Heidenheim&nbsp;<\/h2>\n\n\n\n<figure class=\"wp-block-image\"><img data-recalc-dims=\"1\" decoding=\"async\" src=\"https:\/\/i0.wp.com\/img.fcbayern.com\/image\/upload\/f_auto\/q_auto\/ar_16%3A9%2Cc_fill%2Cg_custom%2Cw_1024\/v1733587508\/cms\/public\/images\/fcbayern-com\/homepage\/Saison-24-25\/Galerien\/Spiele\/fcb-heidenheim\/12-fcbayern-heidenheim-241207-ima.jpg?w=640&#038;ssl=1\" alt=\"Escena del FC Bayern - 1. FC Heidenheim de Bundesliga\"\/><\/figure>\n\n\n\n<p>Bal\u00f3n en largo desde campo propio, Upamecano se cruza y cede a Daniel Peretz pero el pase se queda corto y Mathias&nbsp;Honsak no desaprovecha el error para enviar el bal\u00f3n al fondo de las redes.<\/p>\n\n\n\n<h2 class=\"wp-block-heading\">57\u00b4: \u00a1Musiala hace el 2-1!<\/h2>\n\n\n\n<figure class=\"wp-block-image\"><img data-recalc-dims=\"1\" decoding=\"async\" src=\"https:\/\/i0.wp.com\/img.fcbayern.com\/image\/upload\/f_auto\/q_auto\/ar_16%3A9%2Cc_fill%2Cg_custom%2Cw_1024\/v1733587489\/cms\/public\/images\/fcbayern-com\/homepage\/Saison-24-25\/Galerien\/Spiele\/fcb-heidenheim\/13-fcbayern-heidenheim-241207-mel.jpg?w=640&#038;ssl=1\" alt=\"Escena del FC Bayern - 1. FC Heidenheim de Bundesliga\"\/><\/figure>\n\n\n\n<p>No tard\u00f3 mucho el cuadro b\u00e1varo en adelantarse en el electr\u00f3nico.&nbsp; Jamal Musiala encar\u00f3 desde la izquierda hacia el \u00e1rea casi sin oposici\u00f3n y tras golpear por debajo de las piernas del defensa Tim&nbsp;Siersleben, el cuero sobrepas\u00f3 la l\u00ednea de meta rival. Primer tanto Musiala en casa en la actual Bundesliga.&nbsp;<\/p>\n\n\n\n<h2 class=\"wp-block-heading\">84\u00b4: Goretzka ampl\u00eda la renta<\/h2>\n\n\n\n<figure class=\"wp-block-image\"><img data-recalc-dims=\"1\" decoding=\"async\" src=\"https:\/\/i0.wp.com\/img.fcbayern.com\/image\/upload\/f_auto\/q_auto\/ar_16%3A9%2Cc_fill%2Cg_custom%2Cw_1024\/v1733588595\/cms\/public\/images\/fcbayern-com\/homepage\/Saison-24-25\/Galerien\/Spiele\/fcb-heidenheim\/22-fcbayern-heidenheim-241207-get.jpg?w=640&#038;ssl=1\" alt=\"22-fcbayern-heidenheim-241207-get\"\/><\/figure>\n\n\n\n<p>&nbsp;Joshua Kimmich encontr\u00f3 a Leroy San\u00e9 en el borde del \u00e1rea, el extremo levant\u00f3 la cabeza y asisti\u00f3 a Leon Goretzka, quien marc\u00f3 el tercero al primer toque tras tocar en un defensa rival.<\/p>\n\n\n\n<h2 class=\"wp-block-heading\">86\u00b4: Dorsch da emoci\u00f3n a los \u00faltimos minutos<\/h2>\n\n\n\n<p>Leonardo Scienza piso \u00e1rea y cedi\u00f3 atr\u00e1s a Niklas Dorsch y el exjugador del Bayern logr\u00f3 el segundo tanto de los suyos. La victoria no estaba asegurada.<\/p>\n\n\n\n<h2 class=\"wp-block-heading\">90\u00b4+1: \u00a1GOOOL! Musiala sella los 3 puntos<\/h2>\n\n\n\n<figure class=\"wp-block-image\"><img data-recalc-dims=\"1\" decoding=\"async\" src=\"https:\/\/i0.wp.com\/img.fcbayern.com\/image\/upload\/f_auto\/q_auto\/ar_16%3A9%2Cc_fill%2Cg_custom%2Cw_1024\/v1733588881\/cms\/public\/images\/fcbayern-com\/homepage\/Saison-24-25\/Galerien\/Spiele\/fcb-heidenheim\/28-fcbayern-heidenheim-241207-mel.jpg?w=640&#038;ssl=1\" alt=\"28-fcbayern-heidenheim-241207-mel\"\/><\/figure>\n\n\n\n<p>El t\u00e9cnico visitante orden\u00f3 a sus hombres a adelantar filas en busca del empate. Y el Bayern no dud\u00f3 en aprovechar los espacios. Guerreiro vio el sprint de Musiala y le envi\u00f3 el bal\u00f3n en largo. El canterano del FC Bayern defini\u00f3 con frialdad ante M\u00fcller. 4-2 y 3 nuevos puntos. Tras el empate del Eintracht ante el Augsburgo, el liderato del Bayern queda a\u00fan m\u00e1s reforzado (+6).<\/p>\n\n\n\n<p><\/p>\n\n\n\n<p>fcbayern.com<\/p>\n","protected":false},"excerpt":{"rendered":"<p>\u00a1Liderato y racha ampliados! El FC Bayern se impuso este s\u00e1bado al Heidenheim con un claro 4-2 (1-0). Con este resultado son 13 las jornadas de Bundesliga imbatido. Una vez m\u00e1s se colg\u00f3 el&nbsp;no hay billetes&nbsp;en el&nbsp;Allianz Arena.&nbsp;El primer tanto de la tarde fue obra de&nbsp;Dayot Upamecano&nbsp;(18\u00b4). En la segunda mitad, un error defensivo permiti\u00f3 [&hellip;]<\/p>\n","protected":false},"author":1,"featured_media":176861,"comment_status":"closed","ping_status":"closed","sticky":false,"template":"","format":"standard","meta":{"_acf_changed":false,"_jetpack_memberships_contains_paid_content":false,"footnotes":"","jetpack_publicize_message":"","jetpack_publicize_feature_enabled":true,"jetpack_social_post_already_shared":true,"jetpack_social_options":{"image_generator_settings":{"template":"highway","default_image_id":0,"font":"","enabled":false},"version":2}},"categories":[5],"tags":[],"class_list":["post-176860","post","type-post","status-publish","format-standard","has-post-thumbnail","hentry","category-futbol"],"acf":[],"jetpack_publicize_connections":[],"jetpack_featured_media_url":"https:\/\/sportseco.com\/wp-content\/uploads\/2024\/12\/15-fcbayern-heidenheim-241207-mel-scaled.avif","jetpack_sharing_enabled":true,"_links":{"self":[{"href":"https:\/\/sportseco.com\/index.php?rest_route=\/wp\/v2\/posts\/176860","targetHints":{"allow":["GET"]}}],"collection":[{"href":"https:\/\/sportseco.com\/index.php?rest_route=\/wp\/v2\/posts"}],"about":[{"href":"https:\/\/sportseco.com\/index.php?rest_route=\/wp\/v2\/types\/post"}],"author":[{"embeddable":true,"href":"https:\/\/sportseco.com\/index.php?rest_route=\/wp\/v2\/users\/1"}],"replies":[{"embeddable":true,"href":"https:\/\/sportseco.com\/index.php?rest_route=%2Fwp%2Fv2%2Fcomments&post=176860"}],"version-history":[{"count":1,"href":"https:\/\/sportseco.com\/index.php?rest_route=\/wp\/v2\/posts\/176860\/revisions"}],"predecessor-version":[{"id":176862,"href":"https:\/\/sportseco.com\/index.php?rest_route=\/wp\/v2\/posts\/176860\/revisions\/176862"}],"wp:featuredmedia":[{"embeddable":true,"href":"https:\/\/sportseco.com\/index.php?rest_route=\/wp\/v2\/media\/176861"}],"wp:attachment":[{"href":"https:\/\/sportseco.com\/index.php?rest_route=%2Fwp%2Fv2%2Fmedia&parent=176860"}],"wp:term":[{"taxonomy":"category","embeddable":true,"href":"https:\/\/sportseco.com\/index.php?rest_route=%2Fwp%2Fv2%2Fcategories&post=176860"},{"taxonomy":"post_tag","embeddable":true,"href":"https:\/\/sportseco.com\/index.php?rest_route=%2Fwp%2Fv2%2Ftags&post=176860"}],"curies":[{"name":"wp","href":"https:\/\/api.w.org\/{rel}","templated":true}]}}