{"id":176952,"date":"2024-12-09T08:38:58","date_gmt":"2024-12-09T13:38:58","guid":{"rendered":"https:\/\/sportseco.com\/?p=176952"},"modified":"2024-12-09T08:39:04","modified_gmt":"2024-12-09T13:39:04","slug":"dia-para-la-conmemoracion-y-dignificacion-de-las-victimas-del-crimen-de-genocidio-y-su-prevencion-9-de-diciembre-4","status":"publish","type":"post","link":"https:\/\/sportseco.com\/?p=176952","title":{"rendered":"D\u00eda para la Conmemoraci\u00f3n y Dignificaci\u00f3n de las V\u00edctimas del Crimen de Genocidio y su Prevenci\u00f3n, 9 de diciembre"},"content":{"rendered":"\n<h2 class=\"wp-block-heading\">El papel de la conmemoraci\u00f3n y la memoria en la prevenci\u00f3n del genocidio<\/h2>\n\n\n\n<p>Cada 9 de diciembre, la Oficina del Asesor Especial para la Prevenci\u00f3n del Genocidio celebra la aprobaci\u00f3n de la Convenci\u00f3n para la Prevenci\u00f3n y la Sanci\u00f3n del Delito de Genocidio, un compromiso mundial crucial que se contrajo al fundarse las Naciones Unidas, inmediatamente anterior a la Declaraci\u00f3n Universal de Derechos Humanos. Desde 2015, aprobado en la&nbsp;Resoluci\u00f3n&nbsp;<a href=\"http:\/\/undocs.org\/es\/A\/RES\/69\/323\">A\/RES\/69\/323<\/a>&nbsp;de la Asamblea General, ese d\u00eda tambi\u00e9n se convirti\u00f3 en el D\u00eda Internacional de Conmemoraci\u00f3n y Dignidad de las V\u00edctimas del Delito de Genocidio y de la Prevenci\u00f3n de este Delito.<\/p>\n\n\n\n<p>Este a\u00f1o la celebraci\u00f3n coincide con dos conmemoraciones hist\u00f3ricas. En abril de 2024, se cumplen 30 a\u00f1os del genocidio de tutsis en Rwanda en 1994. En julio de 2025, Bosnia y Herzegovina conmemorar\u00e1 los 30 a\u00f1os del genocidio de Srebrenica en 1995. As\u00ed pues, las celebraciones servir\u00e1n para honrar y recordar a las v\u00edctimas y los supervivientes del genocidio, pero adem\u00e1s, pondr\u00e1n de manifiesto una vez m\u00e1s la necesidad de este tipo de recordatorios y celebraciones como mecanismos eficaces para la prevenci\u00f3n de posibles futuros genocidios.<\/p>\n\n\n\n<p>Las iniciativas de conmemoraci\u00f3n y recuerdo est\u00e1n estrechamente vinculadas a las dos obligaciones establecidas por la Convenci\u00f3n sobre el Genocidio: la prevenci\u00f3n y el castigo del delito de genocidio. Promover el esclarecimiento de la verdad y la cicatrizaci\u00f3n de las heridas, fomentar una cultura de educaci\u00f3n para la paz, la cohesi\u00f3n social y el respeto de la diversidad, dejar constancia del pasado y recoger testimonios de v\u00edctimas y supervivientes, crear y mantener archivos, y contribuir a reducir los casos de negaci\u00f3n del genocidio y de glorificaci\u00f3n de los criminales de guerra, son actuaciones que contribuyen significativamente al cumplimiento de estas dos obligaciones fundamentales.<\/p>\n\n\n\n<p>La necesidad de invertir en la prevenci\u00f3n del genocidio, tal y como previeron los redactores de la Convenci\u00f3n sobre el Genocidio hace 76 a\u00f1os, sigue siendo m\u00e1s relevante que nunca.<\/p>\n\n\n\n<h3 class=\"wp-block-heading\">Evento 2024<\/h3>\n\n\n\n<p><strong>9 de diciembre de 2024, de las 11 a las 13 horas (hora de Nueva York)<\/strong><\/p>\n\n\n\n<p>La reuni\u00f3n de alto nivel se celebrar\u00e1 de manera presencial en la Sede de la ONU en Nueva York, en el Sal\u00f3n del Consejo de Administraci\u00f3n Fiduciaria. Asimismo, se retransmitir\u00e1 en directo por la televisi\u00f3n de la ONU,&nbsp;<a href=\"https:\/\/media.un.org\/en\/webtv\/\">UN Web TV<\/a>.&nbsp; Incluir\u00e1 un discurso de apertura, seguido de una mesa redonda y declaraciones de grupos regionales de Estados Miembros. El evento est\u00e1 abierto a los Estados Miembros, el personal de la ONU, la sociedad civil, los medios de comunicaci\u00f3n y el p\u00fablico. Si desea participar, confirme su asistencia. Puedes seguir e evento en UN WebTV y dispones de m\u00e1s informaci\u00f3n en la&nbsp;<a href=\"http:\/\/www.un.org\/sites\/un2.un.org\/files\/9_dec_2024_invite.pdf\">invitaci\u00f3n al evento<\/a>.<\/p>\n\n\n\n<h3 class=\"wp-block-heading\">El D\u00eda Internacional<\/h3>\n\n\n\n<p>Mediante su&nbsp;<a href=\"http:\/\/undocs.org\/es\/a\/res\/69\/323\">resoluci\u00f3n 69\/323<\/a>&nbsp;del 29 de septiembre de 2015, la Asamblea General de la ONU estableci\u00f3 el 9 de diciembre como el D\u00eda Internacional de Conmemoraci\u00f3n y Dignidad de las V\u00edctimas del Crimen de Genocidio y de la Prevenci\u00f3n de este Crimen. Este a\u00f1o adem\u00e1s de celebrar el d\u00eda, se conmemora el 74\u00ba aniversario de la&nbsp;<a href=\"http:\/\/www.preventgenocide.org\/es\/derecho\/convencion\/textos.htm\">Convenci\u00f3n para la Prevenci\u00f3n y la Sanci\u00f3n del Delito de Genocidio de 1948&nbsp;<\/a>(la \u00abConvenci\u00f3n sobre el Genocidio\u00bb), el primer tratado de derechos humanos aprobado por la Asamblea General.<\/p>\n\n\n\n<p>La Convenci\u00f3n supone el compromiso de la comunidad internacional del \u00abnunca m\u00e1s\u00bb ante este tipo de cr\u00edmenes y proporciona la primera definici\u00f3n jur\u00eddica internacional de \u00abgenocidio\u00bb, ampliamente adoptada a nivel nacional e internacional. Tambi\u00e9n establece el deber de los Estados Partes de prevenir y castigar el delito de genocidio. Cada a\u00f1o, la Oficina de las Naciones Unidas para la Prevenci\u00f3n del Genocidio y la Responsabilidad de Proteger organiza actos para conmemorar este D\u00eda Internacional, en honor a las v\u00edctimas del genocidio y al aniversario de la Convenci\u00f3n.<\/p>\n\n\n\n<h3 class=\"wp-block-heading\">Genocidio, un crimen perseguido por el derecho internacional<\/h3>\n\n\n\n<p>Genocidio es \u00abcualquiera de los actos mencionados a continuaci\u00f3n, perpetrados con la intenci\u00f3n de destruir, total o parcialmente, a un grupo nacional, \u00e9tnico, racial o religioso, como tal:<\/p>\n\n\n\n<ul class=\"wp-block-list\">\n<li>Matanza de miembros del grupo;<\/li>\n\n\n\n<li>Lesi\u00f3n grave a la integridad f\u00edsica o mental de los miembros del grupo;<\/li>\n\n\n\n<li>Sometimiento intencional del grupo a condiciones de existencia que hayan de acarrear su destrucci\u00f3n f\u00edsica, total o parcial;<\/li>\n\n\n\n<li>Medidas destinadas a impedir los nacimientos en el seno del grupo;<\/li>\n\n\n\n<li>Traslado por fuerza de ni\u00f1os del grupo a otro grupo.\u00bb<\/li>\n<\/ul>\n\n\n\n<p>As\u00ed lo establece el art\u00edculo 2 de la&nbsp;<a href=\"http:\/\/www.preventgenocide.org\/es\/derecho\/convencion\/textos.htm\">Convenci\u00f3n contra el Genocidio<\/a>, que lo tipifica como delito de derecho internacional, ya sea cometido en tiempo de paz o en tiempo de guerra. Aquellos pa\u00edses miembros de la convenci\u00f3n se comprometen a prevenirlo y sancionarlo; y la responsabilidad principal tanto para evitarlo como para detenerlo recae en el Estado.<\/p>\n\n\n\n<h3 class=\"wp-block-heading\">Prevenci\u00f3n<\/h3>\n\n\n\n<p>Para poder prevenir el genocidio, es de importancia crucial entender sus causas fundamentales. Los conflictos pueden surgir por m\u00faltiples motivos, pero los conflictos genocidas responden a factores relacionados con la identidad y tienden a ocurrir en sociedades con diversos grupos nacionales, raciales, \u00e9tnicos o religiosos. Lo que genera el conflicto no son las propias diferencias de identidad, reales o percibidas, sino sus consecuencias en cuanto al acceso al poder y a la riqueza, a los servicios y recursos, al empleo, a las oportunidades de desarrollo, a la ciudadan\u00eda y al disfrute de los derechos y libertades fundamentales. Esos conflictos son fomentados por la discriminaci\u00f3n, los discursos de incitaci\u00f3n al odio que promueven la violencia y otras violaciones de los derechos humanos.<\/p>\n\n\n\n<h3 class=\"wp-block-heading\">Exposici\u00f3n: Historias de supervivencia y de recuerdo a las v\u00edctimas<\/h3>\n\n\n\n<h4 class=\"wp-block-heading\"><em>Una llamada a la acci\u00f3n para prevenir el genocidio<\/em><\/h4>\n\n\n\n<p>Los objetos de esta exposici\u00f3n reflejan la vida de los fueron sus antiguos propietarios y el impacto de la guerra, el trauma, el desplazamiento y el exilio en las vidas de estas personas. Estos objetos han sobrevivido al Holocausto, el genocidio y otros cr\u00edmenes atroces en Camboya, Srebrenica y Rwanda.<\/p>\n\n\n\n<p><a href=\"https:\/\/www.un.org\/en\/exhibits\/exhibit\/stories-of-survival\">Ver la exposici\u00f3n<\/a><\/p>\n\n\n\n<figure class=\"wp-block-image\"><img data-recalc-dims=\"1\" decoding=\"async\" src=\"https:\/\/i0.wp.com\/www.un.org\/sites\/un2.un.org\/files\/2023\/03\/genocide-photo-panels10.jpg?w=640&#038;ssl=1\" alt=\"A child's dress is photgraphed. There are writing around it and flowers.\"\/><\/figure>\n\n\n\n<p>Es fundamental, adem\u00e1s, determinar los factores (pr\u00e1cticas discriminatorias) que en cada situaci\u00f3n concreta generan o propician desigualdades importantes en la administraci\u00f3n de una poblaci\u00f3n diversa. Tras la identificaci\u00f3n de esos factores, se deben buscar maneras de reducir esas pr\u00e1cticas y, si es posible, erradicarlas. Puesto que no hay ning\u00fan pa\u00eds que sea totalmente homog\u00e9neo, el genocidio constituye una amenaza de alcance realmente mundial.<\/p>\n\n\n\n<h3 class=\"wp-block-heading\">La responsabilidad de proteger<\/h3>\n\n\n\n<p>En la&nbsp;<a href=\"http:\/\/www.un.org\/spanish\/summit2005\/\">Cumbre Mundial celebrada en 2005<\/a>&nbsp;para tratar asuntos de desarrollo, seguridad y derechos humanos, los Jefes de Estado y de Gobierno afirmaron un\u00e1nimemente que \u00abcada Estado es responsable de proteger a su poblaci\u00f3n del genocidio, los cr\u00edmenes de guerra, la depuraci\u00f3n \u00e9tnica y los cr\u00edmenes de lesa humanidad\u00bb. Tambi\u00e9n acordaron que, cuando procediera, la comunidad internacional deber\u00eda ayudar a los Estados a ejercer su responsabilidad y a crear la capacidad de proteger a las poblaciones en riesgo antes de que estallaran las crisis y los conflictos. Adem\u00e1s, los l\u00edderes mundiales dedicieron que \u00abcuando fuera evidente\u00bb que un Estado no proteg\u00eda a su poblaci\u00f3n de los cuatro cr\u00edmenes mencionados, la comunidad internacional adoptar\u00eda medidas colectivas, por conducto del Consejo de Seguridad y de conformidad con la Carta de las Naciones Unidas. Esta intervenci\u00f3n solo ocurrir\u00eda cuando fallara la prevenci\u00f3n. Por lo tanto, la prevenci\u00f3n es la base del principio de la responsabilidad de proteger.<\/p>\n\n\n\n<p>Los tres pilares de la responsabilidad de proteger est\u00e1n estipulados en el&nbsp;<a href=\"https:\/\/undocs.org\/es\/A\/RES\/60\/1\">Documento Final de la Cumbre<\/a>&nbsp;y formulados en el informe del Secretario General de 2009 titulado&nbsp;<a href=\"https:\/\/undocs.org\/es\/A\/63\/677\">\u00abHacer efectiva la responsabilidad de proteger\u00bb<\/a>. El compromiso pol\u00edtico adquirido por los Estados Miembros en 2005 est\u00e1 profundamente arraigado en el derecho internacional, incluida la Convenci\u00f3n sobre el Genocidio.<\/p>\n\n\n\n<h4 class=\"wp-block-heading\">Asesores Especiales para la Prevenci\u00f3n del Genocidio y para la Responsabilidad de Proteger<\/h4>\n\n\n\n<p>Los&nbsp;<a href=\"https:\/\/www.un.org\/en\/genocide-prevention\/prevention-genocide-related-crimes\/special-adviser\">Asesores Especiales del Secretario General de las Naciones Unidas para la Prevenci\u00f3n del Genocidio y para la Responsabilidad de Proteger&nbsp;<\/a>trabajan juntos para impulsar esfuerzos nacionales e internacionales de protecci\u00f3n de las poblaciones frente al genocidio, los cr\u00edmenes de guerra, la depuraci\u00f3n \u00e9tnica y los cr\u00edmenes de lesa humanidad, as\u00ed como la incitaci\u00f3n a su comisi\u00f3n. Una de sus principales tareas es la de recopilar informaci\u00f3n sobre las situaciones en las que pudiera existir riesgo de genocidio, cr\u00edmenes de guerra, depuraci\u00f3n \u00e9tnica o cr\u00edmenes de lesa humanidad con base en los factores de riesgo descritos en el&nbsp;<a href=\"http:\/\/www.un.org\/es\/preventgenocide\/adviser\/pdf\/Framework%20of%20Analysis%20for%20Atrocity%20Crimes_SP.pdf\" target=\"_blank\" rel=\"noreferrer noopener\">Marco de An\u00e1lisis para Cr\u00edmenes Atroces<\/a>. Debido a la naturaleza sensible de su mandato, gran parte de la labor de la Oficina se mantiene fuera de la luz p\u00fablica. Sin embargo, en situaciones espec\u00edficas, cuando los asesores especiales consideran que haciendo p\u00fablicas sus preocupaciones se puede reducir el riesgo de estos cr\u00edmenes atroces, pueden emitir&nbsp;<a href=\"http:\/\/www.un.org\/es\/preventgenocide\/adviser\/statements.shtml\">declaraciones p\u00fablicas<\/a>&nbsp;e informar al Consejo de Seguridad a petici\u00f3n de este.<\/p>\n","protected":false},"excerpt":{"rendered":"<p>El papel de la conmemoraci\u00f3n y la memoria en la prevenci\u00f3n del genocidio Cada 9 de diciembre, la Oficina del Asesor Especial para la Prevenci\u00f3n del Genocidio celebra la aprobaci\u00f3n de la Convenci\u00f3n para la Prevenci\u00f3n y la Sanci\u00f3n del Delito de Genocidio, un compromiso mundial crucial que se contrajo al fundarse las Naciones Unidas, [&hellip;]<\/p>\n","protected":false},"author":1,"featured_media":176953,"comment_status":"closed","ping_status":"closed","sticky":false,"template":"","format":"standard","meta":{"_acf_changed":false,"_jetpack_memberships_contains_paid_content":false,"footnotes":"","jetpack_publicize_message":"","jetpack_publicize_feature_enabled":true,"jetpack_social_post_already_shared":true,"jetpack_social_options":{"image_generator_settings":{"template":"highway","default_image_id":0,"font":"","enabled":false},"version":2}},"categories":[6],"tags":[],"class_list":["post-176952","post","type-post","status-publish","format-standard","has-post-thumbnail","hentry","category-ecologia"],"acf":[],"jetpack_publicize_connections":[],"jetpack_featured_media_url":"https:\/\/i0.wp.com\/sportseco.com\/wp-content\/uploads\/2024\/12\/30_anniversary_rwanda_bih_0.png?fit=1350%2C500&ssl=1","jetpack_sharing_enabled":true,"_links":{"self":[{"href":"https:\/\/sportseco.com\/index.php?rest_route=\/wp\/v2\/posts\/176952","targetHints":{"allow":["GET"]}}],"collection":[{"href":"https:\/\/sportseco.com\/index.php?rest_route=\/wp\/v2\/posts"}],"about":[{"href":"https:\/\/sportseco.com\/index.php?rest_route=\/wp\/v2\/types\/post"}],"author":[{"embeddable":true,"href":"https:\/\/sportseco.com\/index.php?rest_route=\/wp\/v2\/users\/1"}],"replies":[{"embeddable":true,"href":"https:\/\/sportseco.com\/index.php?rest_route=%2Fwp%2Fv2%2Fcomments&post=176952"}],"version-history":[{"count":1,"href":"https:\/\/sportseco.com\/index.php?rest_route=\/wp\/v2\/posts\/176952\/revisions"}],"predecessor-version":[{"id":176954,"href":"https:\/\/sportseco.com\/index.php?rest_route=\/wp\/v2\/posts\/176952\/revisions\/176954"}],"wp:featuredmedia":[{"embeddable":true,"href":"https:\/\/sportseco.com\/index.php?rest_route=\/wp\/v2\/media\/176953"}],"wp:attachment":[{"href":"https:\/\/sportseco.com\/index.php?rest_route=%2Fwp%2Fv2%2Fmedia&parent=176952"}],"wp:term":[{"taxonomy":"category","embeddable":true,"href":"https:\/\/sportseco.com\/index.php?rest_route=%2Fwp%2Fv2%2Fcategories&post=176952"},{"taxonomy":"post_tag","embeddable":true,"href":"https:\/\/sportseco.com\/index.php?rest_route=%2Fwp%2Fv2%2Ftags&post=176952"}],"curies":[{"name":"wp","href":"https:\/\/api.w.org\/{rel}","templated":true}]}}