{"id":176974,"date":"2024-12-09T10:37:22","date_gmt":"2024-12-09T15:37:22","guid":{"rendered":"https:\/\/sportseco.com\/?p=176974"},"modified":"2024-12-09T10:54:39","modified_gmt":"2024-12-09T15:54:39","slug":"complejo-volcanico-galeras-las-cinco-vidas-del-guardian-de-pasto","status":"publish","type":"post","link":"https:\/\/sportseco.com\/?p=176974","title":{"rendered":"Complejo volc\u00e1nico Galeras: las cinco vidas del guardi\u00e1n de Pasto"},"content":{"rendered":"\n<p>La historia del complejo volc\u00e1nico Galeras se cuenta en cinco vidas sucesivas: Cariaco, Coba Negra, Genoy, Urcunina y Galeras, volcanes que, en ese orden y con excepci\u00f3n del \u00faltimo, se originaron, crecieron, erupcionaron, se destruyeron y dejaron las bases para la conformaci\u00f3n de los siguientes. <strong>Hoy, el sobreviviente de ese proceso evolutivo que empez\u00f3 hace 1,4 millones de a\u00f1os, con la consolidaci\u00f3n de Cariaco, es el \u201cguardi\u00e1n de Pasto\u201d<\/strong>, el gran Galeras, ese que naci\u00f3 hace 900 a\u00f1os y que es monitoreado 24 horas al d\u00eda y 7 d\u00edas a la semana por el Observatorio Vulcanol\u00f3gico y Sismol\u00f3gico del SGC.&nbsp;<\/p>\n\n\n\n<p>\u200bAdem\u00e1s de los esfuerzos divulgativos en territorio, Indira Zuluaga, ge\u00f3loga del equipo de Geolog\u00eda de Volcanes, realiz\u00f3 una charla virtual abierta al p\u00fablico (19 de noviembre) para explicar cu\u00e1les fueron los eventos que marcaron la evoluci\u00f3n del complejo volc\u00e1nico Galeras \u2014con \u00e9nfasis en el tipo de fen\u00f3menos como flujos de lava, flujos pirocl\u00e1sticos y ca\u00eddas pirocl\u00e1sticas, que dieron origen a los dep\u00f3sitos que conforman este complejo\u2014, qu\u00e9 caracter\u00edsticas tuvieron los volcanes del complejo y c\u00f3mo se interpreta el nuevo mapa geol\u00f3gico.\u00a0<\/p>\n\n\n\n<p>Como dato curioso, se\u00f1al\u00f3 que <strong>las laderas que se observan desde la ciudad de Pasto no pertenecen, como se cree, a Galeras, sino que son producto de la actividad de Urcunina<\/strong>, el cual se form\u00f3 hace 9000 a\u00f1os. Otras curiosidades de este tipo est\u00e1n incluidas en el libro \u201cHistoria del guardi\u00e1n de Pasto\u201d, el cual ya <a href=\"https:\/\/www2.sgc.gov.co\/Publicaciones\/Cientificas\/Documents\/Historia-del-Guardian-de-Pasto.pdf\" target=\"_blank\" rel=\"noreferrer noopener\">est\u00e1 disponible aqu\u00ed<\/a>.<\/p>\n\n\n\n<p>Ilustraci\u00f3n de \u201cHistoria del guardi\u00e1n de Pasto\u201d, un libro pedag\u00f3gico desarrollado por el equipo de Geolog\u00eda de Volcanes del SGC.<\/p>\n\n\n\n<p>\u200b<\/p>\n\n\n\n<p><\/p>\n\n\n\n<p>sgc.gov.co<\/p>\n","protected":false},"excerpt":{"rendered":"<p>La historia del complejo volc\u00e1nico Galeras se cuenta en cinco vidas sucesivas: Cariaco, Coba Negra, Genoy, Urcunina y Galeras, volcanes que, en ese orden y con excepci\u00f3n del \u00faltimo, se originaron, crecieron, erupcionaron, se destruyeron y dejaron las bases para la conformaci\u00f3n de los siguientes. Hoy, el sobreviviente de ese proceso evolutivo que empez\u00f3 hace [&hellip;]<\/p>\n","protected":false},"author":1,"featured_media":176975,"comment_status":"closed","ping_status":"closed","sticky":false,"template":"","format":"standard","meta":{"_acf_changed":false,"_jetpack_memberships_contains_paid_content":false,"footnotes":"","jetpack_publicize_message":"","jetpack_publicize_feature_enabled":true,"jetpack_social_post_already_shared":true,"jetpack_social_options":{"image_generator_settings":{"template":"highway","default_image_id":0,"font":"","enabled":false},"version":2}},"categories":[6],"tags":[],"class_list":["post-176974","post","type-post","status-publish","format-standard","has-post-thumbnail","hentry","category-ecologia"],"acf":[],"jetpack_publicize_connections":[],"jetpack_featured_media_url":"https:\/\/i0.wp.com\/sportseco.com\/wp-content\/uploads\/2024\/12\/Galeras_km_5_Via_Pasto-Popayan.jpg?fit=1752%2C1168&ssl=1","jetpack_sharing_enabled":true,"_links":{"self":[{"href":"https:\/\/sportseco.com\/index.php?rest_route=\/wp\/v2\/posts\/176974","targetHints":{"allow":["GET"]}}],"collection":[{"href":"https:\/\/sportseco.com\/index.php?rest_route=\/wp\/v2\/posts"}],"about":[{"href":"https:\/\/sportseco.com\/index.php?rest_route=\/wp\/v2\/types\/post"}],"author":[{"embeddable":true,"href":"https:\/\/sportseco.com\/index.php?rest_route=\/wp\/v2\/users\/1"}],"replies":[{"embeddable":true,"href":"https:\/\/sportseco.com\/index.php?rest_route=%2Fwp%2Fv2%2Fcomments&post=176974"}],"version-history":[{"count":2,"href":"https:\/\/sportseco.com\/index.php?rest_route=\/wp\/v2\/posts\/176974\/revisions"}],"predecessor-version":[{"id":176978,"href":"https:\/\/sportseco.com\/index.php?rest_route=\/wp\/v2\/posts\/176974\/revisions\/176978"}],"wp:featuredmedia":[{"embeddable":true,"href":"https:\/\/sportseco.com\/index.php?rest_route=\/wp\/v2\/media\/176975"}],"wp:attachment":[{"href":"https:\/\/sportseco.com\/index.php?rest_route=%2Fwp%2Fv2%2Fmedia&parent=176974"}],"wp:term":[{"taxonomy":"category","embeddable":true,"href":"https:\/\/sportseco.com\/index.php?rest_route=%2Fwp%2Fv2%2Fcategories&post=176974"},{"taxonomy":"post_tag","embeddable":true,"href":"https:\/\/sportseco.com\/index.php?rest_route=%2Fwp%2Fv2%2Ftags&post=176974"}],"curies":[{"name":"wp","href":"https:\/\/api.w.org\/{rel}","templated":true}]}}