{"id":177157,"date":"2024-12-12T09:42:16","date_gmt":"2024-12-12T14:42:16","guid":{"rendered":"https:\/\/sportseco.com\/?p=177157"},"modified":"2024-12-12T09:42:20","modified_gmt":"2024-12-12T14:42:20","slug":"la-vuelta-25-partira-de-piemonte","status":"publish","type":"post","link":"https:\/\/sportseco.com\/?p=177157","title":{"rendered":"La Vuelta 25 partir\u00e1 de Piemonte"},"content":{"rendered":"\n<figure class=\"wp-block-image\"><a href=\"https:\/\/img.aso.fr\/core_app\/img-cycling-vue-png\/ve25-salida-oficial-piemonte-16-9\/23859\/0:0,1920:1080-1200-0-70\/56c2f\"><img decoding=\"async\" src=\"https:\/\/img.aso.fr\/core_app\/img-cycling-vue-png\/ve25-salida-oficial-piemonte-16-9\/23859\/0:0,1920:1080-2400-0-70\/57b47\" alt=\"\"\/><\/a><\/figure>\n\n\n\n<p>De&nbsp;<strong>Piemonte<\/strong>, a los pies de las monta\u00f1as y con los Alpes como tel\u00f3n de fondo,&nbsp;<strong>partir\u00e1 La Vuelta 25<\/strong>, una edici\u00f3n especial en la que se celebra el&nbsp;<strong>90 aniversario de la carrera<\/strong>. La regi\u00f3n italiana acoger\u00e1 de forma \u00edntegra las tres primeras etapas desde el 23 de agosto antes de que el pelot\u00f3n ponga rumbo de regreso a Espa\u00f1a. &nbsp;<\/p>\n\n\n\n<p>La noticia se ha hecho oficial  en un acto celebrado en Tur\u00edn con la presencia de\u00a0<strong>Stefano Lo Russo<\/strong>, alcalde de Tur\u00edn;\u00a0<strong>Alberto Cirio<\/strong>, presidente de la Regi\u00f3n de Piemonte;\u00a0<strong>Marina Chiarelli<\/strong>, concejala de turismo, cultura y deporte en la Regi\u00f3n de Piemonte, y\u00a0<strong>Javier Guill\u00e9n<\/strong>, director general de La Vuelta.\u00a0<strong>\u00a0<\/strong><\/p>\n\n\n\n<p>La jornada inaugural de La Vuelta 25 partir\u00e1 de\u00a0<strong>Torino &#8211; Reggia di Venaria<\/strong>, para dirigirse hasta\u00a0<strong>Novara<\/strong>\u00a0en una jornada en l\u00ednea de 183 kil\u00f3metros con paso por el\u00a0<strong>Puerto Bienca-Tomalino<\/strong>. La segunda etapa se iniciar\u00e1 en\u00a0<strong>Alba<\/strong>\u00a0y concluir\u00e1 157 kil\u00f3metros despu\u00e9s en\u00a0<strong>Limone Piemonte<\/strong>, en lo que supondr\u00e1 el primer final en alto de la carrera. La tercera etapa en territorio transalpino se disputar\u00e1 entre\u00a0<strong>San Maurizio Canavese<\/strong>\u00a0y\u00a0<strong>Ceres<\/strong>\u00a0sobre un recorrido de 139 kil\u00f3metros y paso por el\u00a0<strong>Puerto Issiglio.\u00a0<\/strong>La cuarta etapa empezar\u00e1 en<strong>\u00a0Susa.<\/strong>\u00a0<strong>\u00a0<\/strong><\/p>\n\n\n\n<p><\/p>\n\n\n\n<p>lavuelta.es<a href=\"https:\/\/img.aso.fr\/core_app\/img-cycling-vue-png\/ve25-mapa-recorrido-salida-oficial-4-5\/23861\/0:0,1080:1350-1080-0-70\/aa6a3\"><\/a><\/p>\n","protected":false},"excerpt":{"rendered":"<p>De&nbsp;Piemonte, a los pies de las monta\u00f1as y con los Alpes como tel\u00f3n de fondo,&nbsp;partir\u00e1 La Vuelta 25, una edici\u00f3n especial en la que se celebra el&nbsp;90 aniversario de la carrera. La regi\u00f3n italiana acoger\u00e1 de forma \u00edntegra las tres primeras etapas desde el 23 de agosto antes de que el pelot\u00f3n ponga rumbo de [&hellip;]<\/p>\n","protected":false},"author":1,"featured_media":177158,"comment_status":"closed","ping_status":"closed","sticky":false,"template":"","format":"standard","meta":{"_acf_changed":false,"_jetpack_memberships_contains_paid_content":false,"footnotes":"","jetpack_publicize_message":"","jetpack_publicize_feature_enabled":true,"jetpack_social_post_already_shared":true,"jetpack_social_options":{"image_generator_settings":{"template":"highway","default_image_id":0,"font":"","enabled":false},"version":2}},"categories":[14],"tags":[],"class_list":["post-177157","post","type-post","status-publish","format-standard","has-post-thumbnail","hentry","category-ciclismo"],"acf":[],"jetpack_publicize_connections":[],"jetpack_featured_media_url":"https:\/\/i0.wp.com\/sportseco.com\/wp-content\/uploads\/2024\/12\/e3518.png?fit=2160%2C2700&ssl=1","jetpack_sharing_enabled":true,"_links":{"self":[{"href":"https:\/\/sportseco.com\/index.php?rest_route=\/wp\/v2\/posts\/177157","targetHints":{"allow":["GET"]}}],"collection":[{"href":"https:\/\/sportseco.com\/index.php?rest_route=\/wp\/v2\/posts"}],"about":[{"href":"https:\/\/sportseco.com\/index.php?rest_route=\/wp\/v2\/types\/post"}],"author":[{"embeddable":true,"href":"https:\/\/sportseco.com\/index.php?rest_route=\/wp\/v2\/users\/1"}],"replies":[{"embeddable":true,"href":"https:\/\/sportseco.com\/index.php?rest_route=%2Fwp%2Fv2%2Fcomments&post=177157"}],"version-history":[{"count":1,"href":"https:\/\/sportseco.com\/index.php?rest_route=\/wp\/v2\/posts\/177157\/revisions"}],"predecessor-version":[{"id":177159,"href":"https:\/\/sportseco.com\/index.php?rest_route=\/wp\/v2\/posts\/177157\/revisions\/177159"}],"wp:featuredmedia":[{"embeddable":true,"href":"https:\/\/sportseco.com\/index.php?rest_route=\/wp\/v2\/media\/177158"}],"wp:attachment":[{"href":"https:\/\/sportseco.com\/index.php?rest_route=%2Fwp%2Fv2%2Fmedia&parent=177157"}],"wp:term":[{"taxonomy":"category","embeddable":true,"href":"https:\/\/sportseco.com\/index.php?rest_route=%2Fwp%2Fv2%2Fcategories&post=177157"},{"taxonomy":"post_tag","embeddable":true,"href":"https:\/\/sportseco.com\/index.php?rest_route=%2Fwp%2Fv2%2Ftags&post=177157"}],"curies":[{"name":"wp","href":"https:\/\/api.w.org\/{rel}","templated":true}]}}