{"id":177309,"date":"2024-12-15T12:47:04","date_gmt":"2024-12-15T17:47:04","guid":{"rendered":"https:\/\/sportseco.com\/?p=177309"},"modified":"2024-12-15T12:47:08","modified_gmt":"2024-12-15T17:47:08","slug":"primoz-roglic-aspira-a-ganar-el-giro-de-italia-y-el-tour-de-francia-con-el-red-bull-bora-hansgrohe-en-2025","status":"publish","type":"post","link":"https:\/\/sportseco.com\/?p=177309","title":{"rendered":"Primoz Roglic aspira a ganar el Giro de Italia y el Tour de Francia con el Red Bull-Bora-Hansgrohe en 2025"},"content":{"rendered":"\n<p>Primoz Roglic liderar\u00e1 al Red Bull-Bora-Hansgrohe en el Giro de Italia y el Tour de Francia en 2025, seg\u00fan ha confirmado el director deportivo del equipo, Rolf Aldag. En la concentraci\u00f3n del equipo en Mallorca, Aldag anunci\u00f3 que el esloveno correr\u00e1 el Giro por primera vez desde que lo gan\u00f3 en 2023, y que volver\u00e1 a apuntar al Tour de Francia, lo que hace poco probable la defensa de su t\u00edtulo de la Vuelta a Espa\u00f1a.<\/p>\n\n\n\n<p>Primoz Roglic, cinco veces ganador de Grandes Vueltas, aspirar\u00e1 a ganar el Giro de Italia y el Tour de Francia, el \u00fanico t\u00edtulo importante que se le ha escapado, en 2025.<br \/>El l\u00edder del Red Bull-Bora-Hansgrohe correr\u00e1 el Giro por primera vez desde su victoria general en 2023, cuando super\u00f3 a Geraint Thomas en la pen\u00faltima etapa. Y volver\u00e1 a apuntar al Tour de Francia, una carrera en la que tiene asuntos pendientes tras sufrir una ca\u00edda el a\u00f1o pasado y perder ante su compatriota Tadej Pogacar en 2020.<br \/>Vingegaard tiene \u00abmucha fe\u00bb en que puede mejorar para la batalla de Pogacar en el Tour de FranciaVingegaard tiene \u00abmucha fe\u00bb en que puede mejorar para la batalla de Pogacar en el Tour de Francia<\/p>\n\n\n\n<p>El director deportivo del Red Bull-Bora-Hansgrohe, Rolf Aldag, comparti\u00f3 la noticia en una conferencia de prensa en el campo de entrenamiento del equipo en Mallorca, diciendo: \u00abPara empezar con el Giro, afortunadamente, nos alineamos con la idea de que Primoz apunte al Giro de Italia en combinaci\u00f3n con el Tour de Francia\u00bb.<br \/>Aldag tambi\u00e9n anunci\u00f3 que el esloveno contar\u00e1 con el apoyo de Dani Mart\u00ednez en ambas carreras, que termin\u00f3 segundo detr\u00e1s de Pogacar en el Giro de este a\u00f1o.<\/p>\n\n\n\n<p>\u00abDe cara al Tour de Francia, Primo\u017e tambi\u00e9n ser\u00e1 nuestro l\u00edder all\u00ed\u00bb, continu\u00f3 Aldag. \u00abDani Mart\u00ednez tambi\u00e9n tiene previsto hacer el doblete y luego se unir\u00e1n m\u00e1s corredores. Sabemos lo importantes que son las subidas; el Tour se decide all\u00ed, as\u00ed que Aleksandr Vlasov tambi\u00e9n estar\u00e1 all\u00ed\u00bb.<br \/>\u00abDecidimos elegir el Giro con bastante facilidad porque, de alguna manera, pens\u00e9 que ser\u00eda genial volver a estar cerca de Eslovenia\u00bb, dijo Roglic.<br \/>En cuanto al Tour, a\u00f1adi\u00f3: \u00abSer\u00eda una pena no estar all\u00ed, as\u00ed que vi\u00e9ndolo desde ese punto de vista, fue f\u00e1cil\u00bb.<br \/>El director ejecutivo de Soudal Quick-Step, Patrick Lefevere, dejar\u00e1 el cargo a finales de a\u00f1o y el director de operaciones, Jurgen Fore, asumir\u00e1 el cargo<br \/>Tadej Pogacar: la estrella del Team UAE gana el Velo d&#8217;Or masculino 2024, Lotte Kopecky, del Team SD Worx-Protime, se lleva el premio femenino<\/p>\n\n\n\n<p>El anuncio de que el ciclista de 35 a\u00f1os apuntar\u00e1 a las dos primeras Grandes Vueltas del a\u00f1o significa que la posibilidad de lograr un quinto t\u00edtulo r\u00e9cord en la Vuelta a Espa\u00f1a es lejana. Roglic logr\u00f3 su cuarta victoria en la carrera este a\u00f1o, que se suma a sus victorias consecutivas en 2019, 2020 y 2021. En cambio, el equipo alem\u00e1n tiene al ex campe\u00f3n del Giro Jai Hindley y a Vlasov alineados para codirigir su campa\u00f1a en la Vuelta.<\/p>\n\n\n\n<p><\/p>\n\n\n\n<p>eurosport.com<\/p>\n","protected":false},"excerpt":{"rendered":"<p>Primoz Roglic liderar\u00e1 al Red Bull-Bora-Hansgrohe en el Giro de Italia y el Tour de Francia en 2025, seg\u00fan ha confirmado el director deportivo del equipo, Rolf Aldag. En la concentraci\u00f3n del equipo en Mallorca, Aldag anunci\u00f3 que el esloveno correr\u00e1 el Giro por primera vez desde que lo gan\u00f3 en 2023, y que volver\u00e1 [&hellip;]<\/p>\n","protected":false},"author":1,"featured_media":177310,"comment_status":"closed","ping_status":"closed","sticky":false,"template":"","format":"standard","meta":{"_acf_changed":false,"_jetpack_memberships_contains_paid_content":false,"footnotes":"","jetpack_publicize_message":"","jetpack_publicize_feature_enabled":true,"jetpack_social_post_already_shared":true,"jetpack_social_options":{"image_generator_settings":{"template":"highway","default_image_id":0,"font":"","enabled":false},"version":2}},"categories":[14],"tags":[],"class_list":["post-177309","post","type-post","status-publish","format-standard","has-post-thumbnail","hentry","category-ciclismo"],"acf":[],"jetpack_publicize_connections":[],"jetpack_featured_media_url":"https:\/\/i0.wp.com\/sportseco.com\/wp-content\/uploads\/2024\/12\/primozroglic-2-66fbdc3bea5eb-scaled.jpg?fit=2560%2C1614&ssl=1","jetpack_sharing_enabled":true,"_links":{"self":[{"href":"https:\/\/sportseco.com\/index.php?rest_route=\/wp\/v2\/posts\/177309","targetHints":{"allow":["GET"]}}],"collection":[{"href":"https:\/\/sportseco.com\/index.php?rest_route=\/wp\/v2\/posts"}],"about":[{"href":"https:\/\/sportseco.com\/index.php?rest_route=\/wp\/v2\/types\/post"}],"author":[{"embeddable":true,"href":"https:\/\/sportseco.com\/index.php?rest_route=\/wp\/v2\/users\/1"}],"replies":[{"embeddable":true,"href":"https:\/\/sportseco.com\/index.php?rest_route=%2Fwp%2Fv2%2Fcomments&post=177309"}],"version-history":[{"count":1,"href":"https:\/\/sportseco.com\/index.php?rest_route=\/wp\/v2\/posts\/177309\/revisions"}],"predecessor-version":[{"id":177311,"href":"https:\/\/sportseco.com\/index.php?rest_route=\/wp\/v2\/posts\/177309\/revisions\/177311"}],"wp:featuredmedia":[{"embeddable":true,"href":"https:\/\/sportseco.com\/index.php?rest_route=\/wp\/v2\/media\/177310"}],"wp:attachment":[{"href":"https:\/\/sportseco.com\/index.php?rest_route=%2Fwp%2Fv2%2Fmedia&parent=177309"}],"wp:term":[{"taxonomy":"category","embeddable":true,"href":"https:\/\/sportseco.com\/index.php?rest_route=%2Fwp%2Fv2%2Fcategories&post=177309"},{"taxonomy":"post_tag","embeddable":true,"href":"https:\/\/sportseco.com\/index.php?rest_route=%2Fwp%2Fv2%2Ftags&post=177309"}],"curies":[{"name":"wp","href":"https:\/\/api.w.org\/{rel}","templated":true}]}}