{"id":177404,"date":"2024-12-17T09:45:44","date_gmt":"2024-12-17T14:45:44","guid":{"rendered":"https:\/\/sportseco.com\/?p=177404"},"modified":"2024-12-17T09:46:41","modified_gmt":"2024-12-17T14:46:41","slug":"eison-lopez-angel-barajas-y-tatiana-renteria-deportistas-del-ano-para-acord-colombia","status":"publish","type":"post","link":"https:\/\/sportseco.com\/?p=177404","title":{"rendered":"Jeison L\u00f3pez, \u00c1ngel Barajas y Tatiana Renter\u00eda, deportistas del a\u00f1o para Acord Colombia"},"content":{"rendered":"\n<p>Para esta nueva Elecci\u00f3n del Deportista del A\u00f1o Acord Colombia Oro Puro, durante la noche de este jueves 12 de diciembre,&nbsp;<strong>Acord<\/strong>&nbsp;determin\u00f3 entregar el premio&nbsp;<strong>Deportista del A\u00f1o<\/strong>, de manera compartida, a los medallistas ol\u00edmpicos<strong>&nbsp;Jeison L\u00f3pez<\/strong>,&nbsp;<strong>\u00c1ngel Barajas<\/strong>&nbsp;y&nbsp;<strong>Tatiana Renter\u00eda<\/strong>, gracias a las votaciones de los m\u00e1s de mil periodistas afiliados y los resultados deportivos.<br \/><br \/>La disciplina deportiva colombiana que suma presea ol\u00edmpica desde&nbsp;<strong>S\u00eddney 2000<\/strong>&nbsp;estuvo presente durante la ceremonia.<strong>&nbsp;Jeison L\u00f3pez<\/strong>&nbsp;destac\u00f3 en&nbsp;<strong>Par\u00eds 2024<\/strong>&nbsp;gracias a los&nbsp;<strong>180<\/strong>&nbsp;kilogramos de arranque, los<strong>&nbsp;210<\/strong>&nbsp;en envi\u00f3n y el total de&nbsp;<strong>390&nbsp;<\/strong>que lo posicionaron en el subcampeonato ol\u00edmpico. Adem\u00e1s, a principio del a\u00f1o, el chocuano tambi\u00e9n brill\u00f3 en el certamen mundial con el r\u00e9cord mundial en arranque (182 kg.).<\/p>\n\n\n\n<figure class=\"wp-block-image\"><img data-recalc-dims=\"1\" height=\"360\" width=\"640\" decoding=\"async\" src=\"https:\/\/i0.wp.com\/olimpicocol.co\/web\/wp-content\/uploads\/2024\/06\/Yeison-Lopez-en-el-podio-de-Paris-2024-1248x702.jpg?resize=640%2C360&#038;ssl=1\" alt=\"\" class=\"wp-image-30431\"\/><figcaption class=\"wp-element-caption\">Jeison L\u00f3pez con su medalla de plata en Par\u00eds 2024.<\/figcaption><\/figure>\n\n\n\n<p>Un&nbsp;<strong>\u00c1ngel&nbsp;<\/strong>vol\u00f3 en el cielo de Par\u00eds, marcando un antes y un despu\u00e9s para la delegaci\u00f3n colombiana. A sus 17 a\u00f1os, en aquel 5 de agosto,&nbsp;<strong>\u00c1ngel Barajas<\/strong>&nbsp;consigui\u00f3 el subcampeonato en la barra fija con una calificaci\u00f3n de&nbsp;<strong>14.533<\/strong>, producto de una dificultad de&nbsp;<strong>6.600<\/strong>&nbsp;y una ejecuci\u00f3n de&nbsp;<strong>7.933<\/strong>. Su presentaci\u00f3n represent\u00f3 la primera medalla colombiana en&nbsp;<strong>Par\u00eds 2024<\/strong>&nbsp;y la primera en la historia de la gimnasia art\u00edstica colombiana.<\/p>\n\n\n\n<figure class=\"wp-block-image\"><img data-recalc-dims=\"1\" height=\"360\" width=\"640\" decoding=\"async\" src=\"https:\/\/i0.wp.com\/olimpicocol.co\/web\/wp-content\/uploads\/2024\/08\/Podio-Angel-Barajas-Paris-2024-1248x702.jpg?resize=640%2C360&#038;ssl=1\" alt=\"\" class=\"wp-image-30085\"\/><figcaption class=\"wp-element-caption\">\u00c1ngel Barajas en el podio de los pasados Juegos Ol\u00edmpicos de Par\u00eds 2024.<\/figcaption><\/figure>\n\n\n\n<p>El podio de la rama masculina lo complet\u00f3<strong>&nbsp;David Alonso<\/strong>&nbsp;(motociclismo deportivo) gracias a su triunfo en el campeonato del&nbsp;<strong>Moto3<\/strong>, pues se convirti\u00f3 en el primer colombiano en proclamarse campe\u00f3n de cualquier categor\u00eda del&nbsp;<strong>Moto GP,<\/strong>&nbsp;junto con un r\u00e9cord de victorias (14) en una misma temporada. El tercer lugar en el podio fue para el nadador art\u00edstico&nbsp;<strong>Gustavo S\u00e1nchez<\/strong>, quien destac\u00f3 con el oro, en la prueba solo t\u00e9cnico, en la&nbsp;<strong>Copa Mundo de Nataci\u00f3n Art\u00edstica<\/strong>.<\/p>\n\n\n\n<figure class=\"wp-block-image\"><img data-recalc-dims=\"1\" height=\"360\" width=\"640\" decoding=\"async\" src=\"https:\/\/i0.wp.com\/olimpicocol.co\/web\/wp-content\/uploads\/2024\/10\/David-Alonso-gran-premio-de-japon-2024.-Campeon-del-Moto3-1248x702.jpeg?resize=640%2C360&#038;ssl=1\" alt=\"\" class=\"wp-image-32267\"\/><figcaption class=\"wp-element-caption\">David Alonso, campe\u00f3n del Moto3 en el Gran Premio de Jap\u00f3n.<\/figcaption><\/figure>\n\n\n\n<figure class=\"wp-block-image\"><img data-recalc-dims=\"1\" decoding=\"async\" src=\"https:\/\/i0.wp.com\/olimpicocol.co\/web\/wp-content\/uploads\/2024\/12\/Gustavo-Sanchez-Copa-Mundo-de-Natacion-Artistica-de-Paris-2024.jpeg?w=640&#038;ssl=1\" alt=\"\" class=\"wp-image-34120\"\/><figcaption class=\"wp-element-caption\">Gustavo S\u00e1nchez, primer lugar en la prueba solo t\u00e9cnico de la Copa Mundo de Nataci\u00f3n Art\u00edstica de Par\u00eds con un total de 209.8133 puntos.<\/figcaption><\/figure>\n\n\n\n<p>Por su parte, el premio en la rama femenina, fue para<strong>&nbsp;Tatiana Renter\u00eda<\/strong>, quien cosech\u00f3 la tercera medalla ol\u00edmpica en la historia de la lucha colombiana durante su participaci\u00f3n en&nbsp;<strong>Par\u00eds 2024<\/strong>. Adem\u00e1s, este a\u00f1o, nuestra representante tambi\u00e9n obtuvo otros reconocimientos deportivos como el oro en el Ranking Series Mundial en Budapest, Hungr\u00eda.<\/p>\n\n\n\n<figure class=\"wp-block-image\"><img data-recalc-dims=\"1\" height=\"360\" width=\"640\" decoding=\"async\" src=\"https:\/\/i0.wp.com\/olimpicocol.co\/web\/wp-content\/uploads\/2024\/08\/Tatiana-Renteria-medalla-de-bronce-en-Paris-2024-1248x702.jpg?resize=640%2C360&#038;ssl=1\" alt=\"\" class=\"wp-image-30602\"\/><figcaption class=\"wp-element-caption\">Tatiana Renter\u00eda en el podio de los 76 kilogramos de la lucha libre en Par\u00eds 2024.<\/figcaption><\/figure>\n\n\n\n<p>El segundo lugar en la rama femenina fue para la nueve veces campeona mundial de arco compuesto&nbsp;<strong>Sara L\u00f3pez<\/strong>&nbsp;y el tercer puesto fue para la m\u00faltiple ganadora en los pasados World Skate Games de Italia, en la disciplina de patinaje de velocidad,&nbsp;<strong>Mar\u00eda Fernanda Timms<\/strong>.<\/p>\n\n\n\n<figure class=\"wp-block-image\"><img data-recalc-dims=\"1\" decoding=\"async\" src=\"https:\/\/i0.wp.com\/olimpicocol.co\/web\/wp-content\/uploads\/2024\/12\/SAra-Lopez-Copa-mundo-2024.jpg?w=640&#038;ssl=1\" alt=\"\" class=\"wp-image-34121\"\/><figcaption class=\"wp-element-caption\">Sara L\u00f3pez, nueve veces campeona mundial de arco compuesto.<\/figcaption><\/figure>\n\n\n\n<figure class=\"wp-block-image\"><img data-recalc-dims=\"1\" decoding=\"async\" src=\"https:\/\/i0.wp.com\/olimpicocol.co\/web\/wp-content\/uploads\/2024\/09\/Patinaje-Italia-1.jpg?w=640&#038;ssl=1\" alt=\"\" class=\"wp-image-31998\"\/><figcaption class=\"wp-element-caption\">Kollin Castro, Luz Karime Garz\u00f3n, Gabriela Isabel Rueda y Mar\u00eda Fernanda Timms, equipo colombiano campe\u00f3n en la prueba de los 3000 m. Relevos en los pasados World Skate Games.<\/figcaption><\/figure>\n\n\n\n<p>La pistera<strong>&nbsp;Stefany Cuadrado<\/strong>&nbsp;fue la ganadora del premio a la Revelaci\u00f3n, gracias a sus tres t\u00edtulos mundiales juveniles obtenidos este a\u00f1o, seguida por la pesista ganadora del t\u00edtulo mundial juvenil, en los 64 kilogramos,&nbsp;<strong>Ingrid Segura<\/strong>&nbsp;y&nbsp;<strong>Brenda Olaya<\/strong>&nbsp;cerr\u00f3 el podio gracias a su presea de oro, en los -78 kg., durante el pasado mundial juvenil de judo.<\/p>\n\n\n\n<figure class=\"wp-block-image\"><img data-recalc-dims=\"1\" decoding=\"async\" src=\"https:\/\/i0.wp.com\/olimpicocol.co\/web\/wp-content\/uploads\/2024\/08\/Stefany-Cuadrado-ganadora-keirin-Campeonato-Mundial-Juvenil-de-Pista-2024.jpg?w=640&#038;ssl=1\" alt=\"\" class=\"wp-image-31001\"\/><figcaption class=\"wp-element-caption\">Stefany Cuadrado en el primer lugar del keirin en Campeonato Mundial Juvenil de Pista 2024.<\/figcaption><\/figure>\n\n\n\n<figure class=\"wp-block-image\"><img data-recalc-dims=\"1\" decoding=\"async\" src=\"https:\/\/i0.wp.com\/olimpicocol.co\/web\/wp-content\/uploads\/2024\/10\/Ingrid-Segura-Campeona-absoluta-mundial-sub-20-2024-levantamiento-de-pesas-Foto-3.jpg?w=640&#038;ssl=1\" alt=\"\" class=\"wp-image-32406\"\/><figcaption class=\"wp-element-caption\">Ingrid Segura, campeona absoluta mundial sub20 de los 64 kilogramos.<\/figcaption><\/figure>\n\n\n\n<figure class=\"wp-block-image\"><img data-recalc-dims=\"1\" height=\"360\" width=\"640\" decoding=\"async\" src=\"https:\/\/i0.wp.com\/olimpicocol.co\/web\/wp-content\/uploads\/2024\/10\/Brenda-Olaya-vs.-Mathilda-Niemeyer-final-campeonato-mundial-junior-de-judo-2024-1248x702.jpg?resize=640%2C360&#038;ssl=1\" alt=\"\" class=\"wp-image-32258\"\/><figcaption class=\"wp-element-caption\">Brenda Olaya vs. Mathilda Niemeyer en la final Campeonato Mundial Junior de Judo 2024. Foto cortes\u00eda Federaci\u00f3n Internacional de Judo.<\/figcaption><\/figure>\n\n\n\n<p>A continuaci\u00f3n, los ganadores de las diferentes categor\u00edas:<br \/><br \/><strong>Deportista del A\u00f1o Masculino<\/strong><br \/>1 Jeison L\u00f3pez, Halterofilia; \u00c1ngel Gabriel Barajas, Gimnasia<br \/>2 David Alonso \u2013 Motociclismo<br \/>3 Gustavo S\u00e1nchez \u2013 Nataci\u00f3n art\u00edstica<\/p>\n\n\n\n<p><strong>Deportista del A\u00f1o Femenino<\/strong><br \/>1 Tatiana Renter\u00eda \u2013 Lucha<br \/>2 Sara L\u00f3pez \u2013 Tiro con arco<br \/>3 Mar\u00eda Fernanda Timms \u2013 Patinaje<br \/><br \/><strong>Deportista Revelaci\u00f3n<\/strong><br \/>1 Stefany Cuadrado \u2013 Ciclismo<br \/>2 Ingrid Segura \u2013 Levantamiento de pesas<br \/>3 Brenda Olaya \u2013 judo<br \/><br \/><strong>Mejor Equipo<\/strong><br \/>Selecciones Colombia de F\u00fatbol de Sal\u00f3n Sub 17 y Sub 20<br \/><br \/><strong>Actuaci\u00f3n Colectiva<\/strong><br \/>I Juegos Bolivarianos de la Juventud Sucre 2024<br \/><br \/><strong>Trofeo el Futuro Es Hoy<\/strong><br \/>Emiliana Osorio \u2013 Jiu Jitsu<br \/><br \/><strong>Mejor Entrenador<\/strong><br \/>Jairo Ruiz \u2013 Gimnasia<br \/><br \/><strong>Mejor Evento<\/strong><br \/>Panamericanos de Polo Acu\u00e1tico y de Patinaje Ibagu\u00e9<br \/><br \/><strong>Mejor Dirigente<\/strong><br \/>Weymar Mu\u00f1oz Mu\u00f1oz \u2013 Ajedrez<br \/><strong><br \/>Premio a La Consagraci\u00f3n<\/strong><br \/>Mario Izquierdo \u2013 Entrenador Lucha<br \/><br \/><strong>Premio al Esp\u00edritu Deportivo<\/strong><br \/>Queen Saray Villegas \u2013 Bmx Freestyle<br \/><strong><br \/>Premio a la Constancia y Dedicaci\u00f3n<\/strong><br \/>Ana Cecilia Maquil\u00f3n \u2013 Exatleta y Entrenadora<br \/><br \/><strong>Premio Responsabilidad Social<\/strong><br \/>Escuela Nacional del Deporte<br \/><br \/><strong>Premio Excelencia Deportiva<\/strong><br \/>Miguel \u00c1ngel Ram\u00edrez Villa \u2013 M\u00e9dico<br \/><strong><br \/>Premio Mejor Proyecci\u00f3n Deportiva<\/strong><br \/>Alejandro Caro, entrenador BMX freestyle<br \/><br \/><strong>Premio Liderazgo Deportivo<\/strong><br \/>Julio C\u00e9sar \u00c1vila \u2013 CPC<br \/><br \/><strong>Trofeos Juventud Dorada<\/strong><br \/>Paola Andrea Loboa Lastre \u2013 Atletismo<br \/>Joseph Paz Guti\u00e9rrez \u2013 Nataci\u00f3n<br \/><br \/><strong>Escudo Dorado Acord<\/strong><br \/>Dilian Francisca Toro \u2013 Gobernadora Valle del Cauca<br \/><strong><br \/>Vida y Obra de Un Deportista<\/strong><br \/>Guillermo Moreno Rumi\u00e9 \u2013 Baloncesto<br \/><br \/><strong>Vida y Obra de Un Periodista<\/strong><br \/>\u00c1lvaro Ariza, Luis Fidel Moreno, Mario Alfonso Escobar, Rafael Araujo G\u00e1mez, Marino Mill\u00e1n y Jairo Chaves \u00c1vila<\/p>\n\n\n\n<ul class=\"wp-block-list\">\n<li>Etiquetas<a href=\"https:\/\/olimpicocol.co\/web\/tag\/2024\/\">2024<\/a>,\u00a0<a href=\"https:\/\/olimpicocol.co\/web\/tag\/colombia\/\">colombia<\/a>,\u00a0<a href=\"https:\/\/olimpicocol.co\/web\/tag\/comite-olimpico-colombiano\/\">Comit\u00e9 Ol\u00edmpico Colombiano<\/a><\/li>\n<\/ul>\n","protected":false},"excerpt":{"rendered":"<p>Para esta nueva Elecci\u00f3n del Deportista del A\u00f1o Acord Colombia Oro Puro, durante la noche de este jueves 12 de diciembre,&nbsp;Acord&nbsp;determin\u00f3 entregar el premio&nbsp;Deportista del A\u00f1o, de manera compartida, a los medallistas ol\u00edmpicos&nbsp;Jeison L\u00f3pez,&nbsp;\u00c1ngel Barajas&nbsp;y&nbsp;Tatiana Renter\u00eda, gracias a las votaciones de los m\u00e1s de mil periodistas afiliados y los resultados deportivos. La disciplina deportiva colombiana [&hellip;]<\/p>\n","protected":false},"author":1,"featured_media":177405,"comment_status":"closed","ping_status":"closed","sticky":false,"template":"","format":"standard","meta":{"_acf_changed":false,"_jetpack_memberships_contains_paid_content":false,"footnotes":"","jetpack_publicize_message":"","jetpack_publicize_feature_enabled":true,"jetpack_social_post_already_shared":true,"jetpack_social_options":{"image_generator_settings":{"template":"highway","default_image_id":0,"font":"","enabled":false},"version":2}},"categories":[38],"tags":[],"class_list":["post-177404","post","type-post","status-publish","format-standard","has-post-thumbnail","hentry","category-olimpicos"],"acf":[],"jetpack_publicize_connections":[],"jetpack_featured_media_url":"https:\/\/i0.wp.com\/sportseco.com\/wp-content\/uploads\/2024\/12\/Angel-Barajas-Jeison-Lopez-y-Gustavo-Sanchez-premios-Acord-Colombia-2024.jpg?fit=1280%2C720&ssl=1","jetpack_sharing_enabled":true,"_links":{"self":[{"href":"https:\/\/sportseco.com\/index.php?rest_route=\/wp\/v2\/posts\/177404","targetHints":{"allow":["GET"]}}],"collection":[{"href":"https:\/\/sportseco.com\/index.php?rest_route=\/wp\/v2\/posts"}],"about":[{"href":"https:\/\/sportseco.com\/index.php?rest_route=\/wp\/v2\/types\/post"}],"author":[{"embeddable":true,"href":"https:\/\/sportseco.com\/index.php?rest_route=\/wp\/v2\/users\/1"}],"replies":[{"embeddable":true,"href":"https:\/\/sportseco.com\/index.php?rest_route=%2Fwp%2Fv2%2Fcomments&post=177404"}],"version-history":[{"count":2,"href":"https:\/\/sportseco.com\/index.php?rest_route=\/wp\/v2\/posts\/177404\/revisions"}],"predecessor-version":[{"id":177408,"href":"https:\/\/sportseco.com\/index.php?rest_route=\/wp\/v2\/posts\/177404\/revisions\/177408"}],"wp:featuredmedia":[{"embeddable":true,"href":"https:\/\/sportseco.com\/index.php?rest_route=\/wp\/v2\/media\/177405"}],"wp:attachment":[{"href":"https:\/\/sportseco.com\/index.php?rest_route=%2Fwp%2Fv2%2Fmedia&parent=177404"}],"wp:term":[{"taxonomy":"category","embeddable":true,"href":"https:\/\/sportseco.com\/index.php?rest_route=%2Fwp%2Fv2%2Fcategories&post=177404"},{"taxonomy":"post_tag","embeddable":true,"href":"https:\/\/sportseco.com\/index.php?rest_route=%2Fwp%2Fv2%2Ftags&post=177404"}],"curies":[{"name":"wp","href":"https:\/\/api.w.org\/{rel}","templated":true}]}}